{"id":7786,"date":"2026-04-16T17:20:04","date_gmt":"2026-04-16T14:20:04","guid":{"rendered":"https:\/\/droptimes.com.br\/site\/?p=7786"},"modified":"2026-04-16T17:20:05","modified_gmt":"2026-04-16T14:20:05","slug":"dna-expande-sua-rota-e-anuncia-belo-horizonte-como-nova-praca-alem-do-retorno-a-sao-paulo-e-camboriu-em-2026","status":"publish","type":"post","link":"https:\/\/droptimes.com.br\/site\/dna-expande-sua-rota-e-anuncia-belo-horizonte-como-nova-praca-alem-do-retorno-a-sao-paulo-e-camboriu-em-2026\/","title":{"rendered":"DNA EXPANDE SUA ROTA E ANUNCIA BELO HORIZONTE COMO NOVA PRA\u00c7A, AL\u00c9M DO RETORNO A S\u00c3O PAULO E CAMBORI\u00da EM 2026"},"content":{"rendered":"\n<p>Ap\u00f3s temporadas que redefiniram o conceito de evento dentro da cena eletr\u00f4nica brasileira, o DNA entra em 2026 com um movimento claro de expans\u00e3o e consolida\u00e7\u00e3o: pela primeira vez, o projeto desembarca em Belo Horizonte, no dia 19 de setembro, antes de retornar a duas de suas pra\u00e7as mais emblem\u00e1ticas \u2014 S\u00e3o Paulo, em 5 de dezembro, e Cambori\u00fa, em 30 de dezembro.<\/p>\n\n\n\n<p>Mais do que uma tour, o DNA se estabelece como uma experi\u00eancia autoral que traduz, em forma de evento, a identidade art\u00edstica de Vintage Culture. Um projeto que rompe com a l\u00f3gica tradicional de festas e festivais para criar um ambiente onde m\u00fasica, est\u00e9tica, narrativa e comunidade operam em sintonia.<\/p>\n\n\n\n<p>A chegada a Belo Horizonte representa mais do que uma nova cidade no mapa: \u00e9 a expans\u00e3o de um conceito que encontra na capital mineira um p\u00fablico alinhado com experi\u00eancias mais profundas, imersivas e intencionais. Um territ\u00f3rio que historicamente responde \u00e0 m\u00fasica eletr\u00f4nica com intensidade \u2014 e que agora recebe o DNA pela primeira vez.<\/p>\n\n\n\n<p>No centro de tudo est\u00e1 o ART CAR: uma estrutura m\u00f3vel e conceitual que funciona como palco, instala\u00e7\u00e3o e s\u00edmbolo. Inspirado no universo do Burning Man e na cultura de arte itinerante, o ART CAR transforma o espa\u00e7o f\u00edsico em uma extens\u00e3o da proposta criativa do projeto. N\u00e3o se trata apenas de onde o artista toca, mas de como a experi\u00eancia \u00e9 constru\u00edda ao redor disso. Al\u00e9m dele, temos ainda outros palcos que retornam esse ano para todas as edi\u00e7\u00f5es, o FCKR 100 e o FAVELA. A comunidade de ART CARS faz do evento algo \u00fanico.<\/p>\n\n\n\n<p>Com base em conceitos de ruptura de padr\u00f5es \u2014 onde a for\u00e7a do ser humano \u00e9 representada pela distopia, os recursos essenciais para a vida s\u00e3o providos pela natureza e nossa forma de express\u00e3o ao mundo \u00e9 guiada pela arte \u2014 o DNA prop\u00f5e um manifesto claro com 8 pilares, que sustentam toda a experi\u00eancia:<\/p>\n\n\n\n<ul class=\"wp-block-list\">\n<li>Uma jornada itinerante onde todos realmente se importam.<\/li>\n\n\n\n<li>Um local sem julgamentos, onde cada pessoa \u00e9 livre para ser.<\/li>\n\n\n\n<li>Um evento sustent\u00e1vel, com responsabilidade coletiva e respeito \u00e0 natureza.<\/li>\n\n\n\n<li>Promo\u00e7\u00e3o da conex\u00e3o real entre pessoas por meio da m\u00fasica eletr\u00f4nica e da livre express\u00e3o.<\/li>\n\n\n\n<li>Cuidado e empatia com o outro como uma extens\u00e3o de si.<\/li>\n\n\n\n<li>O corpo, a m\u00fasica, os sentimentos e as rela\u00e7\u00f5es como forma de arte.<\/li>\n\n\n\n<li>Viver intensamente o presente, colecionar mem\u00f3rias e tornar significativos todos os momentos.<\/li>\n\n\n\n<li>Dividir, respeitar, compartilhar e ser feliz.<\/li>\n<\/ul>\n\n\n\n<p>Al\u00e9m dos ART CARS, o evento incorpora um espa\u00e7o sensorial dedicado ao bem-estar e \u00e0 conex\u00e3o profunda. Elementos naturais e experi\u00eancias imersivas comp\u00f5em uma atmosfera transformadora promovida pela Aldeia Zen Camp, integrante do tradicional camp Feed the Artists, um dos mais antigos do Burning Man. Esse ambiente amplia a proposta do evento, trazendo uma dimens\u00e3o que vai al\u00e9m da pista e refor\u00e7ando o car\u00e1ter de jornada.<\/p>\n\n\n\n<p>A sustentabilidade tamb\u00e9m se materializa em a\u00e7\u00f5es pr\u00e1ticas. O projeto refor\u00e7a a import\u00e2ncia do cuidado coletivo com o ambiente, incentivando o descarte correto de res\u00edduos e a preserva\u00e7\u00e3o da natureza. O copo oficial do DNA, por exemplo, \u00e9 produzido com fibra de arroz de origem natural \u2014 um material biodegrad\u00e1vel que reduz o impacto ambiental da opera\u00e7\u00e3o.<\/p>\n\n\n\n<figure class=\"wp-block-image size-large\"><img fetchpriority=\"high\" decoding=\"async\" width=\"768\" height=\"1024\" src=\"https:\/\/droptimes.com.br\/site\/wp-content\/uploads\/2026\/04\/image-111-768x1024.png\" alt=\"\" class=\"wp-image-7788\" srcset=\"https:\/\/droptimes.com.br\/site\/wp-content\/uploads\/2026\/04\/image-111-768x1024.png 768w, https:\/\/droptimes.com.br\/site\/wp-content\/uploads\/2026\/04\/image-111-225x300.png 225w, https:\/\/droptimes.com.br\/site\/wp-content\/uploads\/2026\/04\/image-111.png 1080w\" sizes=\"(max-width: 768px) 100vw, 768px\" \/><\/figure>\n\n\n\n<p>O retorno a S\u00e3o Paulo refor\u00e7a o papel da cidade como um dos principais centros do entretenimento na Am\u00e9rica Latina \u2014 uma pra\u00e7a onde o DNA j\u00e1 encontrou forte resson\u00e2ncia e p\u00fablico consolidado. J\u00e1 Cambori\u00fa, com sua energia caracter\u00edstica e posi\u00e7\u00e3o estrat\u00e9gica no calend\u00e1rio de fim de ano, encerra o ciclo de 2026 conectando m\u00fasica, celebra\u00e7\u00e3o e destino.<\/p>\n\n\n\n<p>Ao incluir Belo Horizonte neste circuito, o DNA n\u00e3o apenas amplia sua presen\u00e7a geogr\u00e1fica, mas aprofunda seu posicionamento como uma das experi\u00eancias mais consistentes da m\u00fasica eletr\u00f4nica contempor\u00e2nea no Brasil \u2014 onde o evento deixa de ser apenas entretenimento e passa a ser viv\u00eancia, manifesto e conex\u00e3o real.<\/p>\n","protected":false},"excerpt":{"rendered":"<p>Ap\u00f3s temporadas que redefiniram o conceito de evento dentro da cena eletr\u00f4nica brasileira, o DNA entra em 2026 com um movimento claro de expans\u00e3o e consolida\u00e7\u00e3o: pela primeira vez, o projeto desembarca em Belo Horizonte, no dia 19 de setembro, antes de retornar a duas de suas pra\u00e7as mais emblem\u00e1ticas \u2014 S\u00e3o Paulo, em 5 [&hellip;]<\/p>\n","protected":false},"author":3,"featured_media":7789,"comment_status":"closed","ping_status":"closed","sticky":false,"template":"","format":"standard","meta":{"pagelayer_contact_templates":[],"_pagelayer_content":"","footnotes":""},"categories":[20,157],"tags":[318,1730,174,1729,279,431],"class_list":["post-7786","post","type-post","status-publish","format-standard","has-post-thumbnail","hentry","category-lifestyle","category-news","tag-belo-horizonte","tag-comboriu","tag-dj","tag-dna","tag-musica-eletronica-3","tag-sao-paulo"],"_links":{"self":[{"href":"https:\/\/droptimes.com.br\/site\/wp-json\/wp\/v2\/posts\/7786","targetHints":{"allow":["GET"]}}],"collection":[{"href":"https:\/\/droptimes.com.br\/site\/wp-json\/wp\/v2\/posts"}],"about":[{"href":"https:\/\/droptimes.com.br\/site\/wp-json\/wp\/v2\/types\/post"}],"author":[{"embeddable":true,"href":"https:\/\/droptimes.com.br\/site\/wp-json\/wp\/v2\/users\/3"}],"replies":[{"embeddable":true,"href":"https:\/\/droptimes.com.br\/site\/wp-json\/wp\/v2\/comments?post=7786"}],"version-history":[{"count":1,"href":"https:\/\/droptimes.com.br\/site\/wp-json\/wp\/v2\/posts\/7786\/revisions"}],"predecessor-version":[{"id":7791,"href":"https:\/\/droptimes.com.br\/site\/wp-json\/wp\/v2\/posts\/7786\/revisions\/7791"}],"wp:featuredmedia":[{"embeddable":true,"href":"https:\/\/droptimes.com.br\/site\/wp-json\/wp\/v2\/media\/7789"}],"wp:attachment":[{"href":"https:\/\/droptimes.com.br\/site\/wp-json\/wp\/v2\/media?parent=7786"}],"wp:term":[{"taxonomy":"category","embeddable":true,"href":"https:\/\/droptimes.com.br\/site\/wp-json\/wp\/v2\/categories?post=7786"},{"taxonomy":"post_tag","embeddable":true,"href":"https:\/\/droptimes.com.br\/site\/wp-json\/wp\/v2\/tags?post=7786"}],"curies":[{"name":"wp","href":"https:\/\/api.w.org\/{rel}","templated":true}]}}