{"id":7667,"date":"2026-04-13T23:03:35","date_gmt":"2026-04-13T20:03:35","guid":{"rendered":"https:\/\/droptimes.com.br\/site\/?p=7667"},"modified":"2026-04-13T23:03:35","modified_gmt":"2026-04-13T20:03:35","slug":"armin-van-buuren-lanca-vem-comigo-sua-primeira-musica-com-vocais-em-portugues","status":"publish","type":"post","link":"https:\/\/droptimes.com.br\/site\/armin-van-buuren-lanca-vem-comigo-sua-primeira-musica-com-vocais-em-portugues\/","title":{"rendered":"Armin van Buuren lan\u00e7a \u201cVem Comigo\u201d, sua primeira m\u00fasica com vocais em portugu\u00eas"},"content":{"rendered":"\n<p><a href=\"https:\/\/onerpm.link\/vem-comigo\">OU\u00c7A AQUI.<\/a><\/p>\n\n\n\n<p>Apresentada pela primeira vez durante o Amsterdam Dance Event e tocada em grandes palcos, incluindo a turn\u00ea de <strong>Armin van Buuren<\/strong> pelo Brasil, A State of Trance Festival e o Ultra Miami, a m\u00fasica <strong>\u201cVem Comigo\u201d<\/strong> chega em todas as plataformas digitais via ONErpm no dia 10 de abril (sexta-feira) com um forte impulso conquistado nas pistas de dan\u00e7a de todo o mundo. Combinando letras cativantes em portugu\u00eas com uma batida techno en\u00e9rgica, a faixa oferece um som cheio de energia, pronto para os festivais e feito para os momentos de maior agita\u00e7\u00e3o. A faixa une a presen\u00e7a global de Armin com o estilo fresco e voltado para as boates da talentosa <strong>Olive Anguz<\/strong>, em ascens\u00e3o.<\/p>\n\n\n\n<blockquote class=\"wp-block-quote is-layout-flow wp-block-quote-is-layout-flow\">\n<p><em>\u201c\u2019Vem Comigo\u2019 come\u00e7ou como pura energia no est\u00fadio&#8230;\u201d<\/em>, diz Armin van Buuren. <em>\u201cDepois de muitos testes nos meus sets, finalmente senti que estava pronta. Meu primeiro lan\u00e7amento em portugu\u00eas \u2013 ensolarado, fresco e cheio de alegria. Que comece o ver\u00e3o.\u201d<\/em><\/p>\n<\/blockquote>\n\n\n\n<figure class=\"wp-block-image\"><img decoding=\"async\" src=\"https:\/\/mail.google.com\/mail\/u\/0?ui=2&amp;ik=d9728c401a&amp;attid=0.3&amp;permmsgid=msg-f:1862104616876671406&amp;th=19d786487f8c81ae&amp;view=fimg&amp;fur=ip&amp;permmsgid=msg-f:1862104616876671406&amp;sz=s0-l75-ft&amp;attbid=ANGjdJ8gztSIJXz_lH37gDEsKpS_0dWipERcKbPbbFXNJpeNg0eCri-hnHW2NYNp-kHKQznSKCUB15w1Yxph2Kun7XLaNg3WqRYp9GWStTV4CDLmAwzMrgV4rAOzr8Q&amp;disp=emb&amp;realattid=ii_mnrq6a2p1&amp;zw\" alt=\"image.jpeg\"\/><\/figure>\n\n\n\n<p>Armin van Buuren, embaixador mundial da m\u00fasica eletr\u00f4nica h\u00e1 mais de trinta anos, j\u00e1 conquistou indica\u00e7\u00e3o ao Grammy, cinco primeiros lugares no Top 100 da DJ Mag e nove \u00e1lbuns completos em seu curr\u00edculo. Por meio de suas produ\u00e7\u00f5es exemplares, shows ao vivo inovadores (como sua nova turn\u00ea mundial \u201cTHE ORB\u201d) e seu programa de r\u00e1dio semanal \u201cA State of Trance\u201d (44 milh\u00f5es de ouvintes de mais de 80 pa\u00edses diferentes), s\u00e9ries de eventos e s\u00e9ries de \u00e1lbuns, ele cultiva uma enorme base de f\u00e3s em todo o mundo.<\/p>\n\n\n\n<p>O artista faz uma colabora\u00e7\u00e3o com a artista de Amsterd\u00e3 Olive Anguz de apenas 21 anos, que est\u00e1 rapidamente deixando sua marca com um som que mistura grooves house com sutis influ\u00eancias de trance, moldado por sua experi\u00eancia em clubes e festivais europeus. Olive colabora com Armin em \u201cVem Comigo\u201d, um lan\u00e7amento vibrante e pronto para o ver\u00e3o, feito para conectar-se com o p\u00fablico global.<\/p>\n\n\n\n<p>\u201cVem Comigo\u201d j\u00e1 est\u00e1 dispon\u00edvel em todas as plataformas digitais via&nbsp;<strong>ONErpm<\/strong>.<\/p>\n\n\n\n<figure class=\"wp-block-image\"><img decoding=\"async\" src=\"https:\/\/mail.google.com\/mail\/u\/0?ui=2&amp;ik=d9728c401a&amp;attid=0.2&amp;permmsgid=msg-f:1862104616876671406&amp;th=19d786487f8c81ae&amp;view=fimg&amp;fur=ip&amp;permmsgid=msg-f:1862104616876671406&amp;sz=s0-l75-ft&amp;attbid=ANGjdJ_JJZBlTGz6QBUb0lHWoIGDssLQV8-quJwVLH8JVlyieF8f_LaopP8me2RHnl9ZS5ImKUL_bq6hwEEL_8MUEOX2OdVmz52dSk1RKX2qT8YAh5EgUKJvf7-xjs4&amp;disp=emb&amp;realattid=ii_mnrq6a502&amp;zw\" alt=\"image.jpeg\"\/><\/figure>\n","protected":false},"excerpt":{"rendered":"<p>OU\u00c7A AQUI. Apresentada pela primeira vez durante o Amsterdam Dance Event e tocada em grandes palcos, incluindo a turn\u00ea de Armin van Buuren pelo Brasil, A State of Trance Festival e o Ultra Miami, a m\u00fasica \u201cVem Comigo\u201d chega em todas as plataformas digitais via ONErpm no dia 10 de abril (sexta-feira) com um forte [&hellip;]<\/p>\n","protected":false},"author":3,"featured_media":7668,"comment_status":"closed","ping_status":"closed","sticky":false,"template":"","format":"standard","meta":{"pagelayer_contact_templates":[],"_pagelayer_content":"","footnotes":""},"categories":[158,157],"tags":[197,174,279,1697],"class_list":["post-7667","post","type-post","status-publish","format-standard","has-post-thumbnail","hentry","category-lancamentos","category-news","tag-armin-van-buuren","tag-dj","tag-musica-eletronica-3","tag-vem-comigo"],"_links":{"self":[{"href":"https:\/\/droptimes.com.br\/site\/wp-json\/wp\/v2\/posts\/7667","targetHints":{"allow":["GET"]}}],"collection":[{"href":"https:\/\/droptimes.com.br\/site\/wp-json\/wp\/v2\/posts"}],"about":[{"href":"https:\/\/droptimes.com.br\/site\/wp-json\/wp\/v2\/types\/post"}],"author":[{"embeddable":true,"href":"https:\/\/droptimes.com.br\/site\/wp-json\/wp\/v2\/users\/3"}],"replies":[{"embeddable":true,"href":"https:\/\/droptimes.com.br\/site\/wp-json\/wp\/v2\/comments?post=7667"}],"version-history":[{"count":1,"href":"https:\/\/droptimes.com.br\/site\/wp-json\/wp\/v2\/posts\/7667\/revisions"}],"predecessor-version":[{"id":7669,"href":"https:\/\/droptimes.com.br\/site\/wp-json\/wp\/v2\/posts\/7667\/revisions\/7669"}],"wp:featuredmedia":[{"embeddable":true,"href":"https:\/\/droptimes.com.br\/site\/wp-json\/wp\/v2\/media\/7668"}],"wp:attachment":[{"href":"https:\/\/droptimes.com.br\/site\/wp-json\/wp\/v2\/media?parent=7667"}],"wp:term":[{"taxonomy":"category","embeddable":true,"href":"https:\/\/droptimes.com.br\/site\/wp-json\/wp\/v2\/categories?post=7667"},{"taxonomy":"post_tag","embeddable":true,"href":"https:\/\/droptimes.com.br\/site\/wp-json\/wp\/v2\/tags?post=7667"}],"curies":[{"name":"wp","href":"https:\/\/api.w.org\/{rel}","templated":true}]}}