{"id":7526,"date":"2026-04-01T20:13:10","date_gmt":"2026-04-01T17:13:10","guid":{"rendered":"https:\/\/droptimes.com.br\/site\/?p=7526"},"modified":"2026-04-01T20:15:46","modified_gmt":"2026-04-01T17:15:46","slug":"astral-plane-festival-eclipse-total-em-segovia-10-a-12-de-agosto-de-2026","status":"publish","type":"post","link":"https:\/\/droptimes.com.br\/site\/astral-plane-festival-eclipse-total-em-segovia-10-a-12-de-agosto-de-2026\/","title":{"rendered":"ASTRAL PLANE: TOTAL ECLIPSE FESTIVAL EM SEG\u00d3VIA, 10 A 12 DE AGOSTO DE 2026"},"content":{"rendered":"\n<p><strong>LINE UP CONFIRMEDO:<\/strong><\/p>\n\n\n\n<p><strong>AMMARA, ANSO, BEN SIMS, BLACK LOOPS, COYU, DECEIT, DENSE &amp; PIKA, DJ FUCKOFF, DJ STINGRAY 313, DR DAK, ELLEN ALLIEN, ELI ESCOBAR, ERIS DREW, FERRECK DAWN, GERD JANSON, HERMETICA, JEN CARDINI, JOSE PUSHMANN, KEVIN SAUNDERSON, LILLY PALMER, LUKE SLATER, MANO LE TOUGH, MARIE MADELEINE, NICOLE MOUDABER, OR:LA, RIRIA, RIVIANI, SALOME, SANTI, TOY TONICS, URUMI<\/strong><\/p>\n\n\n\n<p><strong>Astral Plane: Total Eclipse Festival<\/strong> \u00e9 um festival totalmente novo que acontecer\u00e1 neste ver\u00e3o nas montanhas de Seg\u00f3via, na Espanha, com uma programa\u00e7\u00e3o alinhada ao eclipse solar total de 2026 no pa\u00eds. A edi\u00e7\u00e3o inaugural ser\u00e1 realizada a uma hora de Madri, no La Pinilla Mountain Resorts, na cordilheira Sierra de Ayll\u00f3n \u2014 local estrategicamente escolhido por oferecer as melhores vistas do fen\u00f4meno astron\u00f4mico.<\/p>\n\n\n\n<figure class=\"wp-block-image size-large\"><img fetchpriority=\"high\" decoding=\"async\" width=\"576\" height=\"1024\" src=\"https:\/\/droptimes.com.br\/site\/wp-content\/uploads\/2026\/04\/image-1-576x1024.png\" alt=\"\" class=\"wp-image-7528\" srcset=\"https:\/\/droptimes.com.br\/site\/wp-content\/uploads\/2026\/04\/image-1-576x1024.png 576w, https:\/\/droptimes.com.br\/site\/wp-content\/uploads\/2026\/04\/image-1-169x300.png 169w, https:\/\/droptimes.com.br\/site\/wp-content\/uploads\/2026\/04\/image-1-768x1365.png 768w, https:\/\/droptimes.com.br\/site\/wp-content\/uploads\/2026\/04\/image-1-864x1536.png 864w, https:\/\/droptimes.com.br\/site\/wp-content\/uploads\/2026\/04\/image-1.png 1080w\" sizes=\"(max-width: 576px) 100vw, 576px\" \/><\/figure>\n\n\n\n<h3 class=\"wp-block-heading\">O Eclipse Set<\/h3>\n\n\n\n<p>O festival ser\u00e1 centrado em um set especial durante o momento de totalidade do eclipse. Com a proposta de transformar o fen\u00f4meno celestial em uma experi\u00eancia cultural transcendental, ningu\u00e9m melhor para assumir esse momento do que o pioneiro do techno de Detroit, Kevin Saunderson. Ele apresentar\u00e1 um set de 4 horas, criado especificamente para essa ocasi\u00e3o \u00fanica, com o eclipse ao fundo \u2014 um momento verdadeiramente \u00fanico na vida.<\/p>\n\n\n\n<p>Antes disso, o festival contar\u00e1 com uma programa\u00e7\u00e3o extensa com alguns dos maiores nomes da m\u00fasica eletr\u00f4nica. Um dos nomes mais importantes e duradouros da cena, o \u00edcone de Berlim Ellen Allien traz sua performance eletrizante, al\u00e9m de: o pioneiro do electro de Detroit DJ Stingray 313, o lend\u00e1rio techno brit\u00e2nico Luke Slater, o intenso e intransigente Ben Sims, a pot\u00eancia alem\u00e3 do techno Lilly Palmer, Gerd Janson \u2014 um dos seletores mais respeitados do mundo, o favorito do house irland\u00eas Mano Le Tough, a for\u00e7a do techno Nicole Moudaber e o mestre do house holand\u00eas Ferreck Dawn. Or:la, Dense &amp; Pika, Eli Escobar, Jen Cardini, Eris Drew e Marie Madeleine completam o line-up, que abrange toda a diversidade do house e do techno.<\/p>\n\n\n\n<p>Entre os representantes espanh\u00f3is est\u00e1 o destaque local Coyu. A cena underground internacional tamb\u00e9m marca presen\u00e7a com a seletora georgiana Salome, a DJ japonesa Riria, o produtor italiano de house Black Loops, o coletivo de Munique Toy Tonics, al\u00e9m dos nomes em ascens\u00e3o Ammara, Urumi, DJ Fuckoff, Anso, Deceit, Dr Dak, Hermetica, Jose Pushmann, Riviani e Santi.<\/p>\n\n\n\n<h3 class=\"wp-block-heading\">Estrutura do Festival<\/h3>\n\n\n\n<p>A programa\u00e7\u00e3o musical ser\u00e1 distribu\u00edda em tr\u00eas palcos:<\/p>\n\n\n\n<ul class=\"wp-block-list\">\n<li><strong>Eclipse Stage<\/strong>: o palco principal, com os maiores artistas do festival<\/li>\n\n\n\n<li><strong>Mountaintop Stage<\/strong>: localizado em um plat\u00f4 com vista para a Sierra de Ayll\u00f3n, acess\u00edvel por telef\u00e9rico ou trilha<\/li>\n\n\n\n<li><strong>Starship Stage<\/strong>: dedicado a artistas emergentes<\/li>\n<\/ul>\n\n\n\n<p>Durante o dia, tamb\u00e9m haver\u00e1 palestras e workshops sobre a import\u00e2ncia cient\u00edfica e social do eclipse, realizados antes da programa\u00e7\u00e3o musical (detalhes a confirmar).<\/p>\n\n\n\n<hr class=\"wp-block-separator has-alpha-channel-opacity\"\/>\n\n\n\n<h3 class=\"wp-block-heading\">Sobre o Astral Plane, o Eclipse Solar Total e La Pinilla<\/h3>\n\n\n\n<p>O eclipse solar total de 12 de agosto de 2026 ser\u00e1 o primeiro a cruzar a Europa neste s\u00e9culo. Para quem estiver na faixa de totalidade, o dia se transformar\u00e1 em noite, estrelas aparecer\u00e3o no c\u00e9u e a coroa solar surgir\u00e1 como um halo branco ao redor do disco escuro da lua.<\/p>\n\n\n\n<p>O Astral Plane buscou um local dentro dessa faixa com alta probabilidade de c\u00e9u limpo no dia do eclipse, capacidade para receber 10 mil pessoas ao longo de tr\u00eas dias e um palco principal posicionado para enquadrar o fen\u00f4meno de forma visualmente impactante. O La Pinilla Mountain Resort atende a todos esses crit\u00e9rios, com 80% de chance de c\u00e9u limpo, capacidade para 12 mil pessoas no palco principal e hist\u00f3rico de festivais realizados tanto na montanha (Zamna Festival) quanto na cidade (Huercasa Country Festival).<\/p>\n\n\n\n<hr class=\"wp-block-separator has-alpha-channel-opacity\"\/>\n\n\n\n<h3 class=\"wp-block-heading\">Hospedagem e Acesso<\/h3>\n\n\n\n<p>Haver\u00e1 op\u00e7\u00f5es de camping e glamping no local. As cidades de Riaza e arredores oferecem diversas op\u00e7\u00f5es de hospedagem, incluindo hot\u00e9is e pousadas.<\/p>\n\n\n\n<p>La Pinilla e Riaza est\u00e3o a apenas uma hora de carro de Madri, permitindo tamb\u00e9m que o p\u00fablico se hospede na capital, pegue um \u00f4nibus at\u00e9 Riaza e utilize transporte at\u00e9 o festival.<\/p>\n\n\n\n<hr class=\"wp-block-separator has-alpha-channel-opacity\"\/>\n\n\n\n<h3 class=\"wp-block-heading\">Conceito do Festival<\/h3>\n\n\n\n<p>O Astral Plane foi concebido como um festival itinerante, criado para seguir a sombra da lua ao redor do mundo. Ap\u00f3s esta edi\u00e7\u00e3o, os planos incluem acompanhar o eclipse de 2027 (sul da Espanha, norte da \u00c1frica e Pen\u00ednsula Ar\u00e1bica) e o de 2028 (Austr\u00e1lia).<\/p>\n\n\n\n<hr class=\"wp-block-separator has-alpha-channel-opacity\"\/>\n\n\n\n<h3 class=\"wp-block-heading\">Um ingresso, uma \u00e1rvore<\/h3>\n\n\n\n<p>Para cada ingresso vendido, uma \u00e1rvore ser\u00e1 plantada em La Pinilla ou em reservas naturais pr\u00f3ximas. O festival existe por causa dessa paisagem \u2014 as montanhas, o c\u00e9u limpo e o anfiteatro natural da Sierra de Ayll\u00f3n \u2014 e esse compromisso garante uma retribui\u00e7\u00e3o ao ambiente que torna tudo poss\u00edvel.<\/p>\n\n\n\n<hr class=\"wp-block-separator has-alpha-channel-opacity\"\/>\n\n\n\n<p>Ingressos a partir de \u20ac165 j\u00e1 est\u00e3o dispon\u00edveis.<\/p>\n\n\n\n<p><a href=\"Website: https:\/\/spaineclipsefestival.com instagram: https:\/\/instagram.com\/astralplanefestival titok: https:\/\/www.tiktok.com\/@astralplanefestival\">Website<\/a> | <a href=\"https:\/\/instagram.com\/astralplanefestival\">Instagra<u>m<\/u><\/a><a href=\"https:\/\/instagram.com\/astralplanefestival\" target=\"_blank\" rel=\"noreferrer noopener\"><u> | <\/u><\/a><a href=\"https:\/\/www.tiktok.com\/@astralplanefestival\">Titok<\/a><\/p>\n\n\n\n<p><\/p>\n","protected":false},"excerpt":{"rendered":"<p>LINE UP CONFIRMEDO: AMMARA, ANSO, BEN SIMS, BLACK LOOPS, COYU, DECEIT, DENSE &amp; PIKA, DJ FUCKOFF, DJ STINGRAY 313, DR DAK, ELLEN ALLIEN, ELI ESCOBAR, ERIS DREW, FERRECK DAWN, GERD JANSON, HERMETICA, JEN CARDINI, JOSE PUSHMANN, KEVIN SAUNDERSON, LILLY PALMER, LUKE SLATER, MANO LE TOUGH, MARIE MADELEINE, NICOLE MOUDABER, OR:LA, RIRIA, RIVIANI, SALOME, SANTI, TOY [&hellip;]<\/p>\n","protected":false},"author":3,"featured_media":7527,"comment_status":"closed","ping_status":"closed","sticky":false,"template":"","format":"standard","meta":{"pagelayer_contact_templates":[],"_pagelayer_content":"","footnotes":""},"categories":[20,157],"tags":[1650,1651,1653],"class_list":["post-7526","post","type-post","status-publish","format-standard","has-post-thumbnail","hentry","category-lifestyle","category-news","tag-astral-plane","tag-festival-total-eclipse","tag-segovia"],"_links":{"self":[{"href":"https:\/\/droptimes.com.br\/site\/wp-json\/wp\/v2\/posts\/7526","targetHints":{"allow":["GET"]}}],"collection":[{"href":"https:\/\/droptimes.com.br\/site\/wp-json\/wp\/v2\/posts"}],"about":[{"href":"https:\/\/droptimes.com.br\/site\/wp-json\/wp\/v2\/types\/post"}],"author":[{"embeddable":true,"href":"https:\/\/droptimes.com.br\/site\/wp-json\/wp\/v2\/users\/3"}],"replies":[{"embeddable":true,"href":"https:\/\/droptimes.com.br\/site\/wp-json\/wp\/v2\/comments?post=7526"}],"version-history":[{"count":2,"href":"https:\/\/droptimes.com.br\/site\/wp-json\/wp\/v2\/posts\/7526\/revisions"}],"predecessor-version":[{"id":7530,"href":"https:\/\/droptimes.com.br\/site\/wp-json\/wp\/v2\/posts\/7526\/revisions\/7530"}],"wp:featuredmedia":[{"embeddable":true,"href":"https:\/\/droptimes.com.br\/site\/wp-json\/wp\/v2\/media\/7527"}],"wp:attachment":[{"href":"https:\/\/droptimes.com.br\/site\/wp-json\/wp\/v2\/media?parent=7526"}],"wp:term":[{"taxonomy":"category","embeddable":true,"href":"https:\/\/droptimes.com.br\/site\/wp-json\/wp\/v2\/categories?post=7526"},{"taxonomy":"post_tag","embeddable":true,"href":"https:\/\/droptimes.com.br\/site\/wp-json\/wp\/v2\/tags?post=7526"}],"curies":[{"name":"wp","href":"https:\/\/api.w.org\/{rel}","templated":true}]}}