{"id":7434,"date":"2026-03-25T00:33:20","date_gmt":"2026-03-24T21:33:20","guid":{"rendered":"https:\/\/droptimes.com.br\/site\/?p=7434"},"modified":"2026-03-25T00:33:20","modified_gmt":"2026-03-24T21:33:20","slug":"warung-day-festival-2026-vai-transformar-curitiba-na-capital-mundial-da-musica-eletronica-em-maio","status":"publish","type":"post","link":"https:\/\/droptimes.com.br\/site\/warung-day-festival-2026-vai-transformar-curitiba-na-capital-mundial-da-musica-eletronica-em-maio\/","title":{"rendered":"Warung Day Festival 2026 vai transformar Curitiba na capital mundial da m\u00fasica eletr\u00f4nica em maio"},"content":{"rendered":"\n<p>O Warung Day Festival (WDF), evento de m\u00fasica eletr\u00f4nica mais conceituado do Brasil, chegar\u00e1 em sua 11\u00aa edi\u00e7\u00e3o no pr\u00f3ximo dia 02 de maio, com uma programa\u00e7\u00e3o intensa na Pedreira Paulo Leminski e na \u00d3pera de Arame, em Curitiba (PR).<\/p>\n\n\n\n<p><br>Considerado um dos maiores eventos musicais do Brasil, o WDF 2026 vai reunir astros da m\u00fasica eletr\u00f4nica mundial: Charlotte de Witte, Deep Dish, Enrico Sangiuliano, Guy Gerber, Guy J, Monolink,<br>Chambord e Desiree, artistas que representam diferentes vertentes da m\u00fasica eletr\u00f4nica contempor\u00e2nea e ajudam a construir um line- up diverso, consistente e alinhado \u00e0 identidade do festival.<\/p>\n\n\n\n<figure class=\"wp-block-image size-large\"><img fetchpriority=\"high\" decoding=\"async\" width=\"1024\" height=\"683\" src=\"https:\/\/droptimes.com.br\/site\/wp-content\/uploads\/2026\/03\/Monolink-1-1-1024x683.jpg\" alt=\"\" class=\"wp-image-7436\" srcset=\"https:\/\/droptimes.com.br\/site\/wp-content\/uploads\/2026\/03\/Monolink-1-1-1024x683.jpg 1024w, https:\/\/droptimes.com.br\/site\/wp-content\/uploads\/2026\/03\/Monolink-1-1-300x200.jpg 300w, https:\/\/droptimes.com.br\/site\/wp-content\/uploads\/2026\/03\/Monolink-1-1-768x512.jpg 768w, https:\/\/droptimes.com.br\/site\/wp-content\/uploads\/2026\/03\/Monolink-1-1-1536x1024.jpg 1536w, https:\/\/droptimes.com.br\/site\/wp-content\/uploads\/2026\/03\/Monolink-1-1.jpg 1680w\" sizes=\"(max-width: 1024px) 100vw, 1024px\" \/><\/figure>\n\n\n\n<p><br>Para completar o line-up, artistas que t\u00eam ganhado espa\u00e7o e muito destaque na cena mundial nos \u00faltimos anos, tocando em grandes clubs e marcando presen\u00e7a nos principais festivais do planeta:<br>Antonio Oliva, Badaro, Enrico &amp; Carmo, Fran Bortolossi, Malive, Bhaskar, Eli Iwasa, Ruback, Beltran, Blancah, Fran Bortolossi, Neoclassic, Rod Brito e Zac.<\/p>\n\n\n\n<p><br>Confira a programa\u00e7\u00e3o completa:<br>Warung Stage<br>13h \u2013 Blancah b2b Neoclassic<br>14h30 &#8211; Ruback<br>16h \u2013 Enrico &amp; Carmo &amp; Badaro<br>18h &#8211; Desiree<br>20h &#8211; Monolink<br>22h \u2013 Guy Gerber<br>Pedreira Stage<br>13h \u2013 Fran Bortolossi<br>15h &#8211; Malive<\/p>\n\n\n\n<p>17h \u2013 Beltran<br>19h \u2013 Eli Iwasa<br>21h \u2013 Enrico Sangiuliano<br>23h \u2013 Charlotte de Witte<br>Opera Stage<br>13h \u2013 Rod Brito<br>14h30 \u2013 Antonio Oliva<br>16h \u2013 Chambord<br>18h \u2013 Zac b2b Bhaskar<br>20h \u2013 Guy J<br>22h30 \u2013 Deep Dish<\/p>\n\n\n\n<p><br>Reconhecido internacionalmente e chamado de \u201co melhor dia do ano\u201d por seu p\u00fablico fiel, o Warung Day Festival segue ampliando seu alcance global sem perder a ess\u00eancia que o tornou refer\u00eancia:<br>curadoria musical apurada, conex\u00e3o genu\u00edna com a natureza e entrega sensorial que transcende o formato tradicional de festival.<\/p>\n\n\n\n<figure class=\"wp-block-image size-large\"><img decoding=\"async\" width=\"1024\" height=\"557\" src=\"https:\/\/droptimes.com.br\/site\/wp-content\/uploads\/2026\/03\/Charlotte-de-Witte-1024x557.jpg\" alt=\"\" class=\"wp-image-7437\" srcset=\"https:\/\/droptimes.com.br\/site\/wp-content\/uploads\/2026\/03\/Charlotte-de-Witte-1024x557.jpg 1024w, https:\/\/droptimes.com.br\/site\/wp-content\/uploads\/2026\/03\/Charlotte-de-Witte-300x163.jpg 300w, https:\/\/droptimes.com.br\/site\/wp-content\/uploads\/2026\/03\/Charlotte-de-Witte-768x418.jpg 768w, https:\/\/droptimes.com.br\/site\/wp-content\/uploads\/2026\/03\/Charlotte-de-Witte-1536x836.jpg 1536w, https:\/\/droptimes.com.br\/site\/wp-content\/uploads\/2026\/03\/Charlotte-de-Witte.jpg 1882w\" sizes=\"(max-width: 1024px) 100vw, 1024px\" \/><\/figure>\n\n\n\n<p><br>Al\u00e9m disso, a edi\u00e7\u00e3o 2026 mant\u00e9m o conceito que consagrou o evento: \u201cA natureza \u00e9 o Templo. A m\u00fasica \u00e9 o caminho\u201d. \u201cA proposta \u00e9 ir al\u00e9m do espet\u00e1culo musical, criando uma experi\u00eancia imersiva que integra paisagem, cenografia, som e p\u00fablico em uma narrativa \u00fanica, do in\u00edcio ao fim do dia\u201d, destaca Luis  Gustavo Zagonel, um dos idealizadores do WDF.<\/p>\n\n\n\n<p><br>A 11\u00aa edi\u00e7\u00e3o do Warung Day Festival ser\u00e1 realizada no dia 02 de maio, com programa\u00e7\u00e3o a partir das 12h, na Pedreira Paulo Leminski, em Curitiba (PR). Os ingressos est\u00e3o dispon\u00edveis no site \u00a0www.warungdayfestival.com\u00a0e nas bilheteiras Blueticket e Ingresse.<\/p>\n\n\n\n<figure class=\"wp-block-image size-large\"><img decoding=\"async\" width=\"780\" height=\"1024\" src=\"https:\/\/droptimes.com.br\/site\/wp-content\/uploads\/2026\/03\/Warung_Prog-1-780x1024.jpeg\" alt=\"\" class=\"wp-image-7438\" srcset=\"https:\/\/droptimes.com.br\/site\/wp-content\/uploads\/2026\/03\/Warung_Prog-1-780x1024.jpeg 780w, https:\/\/droptimes.com.br\/site\/wp-content\/uploads\/2026\/03\/Warung_Prog-1-229x300.jpeg 229w, https:\/\/droptimes.com.br\/site\/wp-content\/uploads\/2026\/03\/Warung_Prog-1-768x1008.jpeg 768w, https:\/\/droptimes.com.br\/site\/wp-content\/uploads\/2026\/03\/Warung_Prog-1.jpeg 1170w\" sizes=\"(max-width: 780px) 100vw, 780px\" \/><\/figure>\n\n\n\n<p><br>Mais informa\u00e7\u00f5es nos perfis oficiais do evento nas redes sociais:<br>@warung_dayfestival (Instagram) e @warungfestival (Facebook).<\/p>\n","protected":false},"excerpt":{"rendered":"<p>O Warung Day Festival (WDF), evento de m\u00fasica eletr\u00f4nica mais conceituado do Brasil, chegar\u00e1 em sua 11\u00aa edi\u00e7\u00e3o no pr\u00f3ximo dia 02 de maio, com uma programa\u00e7\u00e3o intensa na Pedreira Paulo Leminski e na \u00d3pera de Arame, em Curitiba (PR). Considerado um dos maiores eventos musicais do Brasil, o WDF 2026 vai reunir astros da [&hellip;]<\/p>\n","protected":false},"author":3,"featured_media":7435,"comment_status":"closed","ping_status":"closed","sticky":false,"template":"","format":"standard","meta":{"pagelayer_contact_templates":[],"_pagelayer_content":"","footnotes":""},"categories":[20,157],"tags":[174,279,1013,1547],"class_list":["post-7434","post","type-post","status-publish","format-standard","has-post-thumbnail","hentry","category-lifestyle","category-news","tag-dj","tag-musica-eletronica-3","tag-warung-day-festival","tag-wdf"],"_links":{"self":[{"href":"https:\/\/droptimes.com.br\/site\/wp-json\/wp\/v2\/posts\/7434","targetHints":{"allow":["GET"]}}],"collection":[{"href":"https:\/\/droptimes.com.br\/site\/wp-json\/wp\/v2\/posts"}],"about":[{"href":"https:\/\/droptimes.com.br\/site\/wp-json\/wp\/v2\/types\/post"}],"author":[{"embeddable":true,"href":"https:\/\/droptimes.com.br\/site\/wp-json\/wp\/v2\/users\/3"}],"replies":[{"embeddable":true,"href":"https:\/\/droptimes.com.br\/site\/wp-json\/wp\/v2\/comments?post=7434"}],"version-history":[{"count":1,"href":"https:\/\/droptimes.com.br\/site\/wp-json\/wp\/v2\/posts\/7434\/revisions"}],"predecessor-version":[{"id":7439,"href":"https:\/\/droptimes.com.br\/site\/wp-json\/wp\/v2\/posts\/7434\/revisions\/7439"}],"wp:featuredmedia":[{"embeddable":true,"href":"https:\/\/droptimes.com.br\/site\/wp-json\/wp\/v2\/media\/7435"}],"wp:attachment":[{"href":"https:\/\/droptimes.com.br\/site\/wp-json\/wp\/v2\/media?parent=7434"}],"wp:term":[{"taxonomy":"category","embeddable":true,"href":"https:\/\/droptimes.com.br\/site\/wp-json\/wp\/v2\/categories?post=7434"},{"taxonomy":"post_tag","embeddable":true,"href":"https:\/\/droptimes.com.br\/site\/wp-json\/wp\/v2\/tags?post=7434"}],"curies":[{"name":"wp","href":"https:\/\/api.w.org\/{rel}","templated":true}]}}