{"id":7385,"date":"2026-03-23T15:57:31","date_gmt":"2026-03-23T12:57:31","guid":{"rendered":"https:\/\/droptimes.com.br\/site\/?p=7385"},"modified":"2026-03-23T15:57:32","modified_gmt":"2026-03-23T12:57:32","slug":"john-summit-se-une-ao-major-lazer-para-o-lancamento-de-lights-go-out-ja-disponivel","status":"publish","type":"post","link":"https:\/\/droptimes.com.br\/site\/john-summit-se-une-ao-major-lazer-para-o-lancamento-de-lights-go-out-ja-disponivel\/","title":{"rendered":"John Summit se une ao Major Lazer para o lan\u00e7amento de \u201cLIGHTS GO OUT\u201d j\u00e1 dispon\u00edvel"},"content":{"rendered":"\n<p><a href=\"https:\/\/johnsummit.lnk.to\/LGOMajorLazerRemix\">OU\u00c7A AQUI<\/a><\/p>\n\n\n\n<p>A faixa combina os elementos pesados de synth house caracter\u00edsticos de John Summit com as influ\u00eancias marcantes de dancehall e m\u00fasica caribenha do Major Lazer, trazendo vocais com influ\u00eancias de patois por America Foster, que soam instantaneamente como um hino sobre uma base intensa de trap-house.<\/p>\n\n\n\n<p>Marcando um importante momento na carreira, John Summit retornar\u00e1 ao Ultra Music Festival para encerrar o palco principal no domingo, 29 de mar\u00e7o. Ainda este ano, ele far\u00e1 sua estreia em resid\u00eancias em Ibiza com nove apresenta\u00e7\u00f5es \u00e0s segundas-feiras (via seu selo Experts Only) no UNVRS.<\/p>\n\n\n\n<p>Tamb\u00e9m anunciado nesta semana, John Summit ser\u00e1 headliner do Lollapalooza, marcando uma apresenta\u00e7\u00e3o muito especial em sua cidade natal.<\/p>\n\n\n\n<p>Ou\u00e7a tamb\u00e9m os lan\u00e7amentos recentes de John Summit de seu pr\u00f3ximo \u00e1lbum <em>CTRL ESCAPE<\/em>:<\/p>\n\n\n\n<ul class=\"wp-block-list\">\n<li>\u201cLIGHTS GO OUT\u201d<\/li>\n\n\n\n<li>\u201cSHADOWS\u201d<\/li>\n\n\n\n<li>\u201cWITH ME\u201d (com Julia Wolf)<\/li>\n\n\n\n<li>\u201cSATA\u201d<\/li>\n<\/ul>\n","protected":false},"excerpt":{"rendered":"<p>OU\u00c7A AQUI A faixa combina os elementos pesados de synth house caracter\u00edsticos de John Summit com as influ\u00eancias marcantes de dancehall e m\u00fasica caribenha do Major Lazer, trazendo vocais com influ\u00eancias de patois por America Foster, que soam instantaneamente como um hino sobre uma base intensa de trap-house. Marcando um importante momento na carreira, John [&hellip;]<\/p>\n","protected":false},"author":3,"featured_media":7386,"comment_status":"closed","ping_status":"closed","sticky":false,"template":"","format":"standard","meta":{"pagelayer_contact_templates":[],"_pagelayer_content":"","footnotes":""},"categories":[158,157],"tags":[174,1604,1605,279],"class_list":["post-7385","post","type-post","status-publish","format-standard","has-post-thumbnail","hentry","category-lancamentos","category-news","tag-dj","tag-john-summir","tag-major-lazer","tag-musica-eletronica-3"],"_links":{"self":[{"href":"https:\/\/droptimes.com.br\/site\/wp-json\/wp\/v2\/posts\/7385","targetHints":{"allow":["GET"]}}],"collection":[{"href":"https:\/\/droptimes.com.br\/site\/wp-json\/wp\/v2\/posts"}],"about":[{"href":"https:\/\/droptimes.com.br\/site\/wp-json\/wp\/v2\/types\/post"}],"author":[{"embeddable":true,"href":"https:\/\/droptimes.com.br\/site\/wp-json\/wp\/v2\/users\/3"}],"replies":[{"embeddable":true,"href":"https:\/\/droptimes.com.br\/site\/wp-json\/wp\/v2\/comments?post=7385"}],"version-history":[{"count":1,"href":"https:\/\/droptimes.com.br\/site\/wp-json\/wp\/v2\/posts\/7385\/revisions"}],"predecessor-version":[{"id":7387,"href":"https:\/\/droptimes.com.br\/site\/wp-json\/wp\/v2\/posts\/7385\/revisions\/7387"}],"wp:featuredmedia":[{"embeddable":true,"href":"https:\/\/droptimes.com.br\/site\/wp-json\/wp\/v2\/media\/7386"}],"wp:attachment":[{"href":"https:\/\/droptimes.com.br\/site\/wp-json\/wp\/v2\/media?parent=7385"}],"wp:term":[{"taxonomy":"category","embeddable":true,"href":"https:\/\/droptimes.com.br\/site\/wp-json\/wp\/v2\/categories?post=7385"},{"taxonomy":"post_tag","embeddable":true,"href":"https:\/\/droptimes.com.br\/site\/wp-json\/wp\/v2\/tags?post=7385"}],"curies":[{"name":"wp","href":"https:\/\/api.w.org\/{rel}","templated":true}]}}