{"id":7318,"date":"2026-03-20T15:10:00","date_gmt":"2026-03-20T12:10:00","guid":{"rendered":"https:\/\/droptimes.com.br\/site\/?p=7318"},"modified":"2026-03-20T15:10:01","modified_gmt":"2026-03-20T12:10:01","slug":"parra-for-cuva-lanca-seu-segundo-single-towards-amber","status":"publish","type":"post","link":"https:\/\/droptimes.com.br\/site\/parra-for-cuva-lanca-seu-segundo-single-towards-amber\/","title":{"rendered":"Parra for Cuva lan\u00e7a seu segundo single, \u201cTowards Amber&#8221;"},"content":{"rendered":"\n<p>O produtor eletr\u00f4nico alem\u00e3o Parra for Cuva lan\u00e7a \u201cTowards Amber\u201d, o segundo single de seu pr\u00f3ximo sexto \u00e1lbum de est\u00fadio, <em>Nacar<\/em>, previsto para 15 de maio. Ap\u00f3s o single principal \u201cSelva, Selva\u201d, que apresentou vocais latinos tradicionais e texturas org\u00e2nicas hipn\u00f3ticas, \u201cTowards Amber\u201d explora um territ\u00f3rio sonoro mais introspectivo, mantendo o equil\u00edbrio caracter\u00edstico do artista entre precis\u00e3o eletr\u00f4nica e calor humano.<\/p>\n\n\n\n<p><a href=\"https:\/\/promo.theorchard.com\/380r51cc7R0GD3mntLRF\">OU\u00c7A AQUI<\/a><\/p>\n\n\n\n<p>\u201c\u2018Towards Amber\u2019 se conecta ao lado mel\u00f3dico dos meus trabalhos anteriores, mas com uma abordagem mais refinada e espa\u00e7osa\u201d, afirma Parra for Cuva. \u201cSamples de guitarra fragmentados, pads suaves e texturas vocais distantes flutuam sobre um ritmo constante. O arranjo evolui de forma sutil, criando uma sensa\u00e7\u00e3o de movimento cont\u00ednuo sem transi\u00e7\u00f5es \u00f3bvias. Tem uma atmosfera quente e reflexiva, como observar a luz mudar ao final do dia.\u201d<\/p>\n\n\n\n<p>O lan\u00e7amento d\u00e1 continuidade ao momento positivo iniciado com \u201cSelva, Selva\u201d, lan\u00e7ado em fevereiro junto com um videoclipe gravado durante a apresenta\u00e7\u00e3o esgotada de Parra for Cuva no Drumsheds, em Londres, em dezembro. O show, que o colocou ao lado de nomes como Paul Kalkbrenner, ZHU e Stephan Bodzin, marcou uma das maiores performances de sua carreira at\u00e9 agora, consolidando uma trajet\u00f3ria que j\u00e1 ultrapassa 1 bilh\u00e3o de streams globais e uma base de f\u00e3s internacional.<\/p>\n\n\n\n<p>Com <em>Nacar<\/em>, Parra for Cuva aprofunda sua abordagem caracter\u00edstica de combinar instrumenta\u00e7\u00e3o ao vivo, grava\u00e7\u00f5es de campo e produ\u00e7\u00e3o eletr\u00f4nica detalhada em paisagens sonoras imersivas. O \u00e1lbum de 12 faixas contar\u00e1 com colabora\u00e7\u00f5es de Nathan Ball, orbit, CRi, Vraell, Cile, PALLADIAN, Aukai e Vines, al\u00e9m de faixas solo como \u201cTowards Amber\u201d, que destacam seu trabalho individual.<\/p>\n\n\n\n<p>A turn\u00ea europeia, anunciada junto com o \u00e1lbum em fevereiro, inclui shows em locais como Roundhouse (Londres), Huxleys Neue Welt (Berlim), Paradiso (Amsterd\u00e3) e La Cigale (Paris), com algumas datas adotando um sistema de ingressos equilibrado para garantir maior acessibilidade ao p\u00fablico. Datas na Am\u00e9rica do Norte e apresenta\u00e7\u00f5es em festivais de ver\u00e3o, incluindo o Cercle Festival 2026, ser\u00e3o anunciadas nas pr\u00f3ximas semanas.<\/p>\n\n\n\n<p><\/p>\n\n\n\n<p><\/p>\n","protected":false},"excerpt":{"rendered":"<p>O produtor eletr\u00f4nico alem\u00e3o Parra for Cuva lan\u00e7a \u201cTowards Amber\u201d, o segundo single de seu pr\u00f3ximo sexto \u00e1lbum de est\u00fadio, Nacar, previsto para 15 de maio. Ap\u00f3s o single principal \u201cSelva, Selva\u201d, que apresentou vocais latinos tradicionais e texturas org\u00e2nicas hipn\u00f3ticas, \u201cTowards Amber\u201d explora um territ\u00f3rio sonoro mais introspectivo, mantendo o equil\u00edbrio caracter\u00edstico do artista [&hellip;]<\/p>\n","protected":false},"author":3,"featured_media":7319,"comment_status":"closed","ping_status":"closed","sticky":false,"template":"","format":"standard","meta":{"pagelayer_contact_templates":[],"_pagelayer_content":"","footnotes":""},"categories":[158,157],"tags":[174,279,357,1582],"class_list":["post-7318","post","type-post","status-publish","format-standard","has-post-thumbnail","hentry","category-lancamentos","category-news","tag-dj","tag-musica-eletronica-3","tag-parra-for-cuva","tag-towards-amber"],"_links":{"self":[{"href":"https:\/\/droptimes.com.br\/site\/wp-json\/wp\/v2\/posts\/7318","targetHints":{"allow":["GET"]}}],"collection":[{"href":"https:\/\/droptimes.com.br\/site\/wp-json\/wp\/v2\/posts"}],"about":[{"href":"https:\/\/droptimes.com.br\/site\/wp-json\/wp\/v2\/types\/post"}],"author":[{"embeddable":true,"href":"https:\/\/droptimes.com.br\/site\/wp-json\/wp\/v2\/users\/3"}],"replies":[{"embeddable":true,"href":"https:\/\/droptimes.com.br\/site\/wp-json\/wp\/v2\/comments?post=7318"}],"version-history":[{"count":1,"href":"https:\/\/droptimes.com.br\/site\/wp-json\/wp\/v2\/posts\/7318\/revisions"}],"predecessor-version":[{"id":7320,"href":"https:\/\/droptimes.com.br\/site\/wp-json\/wp\/v2\/posts\/7318\/revisions\/7320"}],"wp:featuredmedia":[{"embeddable":true,"href":"https:\/\/droptimes.com.br\/site\/wp-json\/wp\/v2\/media\/7319"}],"wp:attachment":[{"href":"https:\/\/droptimes.com.br\/site\/wp-json\/wp\/v2\/media?parent=7318"}],"wp:term":[{"taxonomy":"category","embeddable":true,"href":"https:\/\/droptimes.com.br\/site\/wp-json\/wp\/v2\/categories?post=7318"},{"taxonomy":"post_tag","embeddable":true,"href":"https:\/\/droptimes.com.br\/site\/wp-json\/wp\/v2\/tags?post=7318"}],"curies":[{"name":"wp","href":"https:\/\/api.w.org\/{rel}","templated":true}]}}