{"id":7245,"date":"2026-03-12T23:56:55","date_gmt":"2026-03-12T20:56:55","guid":{"rendered":"https:\/\/droptimes.com.br\/site\/?p=7245"},"modified":"2026-03-12T23:56:56","modified_gmt":"2026-03-12T20:56:56","slug":"nox-festival-estreia-na-arena-opus-com-experiencia-imersiva-e-show-exclusivo-de-armin-van-buuren","status":"publish","type":"post","link":"https:\/\/droptimes.com.br\/site\/nox-festival-estreia-na-arena-opus-com-experiencia-imersiva-e-show-exclusivo-de-armin-van-buuren\/","title":{"rendered":"NOX Festival estreia na Arena Opus com experi\u00eancia imersiva e show exclusivo de Armin van Buuren"},"content":{"rendered":"\n<p><strong>&nbsp;<\/strong>A estreia do<strong>&nbsp;NOX Festival<\/strong>, realizada no \u00faltimo s\u00e1bado (07) na&nbsp;<strong>Arena Opus<\/strong>, marcou uma noite intensa para os f\u00e3s de m\u00fasica eletr\u00f4nica em Santa Catarina. Com curadoria internacional, megaestrutura e um lineup diverso, o evento entregou uma experi\u00eancia imersiva do in\u00edcio ao fim.<\/p>\n\n\n\n<figure class=\"wp-block-image\"><img decoding=\"async\" src=\"https:\/\/mail.google.com\/mail\/u\/0?ui=2&amp;ik=d9728c401a&amp;attid=0.3&amp;permmsgid=msg-f:1859462707842966023&amp;th=19ce237b1e10e207&amp;view=fimg&amp;fur=ip&amp;permmsgid=msg-f:1859462707842966023&amp;sz=s0-l75-ft&amp;attbid=ANGjdJ9QSbpWUDf7YcxnIq5iqibsiJ58-jE-SoHdTKT8DTbHnYklB0tDsOcoqdegK7r-7B3Q-Bu4mWwUqDtHeeL3gXYM5HDISEVhR-JBq8zgHHUP2j_Gd1ns-iRHGLA&amp;disp=emb&amp;realattid=ii_mmng4o9y6&amp;zw\" alt=\"_DLJ1174.jpg\"\/><figcaption class=\"wp-element-caption\">Foto: Diego Jarschel<\/figcaption><\/figure>\n\n\n\n<p>O grande destaque da noite foi&nbsp;<strong>Armin van Buuren<\/strong>, que apresentou no Brasil, em data \u00fanica, o espet\u00e1culo audiovisual&nbsp;<strong>The Orb<\/strong>. A monumental esfera de LED que envolve o artista no palco transformou o show em uma experi\u00eancia tridimensional de som e imagem, criando uma atmosfera coletiva que conectou o p\u00fablico \u00e0 pista de forma intensa.<\/p>\n\n\n\n<figure class=\"wp-block-image\"><img decoding=\"async\" src=\"https:\/\/mail.google.com\/mail\/u\/0?ui=2&amp;ik=d9728c401a&amp;attid=0.4&amp;permmsgid=msg-f:1859462707842966023&amp;th=19ce237b1e10e207&amp;view=fimg&amp;fur=ip&amp;permmsgid=msg-f:1859462707842966023&amp;sz=s0-l75-ft&amp;attbid=ANGjdJ_S_kCIfT4aqu04sjVMPxDr1GQjT5r5TYnPFDhZE3UU4rvRgTRFENAxhhSisrDBu96AOGa48EhVkNVBfe17Lzwl8_Aos3tyVWr5xCseqs5NIFCQ-psG-Kw7paw&amp;disp=emb&amp;realattid=ii_mmng60vh7&amp;zw\" alt=\"_MK40567.jpg\"\/><figcaption class=\"wp-element-caption\">Foto: Diego Jarschel<\/figcaption><\/figure>\n\n\n\n<p>Antes do headliner, o festival reuniu&nbsp;<strong>Cat Dealers<\/strong>,&nbsp;<strong>Laura van Dam<\/strong>,&nbsp;<strong>\u00d6wnboss<\/strong>,&nbsp;<strong>ETTA&nbsp;<\/strong>e&nbsp;<strong>Moser<\/strong>, que conduziram a pista por diferentes vertentes da m\u00fasica eletr\u00f4nica e prepararam o terreno para o \u00e1pice da noite.<\/p>\n\n\n\n<p>Com estrutura robusta de som, ilumina\u00e7\u00e3o e v\u00eddeo, a Arena Opus recebeu uma montagem cenogr\u00e1fica de grande porte, refor\u00e7ando o car\u00e1ter imersivo da estreia do festival.<\/p>\n\n\n\n<figure class=\"wp-block-image\"><img decoding=\"async\" src=\"https:\/\/mail.google.com\/mail\/u\/0?ui=2&amp;ik=d9728c401a&amp;attid=0.5&amp;permmsgid=msg-f:1859462707842966023&amp;th=19ce237b1e10e207&amp;view=fimg&amp;fur=ip&amp;permmsgid=msg-f:1859462707842966023&amp;sz=s0-l75-ft&amp;attbid=ANGjdJ8-fUv8PqMFof9aC5NBs7mHB1ypxjzTkJ56zJwgJgfue0TPUFRGMjcFA6sBsJsGEDOeH1E42ucrnrFQ0LUo8FXrF5Z30dwPozv1EymZr_g8CRvBgvii2UVNryk&amp;disp=emb&amp;realattid=ii_mmng6njk8&amp;zw\" alt=\"_DLJ1258.jpg\"\/><figcaption class=\"wp-element-caption\">Foto: Diego Jarschel<\/figcaption><\/figure>\n\n\n\n<p>Idealizado pela&nbsp;<strong>Opus Entretenimento<\/strong>, o NOX Festival nasceu como uma nova label dedicada \u00e0 m\u00fasica eletr\u00f4nica, com foco em curadoria qualificada, identidade art\u00edstica e produ\u00e7\u00e3o de alto n\u00edvel.<\/p>\n\n\n\n<p>&nbsp;<strong>Sobre o NOX Festival<\/strong><strong><br><\/strong><br>Idealizado pela Opus Entretenimento a partir de uma demanda clara e crescente do p\u00fablico local, o NOX Festival surge como resposta \u00e0 maturidade da cena eletr\u00f4nica em Santa Catarina. Mais do que um evento, o projeto se estabelece como uma label focada em curadoria art\u00edstica qualificada, identidade autoral e produ\u00e7\u00e3o de alto n\u00edvel. A proposta \u00e9 oferecer experi\u00eancias que transcendam o entretenimento, transformando a pista em um espa\u00e7o de conex\u00e3o, liberdade e intensidade.&nbsp;<\/p>\n\n\n\n<p>Com sua estreia, o festival inaugura um novo momento para a m\u00fasica eletr\u00f4nica no estado, alinhando a regi\u00e3o aos grandes festivais internacionais do g\u00eanero.&nbsp;<\/p>\n\n\n\n<p>O NOX \u00e9 uma realiza\u00e7\u00e3o da Opus Entretenimento, com o apoio da Coral 360 e da Bulldozer, House Mag como media partner e a Atl\u00e2ntida como r\u00e1dio oficial.<\/p>\n","protected":false},"excerpt":{"rendered":"<p>&nbsp;A estreia do&nbsp;NOX Festival, realizada no \u00faltimo s\u00e1bado (07) na&nbsp;Arena Opus, marcou uma noite intensa para os f\u00e3s de m\u00fasica eletr\u00f4nica em Santa Catarina. Com curadoria internacional, megaestrutura e um lineup diverso, o evento entregou uma experi\u00eancia imersiva do in\u00edcio ao fim. O grande destaque da noite foi&nbsp;Armin van Buuren, que apresentou no Brasil, em [&hellip;]<\/p>\n","protected":false},"author":3,"featured_media":7246,"comment_status":"closed","ping_status":"closed","sticky":false,"template":"","format":"standard","meta":{"pagelayer_contact_templates":[],"_pagelayer_content":"","footnotes":""},"categories":[20,157],"tags":[1555,197,174,279,1339],"class_list":["post-7245","post","type-post","status-publish","format-standard","has-post-thumbnail","hentry","category-lifestyle","category-news","tag-arena-opus","tag-armin-van-buuren","tag-dj","tag-musica-eletronica-3","tag-nox-festival"],"_links":{"self":[{"href":"https:\/\/droptimes.com.br\/site\/wp-json\/wp\/v2\/posts\/7245","targetHints":{"allow":["GET"]}}],"collection":[{"href":"https:\/\/droptimes.com.br\/site\/wp-json\/wp\/v2\/posts"}],"about":[{"href":"https:\/\/droptimes.com.br\/site\/wp-json\/wp\/v2\/types\/post"}],"author":[{"embeddable":true,"href":"https:\/\/droptimes.com.br\/site\/wp-json\/wp\/v2\/users\/3"}],"replies":[{"embeddable":true,"href":"https:\/\/droptimes.com.br\/site\/wp-json\/wp\/v2\/comments?post=7245"}],"version-history":[{"count":1,"href":"https:\/\/droptimes.com.br\/site\/wp-json\/wp\/v2\/posts\/7245\/revisions"}],"predecessor-version":[{"id":7247,"href":"https:\/\/droptimes.com.br\/site\/wp-json\/wp\/v2\/posts\/7245\/revisions\/7247"}],"wp:featuredmedia":[{"embeddable":true,"href":"https:\/\/droptimes.com.br\/site\/wp-json\/wp\/v2\/media\/7246"}],"wp:attachment":[{"href":"https:\/\/droptimes.com.br\/site\/wp-json\/wp\/v2\/media?parent=7245"}],"wp:term":[{"taxonomy":"category","embeddable":true,"href":"https:\/\/droptimes.com.br\/site\/wp-json\/wp\/v2\/categories?post=7245"},{"taxonomy":"post_tag","embeddable":true,"href":"https:\/\/droptimes.com.br\/site\/wp-json\/wp\/v2\/tags?post=7245"}],"curies":[{"name":"wp","href":"https:\/\/api.w.org\/{rel}","templated":true}]}}