{"id":7237,"date":"2026-03-12T23:52:22","date_gmt":"2026-03-12T20:52:22","guid":{"rendered":"https:\/\/droptimes.com.br\/site\/?p=7237"},"modified":"2026-03-12T23:52:23","modified_gmt":"2026-03-12T20:52:23","slug":"arvo-festival-2026-de-kl-jay-mac-julia-a-judivan-duarte-discoteca-by-johnnie-walker-anuncia-line-up-de-peso-para-edicao-historica","status":"publish","type":"post","link":"https:\/\/droptimes.com.br\/site\/arvo-festival-2026-de-kl-jay-mac-julia-a-judivan-duarte-discoteca-by-johnnie-walker-anuncia-line-up-de-peso-para-edicao-historica\/","title":{"rendered":"ARVO Festival 2026: de KL Jay, Mac Julia a Judivan Duarte, Discoteca by Johnnie Walker anuncia line-up de peso para edi\u00e7\u00e3o hist\u00f3rica"},"content":{"rendered":"\n<p>O&nbsp;<strong>ARVO Festival 2026&nbsp;<\/strong>chega a um marco inesquec\u00edvel: em maio de 2026, o evento celebra sua&nbsp;<strong>10\u00aa edi\u00e7\u00e3o &#8211; oito anos ao todo<\/strong>; de um evento que exalta a cultura brasileira, a diversidade sonora e a multiplicidade das regi\u00f5es, fazendo do&nbsp;<strong>Kart\u00f3dromo Sapiens Parque, localizado em Canasvieiras (Florian\u00f3polis)<\/strong>, o melhor palco do pa\u00eds. E como a festa \u00e9 hist\u00f3rica, a&nbsp;<strong>Johnnie Walker<\/strong>&nbsp;apresenta, pela terceira vez consecutiva, a<strong>Discoteca ARVO<\/strong>. O espa\u00e7o, que j\u00e1 \u00e9 um s\u00edmbolo do festival, acaba de ter seu&nbsp;<em>line-up&nbsp;<\/em>revelado, focado em entregar uma verdadeira maratona de ritmos e dan\u00e7a.<br>&nbsp;<\/p>\n\n\n\n<p>Com mais de 40 anos de carreira,&nbsp;<strong>KL Jay,<\/strong>&nbsp;o lend\u00e1rio DJ dos Racionais MC&#8217;s, levar\u00e1 sua maestria junto ao toca-discos com um&nbsp;<em>set<\/em>&nbsp;que re\u00fane o melhor da hist\u00f3ria do rap, soul, funk e samba-rock. Diretamente do Nordeste,<strong>Cleiton Rasta<\/strong>, mostrar\u00e1 toda a energia, positividade e o peso do reggae nordestino.&nbsp;<br>&nbsp;<\/p>\n\n\n\n<p>O<em>&nbsp;line-up<\/em>&nbsp;tamb\u00e9m ter\u00e1o duo<strong>&nbsp;Tropicals,&nbsp;<\/strong>com trabalhos a partir da miscigena\u00e7\u00e3o das tropicalidades eletr\u00f4nicas encontradas ao redor do mundo. A dupla entrela\u00e7a ritmos dan\u00e7antes e quentes, com passagens pela Argentina, Chile, Fran\u00e7a, Portugal e Inglaterra.<br>&nbsp;<\/p>\n\n\n\n<p>Criado em 2019 em Florian\u00f3polis,<strong>&nbsp;o Baile da Brum (DJ B\u00e1rbara Brum ou simplesmente DJ Brum),&nbsp;<\/strong>far\u00e1 uma verdadeira uma da cultura focando na&nbsp;<em>bass music<\/em>&nbsp;(principalmente funk, trap, e favela bass). A DJ j\u00e1 se apresentou em diversas regi\u00f5es do pa\u00eds, tendo na carreira colabora\u00e7\u00f5es e shows com grupos de rap como S\u00edntese, NegoMax, Ingl\u00eas e BrisaFlow.<br>&nbsp;<\/p>\n\n\n\n<p>E pensou que n\u00e3o teria novidades?\u00a0<strong>Judivan Duarte,\u00a0<\/strong>o \u2018\u2019\u00edmperador dos teclados\u2019\u2019 faz sua estreia na\u00a0<strong>Discoteca<\/strong>, trazendo o som dos teclados para dentro do\u00a0<strong>ARVO Festival.\u00a0<\/strong>Na mistura, hits em ritmo de forr\u00f3 e brega.\u00a0\u00a0<\/p>\n\n\n\n<figure class=\"wp-block-image size-full\"><img fetchpriority=\"high\" decoding=\"async\" width=\"800\" height=\"533\" src=\"https:\/\/droptimes.com.br\/site\/wp-content\/uploads\/2026\/03\/image-87.png\" alt=\"\" class=\"wp-image-7240\" srcset=\"https:\/\/droptimes.com.br\/site\/wp-content\/uploads\/2026\/03\/image-87.png 800w, https:\/\/droptimes.com.br\/site\/wp-content\/uploads\/2026\/03\/image-87-300x200.png 300w, https:\/\/droptimes.com.br\/site\/wp-content\/uploads\/2026\/03\/image-87-768x512.png 768w\" sizes=\"(max-width: 800px) 100vw, 800px\" \/><\/figure>\n\n\n\n<p><br><strong>Com artistas como Mac Julia, Anay\u00e1, Mvuka, e Mary Jane, ARVO vai promover encontros in\u00e9ditos<\/strong><\/p>\n\n\n\n<p>O ARVO Festival tamb\u00e9m se consolida com um palco onde encontros acontecem in\u00e9ditos. E nesta edi\u00e7\u00e3o comemorativa, n\u00e3o seria diferente. Coletivo da cena cultural de Florian\u00f3polis presente em outras edi\u00e7\u00f5es do ARVO Festival, o\u00a0<strong>Mvuka convida Mac Julia<\/strong>, cantora e rapper nascida mineira. Expoente da cena musical nacional, as rimas da artista desafiam as estruturas ao falar da liberdade do corpo, desejo, a for\u00e7a da mulher perif\u00e9rica, tendo entrado para o booking da Boogie Naipe neste ano.\u00a0<\/p>\n\n\n\n<figure class=\"wp-block-image size-full\"><img decoding=\"async\" width=\"960\" height=\"607\" src=\"https:\/\/droptimes.com.br\/site\/wp-content\/uploads\/2026\/03\/image-86.png\" alt=\"\" class=\"wp-image-7239\" srcset=\"https:\/\/droptimes.com.br\/site\/wp-content\/uploads\/2026\/03\/image-86.png 960w, https:\/\/droptimes.com.br\/site\/wp-content\/uploads\/2026\/03\/image-86-300x190.png 300w, https:\/\/droptimes.com.br\/site\/wp-content\/uploads\/2026\/03\/image-86-768x486.png 768w\" sizes=\"(max-width: 960px) 100vw, 960px\" \/><figcaption class=\"wp-element-caption\">Expoente da cena musical nacional, Mac Julia \u00e9 convidada do coletivo Mvuka.<\/figcaption><\/figure>\n\n\n\n<p>As djs<strong>\u00a0Mary Jane, Scher &amp; Anay\u00e1<\/strong>\u00a0fazem uma apresenta\u00e7\u00e3o unidas, reunindo todos os sons que a discotecagem feminina de Floripa oferece. Conhecidas no cena, a promessa \u00e9 criar uma fus\u00e3o de estilos musicais variados, contemplando a trajet\u00f3ria de cada uma durante o set.<br>\u00a0<\/p>\n\n\n\n<p>Com passagens por festivais, a DJ<strong>&nbsp;Lysia Vani&nbsp;<\/strong>chega \u00e0<strong>&nbsp;Discoteca by Johnnie Walker&nbsp;<\/strong>e divide o set com<strong>&nbsp;S\u00f4 Lima.<\/strong>&nbsp;Juntas, trar\u00e3o a diversidade r\u00edtmica, groove e muito carisma.<br>&nbsp;<\/p>\n\n\n\n<p><strong>Atra\u00e7\u00f5es confirmadas no palco principal<\/strong><\/p>\n\n\n\n<p>A 10\u00aa edi\u00e7\u00e3o do<strong>&nbsp;ARVO Festival 2026<\/strong>&nbsp;tem uma programa\u00e7\u00e3o gigante. Al\u00e9m dos artistas que se apresentam na&nbsp;<strong>Discoteca<\/strong>, o&nbsp;<em>line-up<\/em>&nbsp;tem um time estelar no palco principal:&nbsp;<strong>Jo\u00e3o Gomes, BaianaSystem, Gilsons, Duquesa, Carol Biazin, Fundo de Quintal e Maracatu Arrasta Ilha!&nbsp;<\/strong>A venda de ingressos e todas as novidades podem ser acompanhadas atrav\u00e9s das redes oficiais do evento.<br><br>Fotos Discoteca &#8211; Edi\u00e7\u00e3o 2025 (<a href=\"https:\/\/drive.google.com\/drive\/folders\/14cWVrFM6sL3K6YQzeCleUUuzicXJMBzH?usp=sharing\" rel=\"noreferrer noopener\" target=\"_blank\">clique aqui<\/a>)<br>&nbsp;<\/p>\n\n\n\n<p><strong>SERVI\u00c7O<\/strong>:&nbsp;<\/p>\n\n\n\n<p><strong>ARVO Festival 2026<\/strong><\/p>\n\n\n\n<p><strong>Data<\/strong>: 16\/05<\/p>\n\n\n\n<p><strong>Hor\u00e1rio<\/strong>: a partir de 14h&nbsp;<\/p>\n\n\n\n<p><strong>Local<\/strong>: Kart\u00f3dromo Sapiens Parque &#8211; Canavieiras &#8211; Florian\u00f3polis<\/p>\n\n\n\n<p><strong>Onde comprar:<\/strong>&nbsp;plataforma Shotgun (<a href=\"https:\/\/shotgun.live\/festivals\/arvo-festival\" rel=\"noreferrer noopener\" target=\"_blank\"><u>clique aqui<\/u><\/a>)<br>&nbsp;<\/p>\n","protected":false},"excerpt":{"rendered":"<p>O&nbsp;ARVO Festival 2026&nbsp;chega a um marco inesquec\u00edvel: em maio de 2026, o evento celebra sua&nbsp;10\u00aa edi\u00e7\u00e3o &#8211; oito anos ao todo; de um evento que exalta a cultura brasileira, a diversidade sonora e a multiplicidade das regi\u00f5es, fazendo do&nbsp;Kart\u00f3dromo Sapiens Parque, localizado em Canasvieiras (Florian\u00f3polis), o melhor palco do pa\u00eds. E como a festa \u00e9 [&hellip;]<\/p>\n","protected":false},"author":3,"featured_media":7238,"comment_status":"closed","ping_status":"closed","sticky":false,"template":"","format":"standard","meta":{"pagelayer_contact_templates":[],"_pagelayer_content":"","footnotes":""},"categories":[20,157],"tags":[1548,1549,1553,174,1552,1550,1551,279],"class_list":["post-7237","post","type-post","status-publish","format-standard","has-post-thumbnail","hentry","category-lifestyle","category-news","tag-arvo","tag-arvo-festival","tag-discoteca","tag-dj","tag-judivan-duarte","tag-kl-jay","tag-mac-julia","tag-musica-eletronica-3"],"_links":{"self":[{"href":"https:\/\/droptimes.com.br\/site\/wp-json\/wp\/v2\/posts\/7237","targetHints":{"allow":["GET"]}}],"collection":[{"href":"https:\/\/droptimes.com.br\/site\/wp-json\/wp\/v2\/posts"}],"about":[{"href":"https:\/\/droptimes.com.br\/site\/wp-json\/wp\/v2\/types\/post"}],"author":[{"embeddable":true,"href":"https:\/\/droptimes.com.br\/site\/wp-json\/wp\/v2\/users\/3"}],"replies":[{"embeddable":true,"href":"https:\/\/droptimes.com.br\/site\/wp-json\/wp\/v2\/comments?post=7237"}],"version-history":[{"count":1,"href":"https:\/\/droptimes.com.br\/site\/wp-json\/wp\/v2\/posts\/7237\/revisions"}],"predecessor-version":[{"id":7241,"href":"https:\/\/droptimes.com.br\/site\/wp-json\/wp\/v2\/posts\/7237\/revisions\/7241"}],"wp:featuredmedia":[{"embeddable":true,"href":"https:\/\/droptimes.com.br\/site\/wp-json\/wp\/v2\/media\/7238"}],"wp:attachment":[{"href":"https:\/\/droptimes.com.br\/site\/wp-json\/wp\/v2\/media?parent=7237"}],"wp:term":[{"taxonomy":"category","embeddable":true,"href":"https:\/\/droptimes.com.br\/site\/wp-json\/wp\/v2\/categories?post=7237"},{"taxonomy":"post_tag","embeddable":true,"href":"https:\/\/droptimes.com.br\/site\/wp-json\/wp\/v2\/tags?post=7237"}],"curies":[{"name":"wp","href":"https:\/\/api.w.org\/{rel}","templated":true}]}}