{"id":7147,"date":"2026-03-09T20:36:24","date_gmt":"2026-03-09T17:36:24","guid":{"rendered":"https:\/\/droptimes.com.br\/site\/?p=7147"},"modified":"2026-03-09T20:36:43","modified_gmt":"2026-03-09T17:36:43","slug":"com-carl-craig-b2b-moodymann-kink-e-ratier-de26-abre-vendas-para-edicao-especial-no-d-edge-rio","status":"publish","type":"post","link":"https:\/\/droptimes.com.br\/site\/com-carl-craig-b2b-moodymann-kink-e-ratier-de26-abre-vendas-para-edicao-especial-no-d-edge-rio\/","title":{"rendered":"Com Carl Craig B2B Moodymann, KiNK e Ratier, DE26 abre vendas para edi\u00e7\u00e3o especial no D-EDGE Rio"},"content":{"rendered":"\n<p>O&nbsp;<strong>D-EDGE Rio<\/strong>&nbsp;prepara uma celebra\u00e7\u00e3o \u00e0 altura de sua trajet\u00f3ria na cidade. No dia 04 de abril, um s\u00e1bado, o club recebe o&nbsp;<strong>DE26<\/strong>, festa que comemora o anivers\u00e1rio da marca em territ\u00f3rio carioca com um lineup que traduz perfeitamente seu DNA: diversidade sonora, curadoria ousada e conex\u00e3o direta com a hist\u00f3ria da m\u00fasica eletr\u00f4nica global.&nbsp;<\/p>\n\n\n\n<p>As vendas de ingressos j\u00e1 est\u00e3o abertas pela plataforma&nbsp;<strong>Ingresse<\/strong>.<\/p>\n\n\n\n<p>Diferentemente do D26 \u2013 a edi\u00e7\u00e3o paulista, que acontece dois dias antes, no&nbsp;<strong>Komplexo Tempo<\/strong>, reunindo m\u00faltiplos palcos e experi\u00eancias \u2013, o anivers\u00e1rio em solo carioca aposta na ess\u00eancia clubber: a experi\u00eancia imersiva dentro do pr\u00f3prio D-EDGE Rio.&nbsp;<\/p>\n\n\n\n<p>O resultado \u00e9 uma noite concentrada, intensa e cuidadosamente pensada, trazendo algumas das atra\u00e7\u00f5es mais relevantes do&nbsp;<strong>D-EDGE Festival 2026<\/strong>&nbsp;para um encontro mais pr\u00f3ximo entre artistas e pista.<\/p>\n\n\n\n<p>Entre os destaques est\u00e1 o aguardado B2B entre&nbsp;<strong>Carl Craig e Moodymann<\/strong>, dois dos nomes mais influentes da hist\u00f3ria do techno e da house de Detroit. Ambos s\u00e3o arquitetos sonoros respons\u00e1veis por expandir os limites da m\u00fasica eletr\u00f4nica desde os anos 1990.&nbsp;<\/p>\n\n\n\n<p><strong>Carl Craig<\/strong>&nbsp;\u00e9 reconhecido por sua abordagem futurista e sofisticada do techno, conectando m\u00fasica eletr\u00f4nica \u00e0 est\u00e9tica do jazz e da m\u00fasica contempor\u00e2nea, enquanto&nbsp;<strong>Moodymann&nbsp;<\/strong>construiu uma identidade \u00fanica ao fundir house, soul, funk e narrativa pessoal em sets profundamente humanos e imprevis\u00edveis. Juntos, representam um encontro raro entre duas vis\u00f5es complementares da mesma origem cultural.<\/p>\n\n\n\n<p>Outro nome central da noite \u00e9&nbsp;<strong>KiNK<\/strong>, reverenciado mundialmente por suas performances h\u00edbridas que misturam live act e DJ set com espontaneidade quase improvisada. Conhecido por transformar m\u00e1quinas em instrumentos vivos, o artista b\u00falgaro cria apresenta\u00e7\u00f5es energ\u00e9ticas e org\u00e2nicas, nas quais grooves anal\u00f3gicos e improvisa\u00e7\u00e3o eletr\u00f4nica aproximam p\u00fablico e artista de forma visceral \u2013 uma experi\u00eancia especialmente potente no ambiente intimista de um clube.<\/p>\n\n\n\n<p>Completando o lineup est\u00e1&nbsp;<strong>Ratier<\/strong>, fundador do D-EDGE e figura fundamental no desenvolvimento da cultura clubber brasileira. O DJ e produtor carrega tr\u00eas d\u00e9cadas de atua\u00e7\u00e3o conectando o Brasil aos principais movimentos da m\u00fasica eletr\u00f4nica internacional. Sua presen\u00e7a simboliza n\u00e3o apenas a celebra\u00e7\u00e3o da marca, mas tamb\u00e9m a continuidade de um projeto que sempre buscou elevar o padr\u00e3o art\u00edstico e estrutural da cena nacional.<\/p>\n\n\n\n<p>Atrav\u00e9s do DE26, portanto, o D-EDGE Rio aposta em artistas que carregam hist\u00f3ria, pesquisa musical e relev\u00e2ncia cultural, contribuindo ativamente para ampliar o repert\u00f3rio da pista carioca.<\/p>\n\n\n\n<p><strong><em>D-EDGE RIO presents DE26<\/em><\/strong><\/p>\n\n\n\n<p><strong>Local<\/strong>: Centro Cultural D-EDGE Rio \u2013&nbsp;<a href=\"https:\/\/www.google.com\/maps\/place\/Av.+Rodrigues+Alves,+293+-+Sa%C3%BAde,+Rio+de+Janeiro+-+RJ,+20220-360\/@-22.8937116,-43.1895756,17z\/data=!3m1!4b1!4m6!3m5!1s0x997f460a397acf:0x3effce0ee6efae2!8m2!3d-22.8937116!4d-43.1895756!16s%2Fg%2F11c4n2s4ws?entry=ttu\" rel=\"noreferrer noopener\" target=\"_blank\">Av. Rodrigues Alves, 293 &#8211; Sa\u00fade, Rio de Janeiro &#8211; RJ<\/a><\/p>\n\n\n\n<p><strong>Data<\/strong>: 04\/04 (s\u00e1bado)<\/p>\n\n\n\n<p><strong>Hor\u00e1rio<\/strong>: A partir das 23h<\/p>\n\n\n\n<p><strong>Atra\u00e7\u00f5es<\/strong>: Carl Craig B2B Moodymann, KiNK e Ratier<\/p>\n\n\n\n<p><strong>Ingressos<\/strong>: Vendas a partir de 05 de mar\u00e7o via&nbsp;<a href=\"https:\/\/www.ingresse.com\/\" rel=\"noreferrer noopener\" target=\"_blank\">Ingresse<\/a><\/p>\n","protected":false},"excerpt":{"rendered":"<p>O&nbsp;D-EDGE Rio&nbsp;prepara uma celebra\u00e7\u00e3o \u00e0 altura de sua trajet\u00f3ria na cidade. No dia 04 de abril, um s\u00e1bado, o club recebe o&nbsp;DE26, festa que comemora o anivers\u00e1rio da marca em territ\u00f3rio carioca com um lineup que traduz perfeitamente seu DNA: diversidade sonora, curadoria ousada e conex\u00e3o direta com a hist\u00f3ria da m\u00fasica eletr\u00f4nica global.&nbsp; As [&hellip;]<\/p>\n","protected":false},"author":3,"featured_media":7148,"comment_status":"closed","ping_status":"closed","sticky":false,"template":"","format":"standard","meta":{"pagelayer_contact_templates":[],"_pagelayer_content":"","footnotes":""},"categories":[20,157],"tags":[1511,439,1513,1512,629,362],"class_list":["post-7147","post","type-post","status-publish","format-standard","has-post-thumbnail","hentry","category-lifestyle","category-news","tag-carl-craig","tag-d-edge","tag-kink","tag-moodymann","tag-ratier","tag-rio-de-janeiro"],"_links":{"self":[{"href":"https:\/\/droptimes.com.br\/site\/wp-json\/wp\/v2\/posts\/7147","targetHints":{"allow":["GET"]}}],"collection":[{"href":"https:\/\/droptimes.com.br\/site\/wp-json\/wp\/v2\/posts"}],"about":[{"href":"https:\/\/droptimes.com.br\/site\/wp-json\/wp\/v2\/types\/post"}],"author":[{"embeddable":true,"href":"https:\/\/droptimes.com.br\/site\/wp-json\/wp\/v2\/users\/3"}],"replies":[{"embeddable":true,"href":"https:\/\/droptimes.com.br\/site\/wp-json\/wp\/v2\/comments?post=7147"}],"version-history":[{"count":2,"href":"https:\/\/droptimes.com.br\/site\/wp-json\/wp\/v2\/posts\/7147\/revisions"}],"predecessor-version":[{"id":7150,"href":"https:\/\/droptimes.com.br\/site\/wp-json\/wp\/v2\/posts\/7147\/revisions\/7150"}],"wp:featuredmedia":[{"embeddable":true,"href":"https:\/\/droptimes.com.br\/site\/wp-json\/wp\/v2\/media\/7148"}],"wp:attachment":[{"href":"https:\/\/droptimes.com.br\/site\/wp-json\/wp\/v2\/media?parent=7147"}],"wp:term":[{"taxonomy":"category","embeddable":true,"href":"https:\/\/droptimes.com.br\/site\/wp-json\/wp\/v2\/categories?post=7147"},{"taxonomy":"post_tag","embeddable":true,"href":"https:\/\/droptimes.com.br\/site\/wp-json\/wp\/v2\/tags?post=7147"}],"curies":[{"name":"wp","href":"https:\/\/api.w.org\/{rel}","templated":true}]}}