{"id":7060,"date":"2026-03-07T12:23:38","date_gmt":"2026-03-07T09:23:38","guid":{"rendered":"https:\/\/droptimes.com.br\/site\/?p=7060"},"modified":"2026-03-07T12:23:39","modified_gmt":"2026-03-07T09:23:39","slug":"parra-for-cuva-anuncia-novo-album-nacar-com-single-de-estreia-selva-selva-e-datas-de-turne","status":"publish","type":"post","link":"https:\/\/droptimes.com.br\/site\/parra-for-cuva-anuncia-novo-album-nacar-com-single-de-estreia-selva-selva-e-datas-de-turne\/","title":{"rendered":"Parra for Cuva anuncia novo \u00e1lbum Nacar com single de estreia \u201cSelva Selva\u201d e datas de turn\u00ea"},"content":{"rendered":"\n<p>O produtor eletr\u00f4nico alem\u00e3o compartilha detalhes de seu 6\u00ba \u00e1lbum de est\u00fadio e da turn\u00ea pela Europa no outono de 2026.<\/p>\n\n\n\n<p><strong>Parra for Cuva<\/strong><br><em>\u201cSelva Selva\u201d<\/em> (Single + Clipe Oficial)<br><a href=\"https:\/\/orcd.co\/selvaselva\">Ou\u00e7a aqui<\/a><\/p>\n\n\n\n<hr class=\"wp-block-separator has-alpha-channel-opacity\"\/>\n\n\n\n<p>O produtor alem\u00e3o <strong>Parra for Cuva<\/strong> retorna com o an\u00fancio de seu aguardado \u00e1lbum <em>Nacar<\/em>, que ser\u00e1 lan\u00e7ado em 15 de maio, acompanhado de uma extensa turn\u00ea europeia no outono. O single de estreia, <em>\u201cSelva Selva\u201d<\/em>, oferece a primeira amostra de um projeto que aprofunda a explora\u00e7\u00e3o do artista por instrumenta\u00e7\u00e3o org\u00e2nica, texturas globais e paisagens sonoras imersivas.<\/p>\n\n\n\n<figure class=\"wp-block-image size-full\"><a href=\"https:\/\/agency.us19.list-manage.com\/track\/click?u=40b2ef2f8e5f2eb43671d8e7c&amp;id=71a82521f1&amp;e=e02d9d9783\"><img fetchpriority=\"high\" decoding=\"async\" width=\"640\" height=\"360\" src=\"https:\/\/droptimes.com.br\/site\/wp-content\/uploads\/2026\/03\/image-15.png\" alt=\"\" class=\"wp-image-7062\" srcset=\"https:\/\/droptimes.com.br\/site\/wp-content\/uploads\/2026\/03\/image-15.png 640w, https:\/\/droptimes.com.br\/site\/wp-content\/uploads\/2026\/03\/image-15-300x169.png 300w\" sizes=\"(max-width: 640px) 100vw, 640px\" \/><\/a><\/figure>\n\n\n\n<p>O an\u00fancio marca o lan\u00e7amento do 6\u00ba \u00e1lbum de est\u00fadio de <strong>Nico Demuth<\/strong>, conhecido como Parra for Cuva, cujas paisagens sonoras eletr\u00f4nicas texturizadas e multilayered lhe renderam reconhecimento global. Desde os \u00e1lbuns iniciais <em>Majour\u00e9<\/em> e <em>Darw\u00ee\u015b<\/em>, ele vem construindo uma sonoridade que une electronica, ambient e influ\u00eancias cl\u00e1ssicas modernas, combinando instrumentos ao vivo com produ\u00e7\u00e3o detalhada e emotiva. Seu trabalho conecta p\u00fablicos desde o <strong>Burning Man<\/strong> at\u00e9 shows esgotados no <strong>Drumsheds em Londres<\/strong>, criando experi\u00eancias atmosf\u00e9ricas que transcendem o contexto t\u00edpico de clubes.<\/p>\n\n\n\n<blockquote class=\"wp-block-quote is-layout-flow wp-block-quote-is-layout-flow\">\n<p>\u201c<em>Selva Selva<\/em> \u00e9 o primeiro single do meu pr\u00f3ximo \u00e1lbum <em>Nacar<\/em>. Misturando percuss\u00e3o org\u00e2nica, sintetizadores anal\u00f3gicos quentes e texturas globais, a faixa se desenrola como uma jornada hipn\u00f3tica entre Organic House e Electronica, meditativa e propulsiva, \u00edntima e expansiva. No meio da m\u00fasica, vocais tradicionais latinos surgem no cora\u00e7\u00e3o da composi\u00e7\u00e3o, introduzindo profundidade emocional e terrena que confere ao tema seu car\u00e1ter inconfund\u00edvel.\u201d<br>\u2013 Parra for Cuva<\/p>\n<\/blockquote>\n\n\n\n<p>O single \u00e9 acompanhado por um <strong>clipe oficial<\/strong> gravado durante a apresenta\u00e7\u00e3o esgotada de Parra for Cuva no <strong>Drumsheds em Londres<\/strong>, em dezembro, capturando a energia bruta e a atmosfera de um de seus maiores shows at\u00e9 hoje. O lan\u00e7amento tamb\u00e9m marca o in\u00edcio das pr\u00e9-vendas do \u00e1lbum <em>Nacar<\/em>: <a href=\"https:\/\/orcd.co\/nacar\">Pr\u00e9-venda aqui<\/a><\/p>\n\n\n\n<p>O ciclo do \u00e1lbum <em>Nacar<\/em> traz uma linguagem visual renovada e experi\u00eancia ao vivo, com a turn\u00ea desempenhando papel central no processo criativo e no lan\u00e7amento. Ap\u00f3s o lan\u00e7amento, Parra for Cuva realizar\u00e1 um <strong>evento especial em Berlim<\/strong> em 16 de maio antes de iniciar a turn\u00ea europeia.<\/p>\n\n\n\n<figure class=\"wp-block-image size-large\"><img decoding=\"async\" width=\"772\" height=\"1024\" src=\"https:\/\/droptimes.com.br\/site\/wp-content\/uploads\/2026\/03\/image-16-772x1024.png\" alt=\"\" class=\"wp-image-7063\" srcset=\"https:\/\/droptimes.com.br\/site\/wp-content\/uploads\/2026\/03\/image-16-772x1024.png 772w, https:\/\/droptimes.com.br\/site\/wp-content\/uploads\/2026\/03\/image-16-226x300.png 226w, https:\/\/droptimes.com.br\/site\/wp-content\/uploads\/2026\/03\/image-16-768x1019.png 768w, https:\/\/droptimes.com.br\/site\/wp-content\/uploads\/2026\/03\/image-16.png 1000w\" sizes=\"(max-width: 772px) 100vw, 772px\" \/><\/figure>\n\n\n\n<p>A primeira leva de datas inclui: <strong>Hamburgo, Amsterd\u00e3, Col\u00f4nia, Paris, Zurique, Munique, Viena, Praga, Vars\u00f3via, Londres e Berlim<\/strong> durante setembro e outubro de 2026.<\/p>\n\n\n\n<p>O artista introduziu um <strong>sistema de ingressos equilibrado<\/strong>, oferecendo descontos para quem precisa, viabilizado por contribui\u00e7\u00f5es volunt\u00e1rias de f\u00e3s que podem pagar um pouco mais, garantindo acesso inclusivo e solid\u00e1rio para todos.<\/p>\n\n\n\n<p>Al\u00e9m de <em>Selva Selva<\/em>, outros tr\u00eas singles ser\u00e3o lan\u00e7ados antes do \u00e1lbum: <em>\u201cTowards Ember\u201d<\/em>, <em>\u201cJuri\u201d<\/em> e a faixa-t\u00edtulo <em>\u201cNacar\u201d<\/em>, chegando junto com o LP completo. Datas na Am\u00e9rica do Norte ser\u00e3o anunciadas nos pr\u00f3ximos meses.<\/p>\n\n\n\n<p><strong>Datas da turn\u00ea 2026 \u2013 ingressos <a>aqui<\/a>:<\/strong><\/p>\n\n\n\n<ul class=\"wp-block-list\">\n<li>29 de setembro \u2013 Hamburgo, DE<\/li>\n\n\n\n<li>30 de setembro \u2013 Amsterd\u00e3, NL<\/li>\n\n\n\n<li>1 de outubro \u2013 Col\u00f4nia, DE<\/li>\n\n\n\n<li>2 de outubro \u2013 Paris, FR<\/li>\n\n\n\n<li>4 de outubro \u2013 Zurique, CH<\/li>\n\n\n\n<li>5 de outubro \u2013 Munique, DE<\/li>\n\n\n\n<li>6 de outubro \u2013 Viena, AT<\/li>\n\n\n\n<li>8 de outubro \u2013 Praga, CZ<\/li>\n\n\n\n<li>9 de outubro \u2013 Vars\u00f3via, PL<\/li>\n\n\n\n<li>17 de outubro \u2013 Londres, UK<\/li>\n\n\n\n<li>21 de outubro \u2013 Berlim, DE<\/li>\n<\/ul>\n","protected":false},"excerpt":{"rendered":"<p>O produtor eletr\u00f4nico alem\u00e3o compartilha detalhes de seu 6\u00ba \u00e1lbum de est\u00fadio e da turn\u00ea pela Europa no outono de 2026. Parra for Cuva\u201cSelva Selva\u201d (Single + Clipe Oficial)Ou\u00e7a aqui O produtor alem\u00e3o Parra for Cuva retorna com o an\u00fancio de seu aguardado \u00e1lbum Nacar, que ser\u00e1 lan\u00e7ado em 15 de maio, acompanhado de uma [&hellip;]<\/p>\n","protected":false},"author":3,"featured_media":7061,"comment_status":"closed","ping_status":"closed","sticky":false,"template":"","format":"standard","meta":{"pagelayer_contact_templates":[],"_pagelayer_content":"","footnotes":""},"categories":[158,157],"tags":[174,279,357,1486],"class_list":["post-7060","post","type-post","status-publish","format-standard","has-post-thumbnail","hentry","category-lancamentos","category-news","tag-dj","tag-musica-eletronica-3","tag-parra-for-cuva","tag-selva-selva"],"_links":{"self":[{"href":"https:\/\/droptimes.com.br\/site\/wp-json\/wp\/v2\/posts\/7060","targetHints":{"allow":["GET"]}}],"collection":[{"href":"https:\/\/droptimes.com.br\/site\/wp-json\/wp\/v2\/posts"}],"about":[{"href":"https:\/\/droptimes.com.br\/site\/wp-json\/wp\/v2\/types\/post"}],"author":[{"embeddable":true,"href":"https:\/\/droptimes.com.br\/site\/wp-json\/wp\/v2\/users\/3"}],"replies":[{"embeddable":true,"href":"https:\/\/droptimes.com.br\/site\/wp-json\/wp\/v2\/comments?post=7060"}],"version-history":[{"count":1,"href":"https:\/\/droptimes.com.br\/site\/wp-json\/wp\/v2\/posts\/7060\/revisions"}],"predecessor-version":[{"id":7064,"href":"https:\/\/droptimes.com.br\/site\/wp-json\/wp\/v2\/posts\/7060\/revisions\/7064"}],"wp:featuredmedia":[{"embeddable":true,"href":"https:\/\/droptimes.com.br\/site\/wp-json\/wp\/v2\/media\/7061"}],"wp:attachment":[{"href":"https:\/\/droptimes.com.br\/site\/wp-json\/wp\/v2\/media?parent=7060"}],"wp:term":[{"taxonomy":"category","embeddable":true,"href":"https:\/\/droptimes.com.br\/site\/wp-json\/wp\/v2\/categories?post=7060"},{"taxonomy":"post_tag","embeddable":true,"href":"https:\/\/droptimes.com.br\/site\/wp-json\/wp\/v2\/tags?post=7060"}],"curies":[{"name":"wp","href":"https:\/\/api.w.org\/{rel}","templated":true}]}}