{"id":7035,"date":"2026-03-07T11:56:56","date_gmt":"2026-03-07T08:56:56","guid":{"rendered":"https:\/\/droptimes.com.br\/site\/?p=7035"},"modified":"2026-03-07T11:56:57","modified_gmt":"2026-03-07T08:56:57","slug":"heydoc-impacta-mais-de-70-mil-pessoas-levando-a-musica-eletronica-ao-carnaval-de-goias","status":"publish","type":"post","link":"https:\/\/droptimes.com.br\/site\/heydoc-impacta-mais-de-70-mil-pessoas-levando-a-musica-eletronica-ao-carnaval-de-goias\/","title":{"rendered":"HeyDoc! impacta mais de 70 mil pessoas levando a m\u00fasica eletr\u00f4nica ao Carnaval de Goi\u00e1s"},"content":{"rendered":"\n<p><em><br>DJ e produtor goiano refor\u00e7a protagonismo no estado, ampliando a conex\u00e3o com o p\u00fablico e mostrando sua for\u00e7a na m\u00fasica eletr\u00f4nica nacional.<\/em><\/p>\n\n\n\n<p>O Carnaval 2026 consolidou\u00a0<strong>HeyDoc!\u00a0<\/strong>como um dos grandes protagonistas da temporada em Goi\u00e1s. O DJ autista, com trajet\u00f3ria nacional e passagens internacionais, percorreu o estado em uma intensa agenda de apresenta\u00e7\u00f5es que, juntas, impactaram mais de 70 mil pessoas ao longo do per\u00edodo festivo.<\/p>\n\n\n\n<p>Com lan\u00e7amentos por importantes gravadoras globais da m\u00fasica eletr\u00f4nica, HeyDoc! levou \u00e0s festas um repert\u00f3rio autoral marcante, incluindo faixas que j\u00e1 figuraram no Top 10 do Beatport e recebem suporte de nomes como Tchami e Don Diablo. Para o Carnaval, o DJ preparou um set especial que integrou sua identidade sonora \u00e0 brasilidade e a elementos vibrantes t\u00edpicos da folia, criando uma experi\u00eancia energ\u00e9tica e conectada com o clima das ruas. A forte resposta do p\u00fablico confirmou o momento de destaque de sua carreira.<\/p>\n\n\n\n<p>A jornada come\u00e7ou em Goi\u00e2nia, no tradicional&nbsp;<strong>Bloquinho Medellin<\/strong>, realizado no&nbsp;<strong>Bar Medellin<\/strong>, um dos espa\u00e7os mais movimentados da capital durante o per\u00edodo carnavalesco. No dia 14 de fevereiro, o artista levou sua energia ao<strong>&nbsp;Carna Folia<\/strong>, em Goiandira, ampliando sua atua\u00e7\u00e3o para al\u00e9m da capital.&nbsp;<\/p>\n\n\n\n<figure class=\"wp-block-image\"><img decoding=\"async\" src=\"https:\/\/mail.google.com\/mail\/u\/0?ui=2&amp;ik=d9728c401a&amp;attid=0.3&amp;permmsgid=msg-f:1857678242761102526&amp;th=19c7cc84f6bf54be&amp;view=fimg&amp;fur=ip&amp;permmsgid=msg-f:1857678242761102526&amp;sz=s0-l75-ft&amp;attbid=ANGjdJ_QyjMw0CHbGOnjhpTL_nWQ2HnqHchgMFXJb64lJxx38Y65ORfdjpZ8LW17rrqVOw_XqpHKcZsI5G3nWybwT9V93b61onbJ3U0ysO1RouqfH-nVWXothztprrc&amp;disp=emb&amp;realattid=ii_mlvbmkl76&amp;zw\" alt=\"DSC02414.jpg.jpeg\"\/><figcaption class=\"wp-element-caption\">Foto: @shotbysouza<\/figcaption><\/figure>\n\n\n\n<p>O circuito seguiu pelo interior, passando pelo&nbsp;<strong>NC Folia<\/strong>, em Nova Crix\u00e1s (15\/02) e pelo&nbsp;<strong>Carnalta<\/strong>, em Itau\u00e7u (16\/02). No dia 17, se apresentou no&nbsp;<strong>Carnaval de Formosa&nbsp;<\/strong>e no&nbsp;<strong>CarnaOlhos<\/strong>, em Alex\u00e2nia.<\/p>\n\n\n\n<figure class=\"wp-block-image\"><img decoding=\"async\" src=\"https:\/\/mail.google.com\/mail\/u\/0?ui=2&amp;ik=d9728c401a&amp;attid=0.4&amp;permmsgid=msg-f:1857678242761102526&amp;th=19c7cc84f6bf54be&amp;view=fimg&amp;fur=ip&amp;permmsgid=msg-f:1857678242761102526&amp;sz=s0-l75-ft&amp;attbid=ANGjdJ_wo2W7IEFZKKf3zPBsiajbotw4qrH7sNQxlx3fpKiz9edcuCu1gPwHU0d4CV0h_aTUZGneTs9BtgOTVBnA84_fQpFyRk8aVoMdQZcXXltAhz7vkR6OiJ_MkMs&amp;disp=emb&amp;realattid=ii_mlvbrng57&amp;zw\" alt=\"DSC02962.jpg.jpeg\"\/><figcaption class=\"wp-element-caption\">Foto: @shotbysouza<\/figcaption><\/figure>\n\n\n\n<p>Encerrando a temporada, o artista goiano sobe ao palco neste fim de semana para a tradicional&nbsp;<strong>Ressaca de Carnaval<\/strong>, em Goi\u00e2nia &#8211; \u00faltima apresenta\u00e7\u00e3o da maratona, que fecha um ciclo de grande visibilidade e forte ades\u00e3o popular.&nbsp;<\/p>\n\n\n\n<p>A passagem por diferentes munic\u00edpios fortaleceu sua conex\u00e3o com p\u00fablicos diversos e evidenciou sua for\u00e7a no estado. A turn\u00ea foi acompanhada por alto engajamento nas redes sociais e excelente receptividade por parte das produ\u00e7\u00f5es locais, refor\u00e7ando seu protagonismo na cena eletr\u00f4nica nacional.<\/p>\n\n\n\n<figure class=\"wp-block-image\"><img decoding=\"async\" src=\"https:\/\/mail.google.com\/mail\/u\/0?ui=2&amp;ik=d9728c401a&amp;attid=0.5&amp;permmsgid=msg-f:1857678242761102526&amp;th=19c7cc84f6bf54be&amp;view=fimg&amp;fur=ip&amp;permmsgid=msg-f:1857678242761102526&amp;sz=s0-l75-ft&amp;attbid=ANGjdJ9YDwXw85QVT4I7gxIyELZG8Ui7rV0Lk6If6SUS73J8Z83ZLohjWdzRG3h0EwErd9G7zM4lPIYsMdW77fVOK1NgU948SLmhkMdQP7iaKh7dOs53AxwCG6DIOHE&amp;disp=emb&amp;realattid=ii_mlvbs1738&amp;zw\" alt=\"DSC02189.jpg.jpeg\"\/><figcaption class=\"wp-element-caption\">Foto: @shotbysouza<\/figcaption><\/figure>\n\n\n\n<p>Mais do que n\u00fameros expressivos, o Carnaval 2026 simboliza a consolida\u00e7\u00e3o de sua for\u00e7a em casa, diante de um p\u00fablico que acompanha de perto sua evolu\u00e7\u00e3o e projeta seu nome para al\u00e9m das fronteiras regionais.<\/p>\n","protected":false},"excerpt":{"rendered":"<p>DJ e produtor goiano refor\u00e7a protagonismo no estado, ampliando a conex\u00e3o com o p\u00fablico e mostrando sua for\u00e7a na m\u00fasica eletr\u00f4nica nacional. O Carnaval 2026 consolidou\u00a0HeyDoc!\u00a0como um dos grandes protagonistas da temporada em Goi\u00e1s. O DJ autista, com trajet\u00f3ria nacional e passagens internacionais, percorreu o estado em uma intensa agenda de apresenta\u00e7\u00f5es que, juntas, impactaram [&hellip;]<\/p>\n","protected":false},"author":3,"featured_media":7036,"comment_status":"closed","ping_status":"closed","sticky":false,"template":"","format":"standard","meta":{"pagelayer_contact_templates":[],"_pagelayer_content":"","footnotes":""},"categories":[20,157],"tags":[1360,174,1480,1204,279],"class_list":["post-7035","post","type-post","status-publish","format-standard","has-post-thumbnail","hentry","category-lifestyle","category-news","tag-carnaval","tag-dj","tag-goias","tag-heydoc-2","tag-musica-eletronica-3"],"_links":{"self":[{"href":"https:\/\/droptimes.com.br\/site\/wp-json\/wp\/v2\/posts\/7035","targetHints":{"allow":["GET"]}}],"collection":[{"href":"https:\/\/droptimes.com.br\/site\/wp-json\/wp\/v2\/posts"}],"about":[{"href":"https:\/\/droptimes.com.br\/site\/wp-json\/wp\/v2\/types\/post"}],"author":[{"embeddable":true,"href":"https:\/\/droptimes.com.br\/site\/wp-json\/wp\/v2\/users\/3"}],"replies":[{"embeddable":true,"href":"https:\/\/droptimes.com.br\/site\/wp-json\/wp\/v2\/comments?post=7035"}],"version-history":[{"count":1,"href":"https:\/\/droptimes.com.br\/site\/wp-json\/wp\/v2\/posts\/7035\/revisions"}],"predecessor-version":[{"id":7037,"href":"https:\/\/droptimes.com.br\/site\/wp-json\/wp\/v2\/posts\/7035\/revisions\/7037"}],"wp:featuredmedia":[{"embeddable":true,"href":"https:\/\/droptimes.com.br\/site\/wp-json\/wp\/v2\/media\/7036"}],"wp:attachment":[{"href":"https:\/\/droptimes.com.br\/site\/wp-json\/wp\/v2\/media?parent=7035"}],"wp:term":[{"taxonomy":"category","embeddable":true,"href":"https:\/\/droptimes.com.br\/site\/wp-json\/wp\/v2\/categories?post=7035"},{"taxonomy":"post_tag","embeddable":true,"href":"https:\/\/droptimes.com.br\/site\/wp-json\/wp\/v2\/tags?post=7035"}],"curies":[{"name":"wp","href":"https:\/\/api.w.org\/{rel}","templated":true}]}}