{"id":6938,"date":"2026-02-09T20:41:20","date_gmt":"2026-02-09T17:41:20","guid":{"rendered":"https:\/\/droptimes.com.br\/site\/?p=6938"},"modified":"2026-02-09T20:41:21","modified_gmt":"2026-02-09T17:41:21","slug":"vintage-culture-assume-residencia-no-pacha-ibiza-no-verao-de-2026","status":"publish","type":"post","link":"https:\/\/droptimes.com.br\/site\/vintage-culture-assume-residencia-no-pacha-ibiza-no-verao-de-2026\/","title":{"rendered":"Vintage Culture assume resid\u00eancia no Pacha Ibiza no ver\u00e3o de 2026"},"content":{"rendered":"\n<p>Neste ver\u00e3o, o gigante global da m\u00fasica eletr\u00f4nica Vintage Culture se une ao Pacha Ibiza para uma resid\u00eancia curada, marcando o in\u00edcio de um novo cap\u00edtulo criativo entre um dos artistas mais influentes da cena e o clube mais ic\u00f4nico de Ibiza. Ao longo de quatro noites exclusivas, \u00e0s ter\u00e7as-feiras, nos dias 9, 16, 23 e 30 de junho de 2026, o artista brasileiro assumir\u00e1 total controle da curadoria, apresentando uma resid\u00eancia moldada por sua vis\u00e3o musical e experi\u00eancia.<\/p>\n\n\n\n<p>A resid\u00eancia foi concebida como uma experi\u00eancia curada que reflete a capacidade de Vintage Culture de conectar a credibilidade do underground com o apelo global. Cada noite apresentar\u00e1 o som de Vintage Culture, ao lado de artistas selecionados que influenciaram sua trajet\u00f3ria.<\/p>\n\n\n\n<p>Ao longo da \u00faltima d\u00e9cada, Vintage Culture se consolidou como uma das figuras mais consistentes e influentes da m\u00fasica eletr\u00f4nica. Com apresenta\u00e7\u00f5es em alguns dos eventos mais marcantes do mundo, incluindo Coachella, Burning Man e Time Warp, al\u00e9m de esgotar shows e arenas como atra\u00e7\u00e3o principal pela Europa, Am\u00e9ricas e outros territ\u00f3rios, esta resid\u00eancia representa um momento decisivo em sua evolu\u00e7\u00e3o como artista e curador.<\/p>\n\n\n\n<p>Com sua estreia em resid\u00eancia no Pacha Ibiza, uma das institui\u00e7\u00f5es de clube mais influentes do mundo, Vintage Culture apresenta quatro noites curadas em junho que refletem os artistas, sons e momentos que definiram sua vis\u00e3o musical. Com o line-up de apoio ainda a ser anunciado, a resid\u00eancia se posiciona como uma vitrine focada e imersiva de seu som em constante evolu\u00e7\u00e3o.<\/p>\n\n\n\n<p>Para mais informa\u00e7\u00f5es, visite o site do <a href=\"https:\/\/ses.prsts.de\/CL0\/https:%2F%2Fpacha.com%2F%3Futm_source=google%26utm_medium=ppc%26utm_campaign=23498556375%26utm_term=pacha%252520ibiza%26utm_content=794684371088%26ad_id=794684371088%26um_campaign_id=23498556375%26um_cl=CjwKCAiAqKbMBhBmEiwAZ3UboCJY3I8z4jCP9XO0oyG-w_zFISQpaHOteY0Qox1XBVpL3vYCTG78zxoCu14QAvD_BwE%26gad_source=1%26gad_campaignid=23498556375%26gbraid=0AAAAAC6ddiKKwT11VNDV3HZHPsp5OsFbo%26gclid=CjwKCAiAqKbMBhBmEiwAZ3UboCJY3I8z4jCP9XO0oyG-w_zFISQpaHOteY0Qox1XBVpL3vYCTG78zxoCu14QAvD_BwE\/1\/0102019c433c49fa-91102270-ae84-4ef4-8248-1a13304ea65a-000000\/hNZReeRgiSc1Yp-7uR3sOJCR6OaBvvuwilS9kHZToiU=443\">Pacha Ibiza<\/a>.<\/p>\n","protected":false},"excerpt":{"rendered":"<p>Neste ver\u00e3o, o gigante global da m\u00fasica eletr\u00f4nica Vintage Culture se une ao Pacha Ibiza para uma resid\u00eancia curada, marcando o in\u00edcio de um novo cap\u00edtulo criativo entre um dos artistas mais influentes da cena e o clube mais ic\u00f4nico de Ibiza. Ao longo de quatro noites exclusivas, \u00e0s ter\u00e7as-feiras, nos dias 9, 16, 23 [&hellip;]<\/p>\n","protected":false},"author":3,"featured_media":6939,"comment_status":"closed","ping_status":"closed","sticky":false,"template":"","format":"standard","meta":{"pagelayer_contact_templates":[],"_pagelayer_content":"","footnotes":""},"categories":[20,157],"tags":[1454,365],"class_list":["post-6938","post","type-post","status-publish","format-standard","has-post-thumbnail","hentry","category-lifestyle","category-news","tag-pacha-ibiza","tag-vintage-culture"],"_links":{"self":[{"href":"https:\/\/droptimes.com.br\/site\/wp-json\/wp\/v2\/posts\/6938","targetHints":{"allow":["GET"]}}],"collection":[{"href":"https:\/\/droptimes.com.br\/site\/wp-json\/wp\/v2\/posts"}],"about":[{"href":"https:\/\/droptimes.com.br\/site\/wp-json\/wp\/v2\/types\/post"}],"author":[{"embeddable":true,"href":"https:\/\/droptimes.com.br\/site\/wp-json\/wp\/v2\/users\/3"}],"replies":[{"embeddable":true,"href":"https:\/\/droptimes.com.br\/site\/wp-json\/wp\/v2\/comments?post=6938"}],"version-history":[{"count":1,"href":"https:\/\/droptimes.com.br\/site\/wp-json\/wp\/v2\/posts\/6938\/revisions"}],"predecessor-version":[{"id":6940,"href":"https:\/\/droptimes.com.br\/site\/wp-json\/wp\/v2\/posts\/6938\/revisions\/6940"}],"wp:featuredmedia":[{"embeddable":true,"href":"https:\/\/droptimes.com.br\/site\/wp-json\/wp\/v2\/media\/6939"}],"wp:attachment":[{"href":"https:\/\/droptimes.com.br\/site\/wp-json\/wp\/v2\/media?parent=6938"}],"wp:term":[{"taxonomy":"category","embeddable":true,"href":"https:\/\/droptimes.com.br\/site\/wp-json\/wp\/v2\/categories?post=6938"},{"taxonomy":"post_tag","embeddable":true,"href":"https:\/\/droptimes.com.br\/site\/wp-json\/wp\/v2\/tags?post=6938"}],"curies":[{"name":"wp","href":"https:\/\/api.w.org\/{rel}","templated":true}]}}