{"id":6932,"date":"2026-02-09T20:35:13","date_gmt":"2026-02-09T17:35:13","guid":{"rendered":"https:\/\/droptimes.com.br\/site\/?p=6932"},"modified":"2026-02-09T20:35:13","modified_gmt":"2026-02-09T17:35:13","slug":"sunnery-james-ryan-marciano-lancam-raiz-brasileira-com-bruno-martini-carlinhos-brown-e-bruna-magalhaes","status":"publish","type":"post","link":"https:\/\/droptimes.com.br\/site\/sunnery-james-ryan-marciano-lancam-raiz-brasileira-com-bruno-martini-carlinhos-brown-e-bruna-magalhaes\/","title":{"rendered":"Sunnery James &amp; Ryan Marciano lan\u00e7am \u201cRaiz Brasileira\u201d com Bruno Martini, Carlinhos Brown e Bruna Magalh\u00e3es"},"content":{"rendered":"\n<p><a href=\"https:\/\/onerpm.link\/raiz-brasileira\" rel=\"noreferrer noopener\" target=\"_blank\"><strong>Ou\u00e7a &#8220;Ra\u00edz Brasileira&#8221; AQUI<\/strong><\/a><strong>&nbsp;<\/strong><\/p>\n\n\n\n<p>Nesta sexta-feira (6), o&nbsp;<strong>duo Sunnery James &amp; Ryan Marciano<\/strong>&nbsp;lan\u00e7a&nbsp;<strong>\u201cRaiz Brasileira\u201d<\/strong>, faixa foco do \u00e1lbum<strong>&nbsp;\u201cAmazone Project\u201d&nbsp;<\/strong>e uma das s\u00ednteses mais potentes do novo momento da dupla. A m\u00fasica, em colabora\u00e7\u00e3o com&nbsp;<strong>Bruno Martini&nbsp;<\/strong>feat.<strong>&nbsp;Carlinhos Brown<\/strong>&nbsp;e&nbsp;<strong>Bruna Magalh\u00e3es<\/strong>, reafirma a ess\u00eancia da dupla holandesa ao unir energia de pista, percuss\u00e3o org\u00e2nica e grooves hipn\u00f3ticos. Com base s\u00f3lida em Tribal House e Afro House, a faixa traduz uma jornada sonora guiada por tambores primais, ritmos \u00e9tnicos e texturas tribais, conectando ancestralidade e a club cultural global.<\/p>\n\n\n\n<p>O projeto<strong>&nbsp;\u201cAmazone Project\u201d<\/strong>&nbsp;marca o retorno do duo \u00e0s suas ra\u00edzes e se constr\u00f3i a partir de uma est\u00e9tica inspirada diretamente na heran\u00e7a holandesa-surinamesa de Sunnery James &amp; Ryan Marciano. Dentro desse contexto,&nbsp;<strong>\u201cRaiz Brasileira\u201d<\/strong>&nbsp;funciona como o cora\u00e7\u00e3o r\u00edtmico do \u00e1lbum e estar\u00e1 dispon\u00edvel em todas as plataformas digitais via<strong>&nbsp;ONErpm<\/strong>.&nbsp;<\/p>\n\n\n\n<p><em>\u201c\u2018Raiz Brasileira\u2019 nasceu no meu est\u00fadio em S\u00e3o Paulo, quando o Sunnery James &amp; Ryan Marciano estavam no Brasil. Gravamos um primeiro demo com a Bruna Magalh\u00e3es, depois eles levaram a faixa para a Holanda, trabalharam nela por um tempo e, mais tarde, me enviaram uma nova vers\u00e3o. Quando ouvi, achei simplesmente sensacional. Foi ent\u00e3o que tivemos a ideia de chamar o Carlinhos Brown, um grande amigo meu, que topou na hora. Passamos uma tarde muito especial no est\u00fadio criando, gravando instrumentos e trocando ideias, deixando a m\u00fasica ganhar vida. Finalizei tudo aqui, enviei de volta para eles e foi assim que essa mistura de ra\u00edzes brasileiras com um som internacional tomou forma. Foi um processo longo e intenso, mas o resultado valeu totalmente a pena\u201d<\/em>, compartilha Bruno Martini.<\/p>\n\n\n\n<p><em>\u201cA letra fala sobre nossas ra\u00edzes brasileiras, sobre como a heran\u00e7a africana \u00e9 uma parte essencial da nossa cultura, da dan\u00e7a, das cores e da ancestralidade, e sobre o qu\u00e3o rica \u00e9 a nossa cultura em cren\u00e7as, natureza, flora e fauna. Assim, a m\u00fasica reflete nossa heran\u00e7a brasileira, nosso canto, nossa liberdade e nossa diversidade\u201d<\/em>, comenta Bruna Magalh\u00e3es, que completa:&nbsp;<em>\u201cNo in\u00edcio, eu era a \u00fanica voz da m\u00fasica e, meses depois, conforme os produtores e DJs foram trabalhando nela, recebi a not\u00edcia maravilhosa de que o Carlinhos Brown, um artista que admiro profundamente e acompanho h\u00e1 anos, faria parte da faixa. Sempre amei o trabalho dele, tanto com os Tribalistas quanto na carreira solo, e at\u00e9 quando atuava como jurado em programas de TV. Ent\u00e3o, foi a realiza\u00e7\u00e3o de um sonho t\u00ea-lo no projeto. Ele j\u00e1 tinha gravado as partes dele, e eu voltei ao est\u00fadio para regravar alguns vocais e adicionar uma nova parte. A m\u00fasica tamb\u00e9m traz muita percuss\u00e3o org\u00e2nica, refletindo os ritmos baianos que o Carlinhos trouxe para a faixa. Foi realmente uma experi\u00eancia linda e a realiza\u00e7\u00e3o de um sonho trabalhar ao lado do Bruno Martini e do Carlinhos Brown. Estou muito feliz com isso!\u201d<\/em><\/p>\n\n\n\n<p>O conceito de \u201cAmazone Project\u201d nasce da busca por identidade e intensidade r\u00edtmica: um disco que prioriza o corpo e a dan\u00e7a, com uma assinatura que valoriza a percuss\u00e3o como protagonista e coloca o groove no centro da narrativa. A mensagem do projeto \u00e9 clara: voltar ao fundamento para avan\u00e7ar com mais for\u00e7a, celebrando cultura, origem e a pot\u00eancia do ritmo como linguagem universal.<\/p>\n\n\n\n<p>Na produ\u00e7\u00e3o, o \u00e1lbum se apoia em arranjos direcionados para a pista, com constru\u00e7\u00e3o pensada para sets de alta energia e grandes palcos, combinando camadas de percuss\u00e3o, tens\u00e3o mel\u00f3dica e drops org\u00e2nicos. As colabora\u00e7\u00f5es aprofundam o alcance e a autenticidade do projeto, conectando cenas e territ\u00f3rios com naturalidade, especialmente no elo com a Am\u00e9rica Latina.<\/p>\n\n\n\n<p>Com reputa\u00e7\u00e3o de artistas de prest\u00edgio tanto nos palcos quanto no est\u00fadio, Sunnery James &amp; Ryan Marciano seguem entre os nomes mais requisitados da cena, conhecidos pela energia ao vivo e pela assinatura tribal.<\/p>\n\n\n\n<p>\u201cRa\u00edz Brasileira\u201d j\u00e1 est\u00e1 dispon\u00edvel em todas as plataformas digitais via&nbsp;<strong>ONErpm<\/strong>.<\/p>\n","protected":false},"excerpt":{"rendered":"<p>Ou\u00e7a &#8220;Ra\u00edz Brasileira&#8221; AQUI&nbsp; Nesta sexta-feira (6), o&nbsp;duo Sunnery James &amp; Ryan Marciano&nbsp;lan\u00e7a&nbsp;\u201cRaiz Brasileira\u201d, faixa foco do \u00e1lbum&nbsp;\u201cAmazone Project\u201d&nbsp;e uma das s\u00ednteses mais potentes do novo momento da dupla. A m\u00fasica, em colabora\u00e7\u00e3o com&nbsp;Bruno Martini&nbsp;feat.&nbsp;Carlinhos Brown&nbsp;e&nbsp;Bruna Magalh\u00e3es, reafirma a ess\u00eancia da dupla holandesa ao unir energia de pista, percuss\u00e3o org\u00e2nica e grooves hipn\u00f3ticos. Com base [&hellip;]<\/p>\n","protected":false},"author":3,"featured_media":6933,"comment_status":"closed","ping_status":"closed","sticky":false,"template":"","format":"standard","meta":{"pagelayer_contact_templates":[],"_pagelayer_content":"","footnotes":""},"categories":[158,157],"tags":[1447,1446,174,279,1445],"class_list":["post-6932","post","type-post","status-publish","format-standard","has-post-thumbnail","hentry","category-lancamentos","category-news","tag-bruno-martini","tag-carlinhos-brown-e-bruna-magalhaes","tag-dj","tag-musica-eletronica-3","tag-raiz-brasileira"],"_links":{"self":[{"href":"https:\/\/droptimes.com.br\/site\/wp-json\/wp\/v2\/posts\/6932","targetHints":{"allow":["GET"]}}],"collection":[{"href":"https:\/\/droptimes.com.br\/site\/wp-json\/wp\/v2\/posts"}],"about":[{"href":"https:\/\/droptimes.com.br\/site\/wp-json\/wp\/v2\/types\/post"}],"author":[{"embeddable":true,"href":"https:\/\/droptimes.com.br\/site\/wp-json\/wp\/v2\/users\/3"}],"replies":[{"embeddable":true,"href":"https:\/\/droptimes.com.br\/site\/wp-json\/wp\/v2\/comments?post=6932"}],"version-history":[{"count":1,"href":"https:\/\/droptimes.com.br\/site\/wp-json\/wp\/v2\/posts\/6932\/revisions"}],"predecessor-version":[{"id":6934,"href":"https:\/\/droptimes.com.br\/site\/wp-json\/wp\/v2\/posts\/6932\/revisions\/6934"}],"wp:featuredmedia":[{"embeddable":true,"href":"https:\/\/droptimes.com.br\/site\/wp-json\/wp\/v2\/media\/6933"}],"wp:attachment":[{"href":"https:\/\/droptimes.com.br\/site\/wp-json\/wp\/v2\/media?parent=6932"}],"wp:term":[{"taxonomy":"category","embeddable":true,"href":"https:\/\/droptimes.com.br\/site\/wp-json\/wp\/v2\/categories?post=6932"},{"taxonomy":"post_tag","embeddable":true,"href":"https:\/\/droptimes.com.br\/site\/wp-json\/wp\/v2\/tags?post=6932"}],"curies":[{"name":"wp","href":"https:\/\/api.w.org\/{rel}","templated":true}]}}