{"id":6841,"date":"2026-02-02T20:32:35","date_gmt":"2026-02-02T17:32:35","guid":{"rendered":"https:\/\/droptimes.com.br\/site\/?p=6841"},"modified":"2026-02-02T20:32:36","modified_gmt":"2026-02-02T17:32:36","slug":"vintage-culture-convida-time-de-peso-para-o-lancamento-do-single-meu-verao","status":"publish","type":"post","link":"https:\/\/droptimes.com.br\/site\/vintage-culture-convida-time-de-peso-para-o-lancamento-do-single-meu-verao\/","title":{"rendered":"Vintage Culture convida time de peso para o lan\u00e7amento do single \u201cMeu Ver\u00e3o\u201d"},"content":{"rendered":"\n<p><strong>\u201cMeu Ver\u00e3o\u201d&nbsp;<\/strong>\u00e9 o novo single de<strong>&nbsp;Vintage Culture<\/strong>, que captura a ess\u00eancia emocional e sensorial do ver\u00e3o brasileiro, lan\u00e7ado pouco antes do Carnaval. A faixa conta com a participa\u00e7\u00e3o da cantora<strong>&nbsp;Magi,<\/strong>&nbsp;da&nbsp;<strong>banda Doral<\/strong>, e do compositor e DJ<strong>&nbsp;Blotz<\/strong>&nbsp;(Everton Blotz). O single estar\u00e1 dispon\u00edvel em todas as plataformas digitais via&nbsp;<strong>ONErpm&nbsp;<\/strong>a partir desta sexta-feira (30).<\/p>\n\n\n\n<p>Combinando produ\u00e7\u00e3o eletr\u00f4nica moderna com a sensibilidade po\u00e9tica da MPB, os artistas exploram um caminho mais mel\u00f3dico. A produ\u00e7\u00e3o \u00e9 leve e atmosf\u00e9rica, com grooves suaves e texturas quentes.<\/p>\n\n\n\n<p><em>\u201cJ\u00e1 fazia um bom tempo que eu n\u00e3o lan\u00e7ava em portugu\u00eas, mas quando o Blotz me mandou esta composi\u00e7\u00e3o, senti uma conex\u00e3o especial. Encontramos os cantores certos, e a produ\u00e7\u00e3o ficou moderna, leve e tudo a ver com o nosso ver\u00e3o!\u201d<\/em>, compartilha Vintage Culture.<\/p>\n\n\n\n<p>Juntos, esses artistas criam uma faixa que \u00e9 tanto local quanto global, \u201cMeu Ver\u00e3o\u201d representa a ess\u00eancia do ver\u00e3o brasileiro e o esp\u00edrito festivo do Carnaval, buscando se conectar com ouvintes no Brasil e no mundo.<\/p>\n\n\n\n<figure class=\"wp-block-image size-large\"><img fetchpriority=\"high\" decoding=\"async\" width=\"717\" height=\"1024\" src=\"https:\/\/droptimes.com.br\/site\/wp-content\/uploads\/2026\/02\/image-1-717x1024.png\" alt=\"\" class=\"wp-image-6842\" srcset=\"https:\/\/droptimes.com.br\/site\/wp-content\/uploads\/2026\/02\/image-1-717x1024.png 717w, https:\/\/droptimes.com.br\/site\/wp-content\/uploads\/2026\/02\/image-1-210x300.png 210w, https:\/\/droptimes.com.br\/site\/wp-content\/uploads\/2026\/02\/image-1-768x1096.png 768w, https:\/\/droptimes.com.br\/site\/wp-content\/uploads\/2026\/02\/image-1-1076x1536.png 1076w, https:\/\/droptimes.com.br\/site\/wp-content\/uploads\/2026\/02\/image-1.png 1121w\" sizes=\"(max-width: 717px) 100vw, 717px\" \/><\/figure>\n\n\n\n<p>\u201cMeu Ver\u00e3o\u201d j\u00e1 est\u00e1 dispon\u00edvel em todas as plataformas digitais via&nbsp;<strong>ONErpm<\/strong>.<\/p>\n","protected":false},"excerpt":{"rendered":"<p>\u201cMeu Ver\u00e3o\u201d&nbsp;\u00e9 o novo single de&nbsp;Vintage Culture, que captura a ess\u00eancia emocional e sensorial do ver\u00e3o brasileiro, lan\u00e7ado pouco antes do Carnaval. A faixa conta com a participa\u00e7\u00e3o da cantora&nbsp;Magi,&nbsp;da&nbsp;banda Doral, e do compositor e DJ&nbsp;Blotz&nbsp;(Everton Blotz). O single estar\u00e1 dispon\u00edvel em todas as plataformas digitais via&nbsp;ONErpm&nbsp;a partir desta sexta-feira (30). Combinando produ\u00e7\u00e3o eletr\u00f4nica moderna [&hellip;]<\/p>\n","protected":false},"author":3,"featured_media":6843,"comment_status":"closed","ping_status":"closed","sticky":false,"template":"","format":"standard","meta":{"pagelayer_contact_templates":[],"_pagelayer_content":"","footnotes":""},"categories":[158,20,157],"tags":[174,1410,279,365],"class_list":["post-6841","post","type-post","status-publish","format-standard","has-post-thumbnail","hentry","category-lancamentos","category-lifestyle","category-news","tag-dj","tag-meu-verao","tag-musica-eletronica-3","tag-vintage-culture"],"_links":{"self":[{"href":"https:\/\/droptimes.com.br\/site\/wp-json\/wp\/v2\/posts\/6841","targetHints":{"allow":["GET"]}}],"collection":[{"href":"https:\/\/droptimes.com.br\/site\/wp-json\/wp\/v2\/posts"}],"about":[{"href":"https:\/\/droptimes.com.br\/site\/wp-json\/wp\/v2\/types\/post"}],"author":[{"embeddable":true,"href":"https:\/\/droptimes.com.br\/site\/wp-json\/wp\/v2\/users\/3"}],"replies":[{"embeddable":true,"href":"https:\/\/droptimes.com.br\/site\/wp-json\/wp\/v2\/comments?post=6841"}],"version-history":[{"count":1,"href":"https:\/\/droptimes.com.br\/site\/wp-json\/wp\/v2\/posts\/6841\/revisions"}],"predecessor-version":[{"id":6844,"href":"https:\/\/droptimes.com.br\/site\/wp-json\/wp\/v2\/posts\/6841\/revisions\/6844"}],"wp:featuredmedia":[{"embeddable":true,"href":"https:\/\/droptimes.com.br\/site\/wp-json\/wp\/v2\/media\/6843"}],"wp:attachment":[{"href":"https:\/\/droptimes.com.br\/site\/wp-json\/wp\/v2\/media?parent=6841"}],"wp:term":[{"taxonomy":"category","embeddable":true,"href":"https:\/\/droptimes.com.br\/site\/wp-json\/wp\/v2\/categories?post=6841"},{"taxonomy":"post_tag","embeddable":true,"href":"https:\/\/droptimes.com.br\/site\/wp-json\/wp\/v2\/tags?post=6841"}],"curies":[{"name":"wp","href":"https:\/\/api.w.org\/{rel}","templated":true}]}}