{"id":6824,"date":"2026-01-30T18:01:49","date_gmt":"2026-01-30T15:01:49","guid":{"rendered":"https:\/\/droptimes.com.br\/site\/?p=6824"},"modified":"2026-01-30T18:02:03","modified_gmt":"2026-01-30T15:02:03","slug":"vintage-culture-define-o-tom-de-uma-nova-temporada-com-meu-verao","status":"publish","type":"post","link":"https:\/\/droptimes.com.br\/site\/vintage-culture-define-o-tom-de-uma-nova-temporada-com-meu-verao\/","title":{"rendered":"Vintage Culture define o tom de uma nova temporada com \u201cMeu Ver\u00e3o\u201d"},"content":{"rendered":"\n<p>Vintage Culture apresenta \u201cMeu Ver\u00e3o\u201d, um novo lan\u00e7amento impregnado de calor e emo\u00e7\u00e3o sutil. A faixa captura a sensa\u00e7\u00e3o das noites de ver\u00e3o intermin\u00e1veis que todos desejamos, quando o tempo desacelera e a m\u00fasica se torna uma linguagem compartilhada. Sofisticada e intimista, a produ\u00e7\u00e3o reflete uma dire\u00e7\u00e3o mais introspectiva, sem deixar de ser fiel \u00e0 identidade musical que impulsionou sua ascens\u00e3o aos palcos globais.<\/p>\n\n\n\n<p><strong><a href=\"https:\/\/ses.prsts.de\/CL0\/https:%2F%2Ftstack.link%2Ft%2FAffairs-Records%2FG0hyHhGw\/1\/0102019c0e219f76-440f8d60-1aa5-4c3c-86e6-3995de152a6b-000000\/FV1r0iARMGZpPPaH8nOiKNmCqZKsFgPFmoXCN_oor8M=442\">OU\u00c7A AQUI<\/a><\/strong><\/p>\n\n\n\n<p>Com \u201cMeu Ver\u00e3o\u201d, Vintage Culture aposta em uma atmosfera profunda e imersiva. Ritmos suaves, texturas mel\u00f3dicas e vocais discretos evocam c\u00e9us abertos, p\u00f4r do sol no fim do ver\u00e3o e a energia tranquila de encontros \u00e0 beira-mar. A faixa conduz o ouvinte a um universo de liberdade, proximidade e reflex\u00e3o. Sua energia ensolarada a torna perfeita para palcos ao ar livre, onde a sensa\u00e7\u00e3o ganha vida e conecta artista e p\u00fablico em um momento de alegria compartilhada.<\/p>\n\n\n\n<p>Este lan\u00e7amento sucede uma sequ\u00eancia consistente de produ\u00e7\u00f5es marcantes que evidenciam a versatilidade de Vintage Culture. Do impacto emocional de \u201cLost\u201d, sucesso n\u00famero 1 no Beatport e destaque em grandes palcos de festivais, \u00e0 colabora\u00e7\u00e3o energ\u00e9tica \u201cFeel The Rhythm\u201d com ANNA, seu cat\u00e1logo segue equilibrando a for\u00e7a do club com profundidade musical.<\/p>\n\n\n\n<p>\u00c0 medida que Vintage Culture continua a lapidar seu som, \u201cMeu Ver\u00e3o\u201d se firma como um lan\u00e7amento definidor, estabelecendo o clima para uma nova temporada enraizada em emo\u00e7\u00e3o, sutileza e abertura criativa, ao mesmo tempo em que reafirma sua posi\u00e7\u00e3o como uma das vozes mais influentes da m\u00fasica eletr\u00f4nica contempor\u00e2nea.<\/p>\n\n\n\n<p><a href=\"https:\/\/ses.prsts.de\/CL0\/https:%2F%2Ftstack.link%2Ft%2FAffairs-Records%2FG0hyHhGw\/1\/0102019c0e219f76-440f8d60-1aa5-4c3c-86e6-3995de152a6b-000000\/FV1r0iARMGZpPPaH8nOiKNmCqZKsFgPFmoXCN_oor8M=442\">\u201cMeu Ver\u00e3o\u201d j\u00e1 est\u00e1 dispon\u00edvel.<\/a><\/p>\n","protected":false},"excerpt":{"rendered":"<p>Vintage Culture apresenta \u201cMeu Ver\u00e3o\u201d, um novo lan\u00e7amento impregnado de calor e emo\u00e7\u00e3o sutil. A faixa captura a sensa\u00e7\u00e3o das noites de ver\u00e3o intermin\u00e1veis que todos desejamos, quando o tempo desacelera e a m\u00fasica se torna uma linguagem compartilhada. Sofisticada e intimista, a produ\u00e7\u00e3o reflete uma dire\u00e7\u00e3o mais introspectiva, sem deixar de ser fiel \u00e0 [&hellip;]<\/p>\n","protected":false},"author":3,"featured_media":6826,"comment_status":"closed","ping_status":"closed","sticky":false,"template":"","format":"standard","meta":{"pagelayer_contact_templates":[],"_pagelayer_content":"","footnotes":""},"categories":[158,157],"tags":[174,1410,279,365],"class_list":["post-6824","post","type-post","status-publish","format-standard","has-post-thumbnail","hentry","category-lancamentos","category-news","tag-dj","tag-meu-verao","tag-musica-eletronica-3","tag-vintage-culture"],"_links":{"self":[{"href":"https:\/\/droptimes.com.br\/site\/wp-json\/wp\/v2\/posts\/6824","targetHints":{"allow":["GET"]}}],"collection":[{"href":"https:\/\/droptimes.com.br\/site\/wp-json\/wp\/v2\/posts"}],"about":[{"href":"https:\/\/droptimes.com.br\/site\/wp-json\/wp\/v2\/types\/post"}],"author":[{"embeddable":true,"href":"https:\/\/droptimes.com.br\/site\/wp-json\/wp\/v2\/users\/3"}],"replies":[{"embeddable":true,"href":"https:\/\/droptimes.com.br\/site\/wp-json\/wp\/v2\/comments?post=6824"}],"version-history":[{"count":2,"href":"https:\/\/droptimes.com.br\/site\/wp-json\/wp\/v2\/posts\/6824\/revisions"}],"predecessor-version":[{"id":6828,"href":"https:\/\/droptimes.com.br\/site\/wp-json\/wp\/v2\/posts\/6824\/revisions\/6828"}],"wp:featuredmedia":[{"embeddable":true,"href":"https:\/\/droptimes.com.br\/site\/wp-json\/wp\/v2\/media\/6826"}],"wp:attachment":[{"href":"https:\/\/droptimes.com.br\/site\/wp-json\/wp\/v2\/media?parent=6824"}],"wp:term":[{"taxonomy":"category","embeddable":true,"href":"https:\/\/droptimes.com.br\/site\/wp-json\/wp\/v2\/categories?post=6824"},{"taxonomy":"post_tag","embeddable":true,"href":"https:\/\/droptimes.com.br\/site\/wp-json\/wp\/v2\/tags?post=6824"}],"curies":[{"name":"wp","href":"https:\/\/api.w.org\/{rel}","templated":true}]}}