{"id":6790,"date":"2026-01-30T14:57:20","date_gmt":"2026-01-30T11:57:20","guid":{"rendered":"https:\/\/droptimes.com.br\/site\/?p=6790"},"modified":"2026-01-30T14:57:21","modified_gmt":"2026-01-30T11:57:21","slug":"musica-eletronica-torna-se-uma-instalacao-cultural-temporaria-em-um-local-patrimonio-mundial-da-unesco","status":"publish","type":"post","link":"https:\/\/droptimes.com.br\/site\/musica-eletronica-torna-se-uma-instalacao-cultural-temporaria-em-um-local-patrimonio-mundial-da-unesco\/","title":{"rendered":"M\u00daSICA ELETR\u00d4NICA TORNA-SE UMA INSTALA\u00c7\u00c3O CULTURAL TEMPOR\u00c1RIA EM UM LOCAL PATRIM\u00d4NIO MUNDIAL DA UNESCO"},"content":{"rendered":"\n<p><strong>S\u00c1BADO, 29 DE AGOSTO DE 2026<\/strong><\/p>\n\n\n\n<p><strong><a href=\"https:\/\/the-motherlode-pr.com\/l\/lbD4OkRSdVADiHtihg3G8w\/MsJZl3T5lNtR8BE825KJmg\/3kcKlE763CAc8ZAZT8Pfh8CQ\">INGRESSOS DISPON\u00cdVEIS AQUI<\/a><\/strong><\/p>\n\n\n\n<p><strong><a href=\"https:\/\/the-motherlode-pr.com\/l\/lbD4OkRSdVADiHtihg3G8w\/rtxXiniXEW892j47637hFrFiHg\/3kcKlE763CAc8ZAZT8Pfh8CQ\">AUDIO OBSCURA FESTIVAL 2026: TRAILER OFICIAL<\/a><\/strong><\/p>\n\n\n\n<p>A produtora de eventos eletr\u00f4nicos pioneira e inovadora Audio Obscura anuncia o retorno de seu festival principal, o Audio Obscura Festival, no s\u00edtio Patrim\u00f4nio Mundial da UNESCO, a F\u00e1brica Van Nelle, em Roterd\u00e3. Ap\u00f3s a primeira edi\u00e7\u00e3o, completamente esgotada, em 2024, o evento \u00fanico e ao ar livre retorna em 2026, marcando o pr\u00f3ximo cap\u00edtulo no desenvolvimento da Audio Obscura como uma plataforma cultural verdadeiramente singular.<\/p>\n\n\n\n<p><strong>INGRESSOS PARA O AUDIO OBSCURA FESTIVAL 2026 DISPON\u00cdVEIS <a href=\"https:\/\/the-motherlode-pr.com\/l\/lbD4OkRSdVADiHtihg3G8w\/MsJZl3T5lNtR8BE825KJmg\/3kcKlE763CAc8ZAZT8Pfh8CQ\">AQUI<\/a><\/strong><\/p>\n\n\n\n<p>O que come\u00e7ou como cultura de clube evoluiu para uma miss\u00e3o cont\u00ednua: inserir a m\u00fasica eletr\u00f4nica em contextos tradicionalmente fechados \u00e0 m\u00fasica de dan\u00e7a, sejam raves em rodovias, festas em catedrais ou eventos ao nascer do sol em locais elevados. Os organizadores posicionam os locais da Audio Obscura n\u00e3o como artif\u00edcios, mas como declara\u00e7\u00f5es f\u00edsicas inesperadas que conferem ao g\u00eanero o respeito, a prote\u00e7\u00e3o e o reconhecimento cultural que ele merece.<\/p>\n\n\n\n<p>Assim, o Audio Obscura Festival n\u00e3o \u00e9 um festival de m\u00fasica tradicional, mas sim uma interven\u00e7\u00e3o cultural tempor\u00e1ria e uma instala\u00e7\u00e3o no cora\u00e7\u00e3o de Roterd\u00e3. Para esta edi\u00e7\u00e3o, a programa\u00e7\u00e3o incluir\u00e1 n\u00e3o apenas a antiga f\u00e1brica, mas toda a \u00e1rea externa da F\u00e1brica Van Nelle. Sal\u00f5es imponentes, passarelas brutalistas e espa\u00e7os industriais ocultos formam juntos um percurso sensorial \u00fanico, onde som, espa\u00e7o e arquitetura se potencializam mutuamente \u2014 uma experi\u00eancia que dura apenas um dia e depois desaparece.<\/p>\n\n\n\n<figure class=\"wp-block-image size-large\"><img fetchpriority=\"high\" decoding=\"async\" width=\"768\" height=\"1024\" src=\"https:\/\/droptimes.com.br\/site\/wp-content\/uploads\/2026\/01\/image-115-768x1024.png\" alt=\"\" class=\"wp-image-6792\" srcset=\"https:\/\/droptimes.com.br\/site\/wp-content\/uploads\/2026\/01\/image-115-768x1024.png 768w, https:\/\/droptimes.com.br\/site\/wp-content\/uploads\/2026\/01\/image-115-225x300.png 225w, https:\/\/droptimes.com.br\/site\/wp-content\/uploads\/2026\/01\/image-115.png 1080w\" sizes=\"(max-width: 768px) 100vw, 768px\" \/><\/figure>\n\n\n\n<p>Roterd\u00e3 permanece como a base original da filosofia da Audio Obscura, com o festival sendo projetado especificamente para a cidade e seu patrim\u00f4nio industrial bruto. Ao mesmo tempo, re\u00fane artistas e p\u00fablicos internacionais e locais em uma experi\u00eancia compartilhada e comunit\u00e1ria, na qual os DJs ocupam o centro do palco e desfocam as fronteiras entre concerto, rave e performance.<\/p>\n\n\n\n<p>Em conson\u00e2ncia com a filosofia da Audio Obscura, o impacto vai al\u00e9m da m\u00fasica. Uma parte da renda do Audio Obscura Festival 2026 ser\u00e1 doada para a preserva\u00e7\u00e3o da F\u00e1brica Van Nelle como Patrim\u00f4nio Mundial da UNESCO.<\/p>\n\n\n\n<hr class=\"wp-block-separator has-alpha-channel-opacity\"\/>\n\n\n\n<h3 class=\"wp-block-heading\"><strong>LINE-UP \u2013 FASE 1<\/strong><\/h3>\n\n\n\n<p>Chris Stussy<br>DJ Gigola b2b Chlo\u00e9 Caillet<br>DJ Heartstring<br>Eileen<br>Folamour<br>Honey Dijon<br>J\u00f6ella Jackson b2b Rayzir<br>Max Dean<br>Marsolo<br>Obsk\u00fcr b2b Luuk van Dijk<br>Olive F<br>Prospa<br>AAT<\/p>\n\n\n\n<p>An\u00fancio dos artistas da Fase 2 em breve\u2026<\/p>\n\n\n\n<hr class=\"wp-block-separator has-alpha-channel-opacity\"\/>\n\n\n\n<h3 class=\"wp-block-heading\"><strong>INFORMA\u00c7\u00d5ES<\/strong><\/h3>\n\n\n\n<p>Evento: Audio Obscura Festival 2026<br>Data: S\u00e1bado, 29 de agosto<br>Hor\u00e1rio: 12h \u2013 23h<br>Local: F\u00e1brica Van Nelle, Roterd\u00e3, Pa\u00edses Baixos<\/p>\n\n\n\n<p>Ingressos dispon\u00edveis em: audio-obscura.com\/festival\/<\/p>\n","protected":false},"excerpt":{"rendered":"<p>S\u00c1BADO, 29 DE AGOSTO DE 2026 INGRESSOS DISPON\u00cdVEIS AQUI AUDIO OBSCURA FESTIVAL 2026: TRAILER OFICIAL A produtora de eventos eletr\u00f4nicos pioneira e inovadora Audio Obscura anuncia o retorno de seu festival principal, o Audio Obscura Festival, no s\u00edtio Patrim\u00f4nio Mundial da UNESCO, a F\u00e1brica Van Nelle, em Roterd\u00e3. Ap\u00f3s a primeira edi\u00e7\u00e3o, completamente esgotada, em [&hellip;]<\/p>\n","protected":false},"author":3,"featured_media":6791,"comment_status":"closed","ping_status":"closed","sticky":false,"template":"","format":"standard","meta":{"pagelayer_contact_templates":[],"_pagelayer_content":"","footnotes":""},"categories":[159,20,157],"tags":[620,174,279,1398],"class_list":["post-6790","post","type-post","status-publish","format-standard","has-post-thumbnail","hentry","category-destaques","category-lifestyle","category-news","tag-audio-obscura","tag-dj","tag-musica-eletronica-3","tag-unesco"],"_links":{"self":[{"href":"https:\/\/droptimes.com.br\/site\/wp-json\/wp\/v2\/posts\/6790","targetHints":{"allow":["GET"]}}],"collection":[{"href":"https:\/\/droptimes.com.br\/site\/wp-json\/wp\/v2\/posts"}],"about":[{"href":"https:\/\/droptimes.com.br\/site\/wp-json\/wp\/v2\/types\/post"}],"author":[{"embeddable":true,"href":"https:\/\/droptimes.com.br\/site\/wp-json\/wp\/v2\/users\/3"}],"replies":[{"embeddable":true,"href":"https:\/\/droptimes.com.br\/site\/wp-json\/wp\/v2\/comments?post=6790"}],"version-history":[{"count":1,"href":"https:\/\/droptimes.com.br\/site\/wp-json\/wp\/v2\/posts\/6790\/revisions"}],"predecessor-version":[{"id":6793,"href":"https:\/\/droptimes.com.br\/site\/wp-json\/wp\/v2\/posts\/6790\/revisions\/6793"}],"wp:featuredmedia":[{"embeddable":true,"href":"https:\/\/droptimes.com.br\/site\/wp-json\/wp\/v2\/media\/6791"}],"wp:attachment":[{"href":"https:\/\/droptimes.com.br\/site\/wp-json\/wp\/v2\/media?parent=6790"}],"wp:term":[{"taxonomy":"category","embeddable":true,"href":"https:\/\/droptimes.com.br\/site\/wp-json\/wp\/v2\/categories?post=6790"},{"taxonomy":"post_tag","embeddable":true,"href":"https:\/\/droptimes.com.br\/site\/wp-json\/wp\/v2\/tags?post=6790"}],"curies":[{"name":"wp","href":"https:\/\/api.w.org\/{rel}","templated":true}]}}