{"id":6638,"date":"2026-01-19T20:55:13","date_gmt":"2026-01-19T17:55:13","guid":{"rendered":"https:\/\/droptimes.com.br\/site\/?p=6638"},"modified":"2026-01-19T20:55:14","modified_gmt":"2026-01-19T17:55:14","slug":"sao-paulo-comemora-472-anos-com-shows-gratuitos-de-vintage-culture-anna-e-mochakk-nos-parques-do-carmo-e-do-povo","status":"publish","type":"post","link":"https:\/\/droptimes.com.br\/site\/sao-paulo-comemora-472-anos-com-shows-gratuitos-de-vintage-culture-anna-e-mochakk-nos-parques-do-carmo-e-do-povo\/","title":{"rendered":"S\u00e3o Paulo comemora 472 anos com shows gratuitos de Vintage Culture, ANNA e Mochakk nos Parques do Carmo e do Povo"},"content":{"rendered":"\n<p>A cidade de S\u00e3o Paulo celebra seus 472 anos com uma a\u00e7\u00e3o cultural de grande porte que une m\u00fasica eletr\u00f4nica, ocupa\u00e7\u00e3o de espa\u00e7os p\u00fablicos e acesso democr\u00e1tico \u00e0 cultura. No dia 25 de janeiro de 2026, a Prefeitura de S\u00e3o Paulo, a Entourage Conte\u00fado Art\u00edstico e Gaz Events realizam dois shows gratuitos e simult\u00e2neos nos Parques do Carmo, na Zona Leste, e do Povo, na Zona Oeste, com Vintage Culture \u00e0 frente do projeto, convidando ANNA e Mochakk.<\/p>\n\n\n\n<p>A iniciativa integra a programa\u00e7\u00e3o oficial do anivers\u00e1rio da capital paulista e refor\u00e7a o papel de S\u00e3o Paulo como um dos principais polos culturais do pa\u00eds e amplia o acesso da popula\u00e7\u00e3o a grandes experi\u00eancias musicais de forma gratuita e ao ar livre.<\/p>\n\n\n\n<p>Em texto divulgado nas redes sociais, Vintage Culture explica a motiva\u00e7\u00e3o por tr\u00e1s do projeto. Segundo o artista, \u201cretribuir \u00e9 uma das formas mais bonitas de celebrar a vida \u2014 afinal, ningu\u00e9m constr\u00f3i nada sozinho. Toda grande hist\u00f3ria \u00e9 feita com pessoas, por pessoas e para pessoas\u201d.&nbsp;<\/p>\n\n\n\n<p>O dia 25 de janeiro, feriado e domingo, foi escolhido justamente para permitir que mais pessoas participem da celebra\u00e7\u00e3o. \u201cA m\u00fasica vai invadir dois parques ic\u00f4nicos: Parque do Carmo e Parque do Povo. Ser\u00e3o encontros e conex\u00f5es que unem gera\u00e7\u00f5es e estilos, criando mem\u00f3rias que v\u00e3o ficar para sempre\u201d, escreveu o artista.&nbsp;<\/p>\n\n\n\n<p>Ainda de acordo com Vintage Culture, o encontro com ANNA e Mochakk representa um momento especial da m\u00fasica eletr\u00f4nica nacional. \u201cSob o c\u00e9u paulistano, recebo dois gigantes da m\u00fasica eletr\u00f4nica brasileira. Artistas que levaram o nome do Brasil para o mundo se encontram agora para oferecer um espet\u00e1culo gratuito e hist\u00f3rico.\u201d<\/p>\n\n\n\n<p>O evento \u00e9 gratuito, por\u00e9m possui capacidade limitada. O acesso aos parques ser\u00e1 controlado e, caso a lota\u00e7\u00e3o m\u00e1xima seja atingida, o funcionamento passar\u00e1 a ocorrer em sistema rotativo, permitindo novas entradas conforme o p\u00fablico deixa o local.<\/p>\n\n\n\n<h3 class=\"wp-block-heading\"><strong>Parque do Carmo<\/strong><\/h3>\n\n\n\n<p>No Parque do Carmo, o acesso ser\u00e1 livre, sem necessidade de retirada pr\u00e9via de ingresso. A escolha do local se deve \u00e0 sua ampla \u00e1rea, considerada mais adequada para receber um evento desta magnitude, garantindo maior conforto e seguran\u00e7a ao p\u00fablico.<\/p>\n\n\n\n<p>O acesso ocorrer\u00e1 exclusivamente pelo Planet\u00e1rio Municipal do Carmo, localizado na Rua John Speers, 137, Itaquera, S\u00e3o Paulo (CEP 08265-040). Haver\u00e1 revista obrigat\u00f3ria no port\u00e3o. O parque n\u00e3o contar\u00e1 com estacionamento oficial, e a organiza\u00e7\u00e3o recomenda o uso de transporte p\u00fablico ou carros por aplicativo. Aos domingos, h\u00e1 \u00f4nibus gratuitos que partem do Metr\u00f4 Itaquera com destino ao Parque do Carmo.<\/p>\n\n\n\n<p>O p\u00fablico \u00e9 convidado a levar 1 kg de alimento n\u00e3o perec\u00edvel ou ra\u00e7\u00e3o animal, que ser\u00e1 destinado ao banco de alimentos da Prefeitura de S\u00e3o Paulo.<\/p>\n\n\n\n<h3 class=\"wp-block-heading\"><strong>Parque do Povo<\/strong><\/h3>\n\n\n\n<p>No Parque do Povo, o acesso ser\u00e1 exclusivo para quem realizou a retirada pr\u00e9via do ingresso gratuito, por meio da plataforma Ingresse, plataforma oficial do evento.<\/p>\n\n\n\n<p>Os ingressos foram disponibilizados a partir do dia 19 de janeiro, \u00e0s 18h, pelo aplicativo da Ingresse, at\u00e9 o esgotamento. Ap\u00f3s a retirada, o ingresso fica dispon\u00edvel em formato de QR Code diretamente no aplicativo, sem necessidade de retirada f\u00edsica. Os ingressos s\u00e3o pessoais e intransfer\u00edveis, com limite de um ingresso por CPF, e n\u00e3o \u00e9 permitida a troca do parque escolhido ap\u00f3s a confirma\u00e7\u00e3o.<\/p>\n\n\n\n<p>Os dois eventos acontecem no mesmo dia e hor\u00e1rio, em locais diferentes, sendo obrigat\u00f3rio que o p\u00fablico compare\u00e7a exclusivamente ao parque indicado no ingresso. Caso n\u00e3o possa comparecer, a organiza\u00e7\u00e3o solicita o cancelamento do ingresso para que a vaga seja liberada a outra pessoa.<\/p>\n\n\n\n<p><strong>Seguran\u00e7a<\/strong><\/p>\n\n\n\n<p>Para garantir a seguran\u00e7a, ser\u00e1 realizada revista nos acessos. S\u00e3o permitidos, entre outros itens, mochilas, alimentos e snacks lacrados para consumo pr\u00f3prio (at\u00e9 tr\u00eas unidades), frutas cortadas em recipientes transparentes, protetor solar, repelente em creme lacrado, medicamentos de uso pessoal e uma garrafa pl\u00e1stica transparente de at\u00e9 500 ml de \u00e1gua.<\/p>\n\n\n\n<p>Realizado em parceria com a Prefeitura de S\u00e3o Paulo e produzido por Entourage Conte\u00fado Art\u00edstico e Gaz Events, este \u00e9 uma homenagem \u00e0 cidade, \u00e0 sua gente e \u00e0 for\u00e7a que S\u00e3o Paulo tem. No anivers\u00e1rio da cidade, a trilha sonora ser\u00e1 eletr\u00f4nica\u201d.<\/p>\n","protected":false},"excerpt":{"rendered":"<p>A cidade de S\u00e3o Paulo celebra seus 472 anos com uma a\u00e7\u00e3o cultural de grande porte que une m\u00fasica eletr\u00f4nica, ocupa\u00e7\u00e3o de espa\u00e7os p\u00fablicos e acesso democr\u00e1tico \u00e0 cultura. No dia 25 de janeiro de 2026, a Prefeitura de S\u00e3o Paulo, a Entourage Conte\u00fado Art\u00edstico e Gaz Events realizam dois shows gratuitos e simult\u00e2neos nos [&hellip;]<\/p>\n","protected":false},"author":3,"featured_media":6639,"comment_status":"closed","ping_status":"closed","sticky":false,"template":"","format":"standard","meta":{"pagelayer_contact_templates":[],"_pagelayer_content":"","footnotes":""},"categories":[20,157],"tags":[513,720,1342,1341,365],"class_list":["post-6638","post","type-post","status-publish","format-standard","has-post-thumbnail","hentry","category-lifestyle","category-news","tag-anna","tag-mochakk","tag-parque-do-carmo","tag-parque-do-povo","tag-vintage-culture"],"_links":{"self":[{"href":"https:\/\/droptimes.com.br\/site\/wp-json\/wp\/v2\/posts\/6638","targetHints":{"allow":["GET"]}}],"collection":[{"href":"https:\/\/droptimes.com.br\/site\/wp-json\/wp\/v2\/posts"}],"about":[{"href":"https:\/\/droptimes.com.br\/site\/wp-json\/wp\/v2\/types\/post"}],"author":[{"embeddable":true,"href":"https:\/\/droptimes.com.br\/site\/wp-json\/wp\/v2\/users\/3"}],"replies":[{"embeddable":true,"href":"https:\/\/droptimes.com.br\/site\/wp-json\/wp\/v2\/comments?post=6638"}],"version-history":[{"count":1,"href":"https:\/\/droptimes.com.br\/site\/wp-json\/wp\/v2\/posts\/6638\/revisions"}],"predecessor-version":[{"id":6640,"href":"https:\/\/droptimes.com.br\/site\/wp-json\/wp\/v2\/posts\/6638\/revisions\/6640"}],"wp:featuredmedia":[{"embeddable":true,"href":"https:\/\/droptimes.com.br\/site\/wp-json\/wp\/v2\/media\/6639"}],"wp:attachment":[{"href":"https:\/\/droptimes.com.br\/site\/wp-json\/wp\/v2\/media?parent=6638"}],"wp:term":[{"taxonomy":"category","embeddable":true,"href":"https:\/\/droptimes.com.br\/site\/wp-json\/wp\/v2\/categories?post=6638"},{"taxonomy":"post_tag","embeddable":true,"href":"https:\/\/droptimes.com.br\/site\/wp-json\/wp\/v2\/tags?post=6638"}],"curies":[{"name":"wp","href":"https:\/\/api.w.org\/{rel}","templated":true}]}}