{"id":6575,"date":"2026-01-12T20:52:13","date_gmt":"2026-01-12T17:52:13","guid":{"rendered":"https:\/\/droptimes.com.br\/site\/?p=6575"},"modified":"2026-01-12T20:52:13","modified_gmt":"2026-01-12T17:52:13","slug":"caos-celebra-oito-anos-no-dia-24-de-janeiro-com-retorno-de-patrice-baumel-ao-clube","status":"publish","type":"post","link":"https:\/\/droptimes.com.br\/site\/caos-celebra-oito-anos-no-dia-24-de-janeiro-com-retorno-de-patrice-baumel-ao-clube\/","title":{"rendered":"CAOS celebra oito anos no dia 24 de janeiro com retorno de Patrice B\u00e4umel ao clube"},"content":{"rendered":"\n<p>&nbsp;No pr\u00f3ximo dia 24, um s\u00e1bado, o&nbsp;<strong>CAOS&nbsp;<\/strong>celebra seus oito anos de exist\u00eancia em grande estilo. Rec\u00e9m-reformado e vivendo uma nova fase estrutural e est\u00e9tica, recebe novamente&nbsp;<strong>Patrice B\u00e4umel<\/strong>, um dos nomes mais respeitados da m\u00fasica eletr\u00f4nica global, para uma apresenta\u00e7\u00e3o que carrega peso simb\u00f3lico, maturidade art\u00edstica e mem\u00f3ria afetiva. Esta ser\u00e1 sua segunda vez no clube campineiro, voltando depois de tr\u00eas anos e meio.<\/p>\n\n\n\n<p>Ap\u00f3s passar por uma reforma profunda, o CAOS ampliou seu palco, aprimorou a ac\u00fastica, instalou um novo sound system<strong>&nbsp;L\u2019Acoustics<\/strong>&nbsp;e redesenhou sua rela\u00e7\u00e3o entre pista, artista e arquitetura. \u00c9 nesse ambiente renovado, onde luz, som e proximidade ganham novos significados, que o DJ retorna para marcar o anivers\u00e1rio da casa.<\/p>\n\n\n\n<p>O lineup da noite ainda contar\u00e1 com a presen\u00e7a da anfitri\u00e3&nbsp;<strong>Eli Iwasa<\/strong>&nbsp;e de nomes como&nbsp;<strong>Joyce<\/strong>&nbsp;<strong>Muniz<\/strong>,&nbsp;<strong>Magah<\/strong>,&nbsp;<strong>Pacs<\/strong>&nbsp;e&nbsp;<strong>P2<\/strong>.&nbsp;<\/p>\n\n\n\n<p><strong>Um arquiteto de narrativas na pista<\/strong><\/p>\n\n\n\n<p>Patrice B\u00e4umel construiu sua carreira longe de f\u00f3rmulas f\u00e1ceis. Seu som transita com naturalidade entre o techno mel\u00f3dico e o house progressivo, sempre guiado por uma abordagem emocional, atmosf\u00e9rica e profundamente narrativa. Seus sets se desenvolvem como hist\u00f3rias, com tens\u00e3o, respiro e cl\u00edmax cuidadosamente desenhados.<\/p>\n\n\n\n<p>Essa identidade o levou aos principais palcos do mundo, incluindo&nbsp;<strong>Tomorrowland, Burning Man<\/strong>&nbsp;e clubes como o&nbsp;<strong>Berghain<\/strong>. Durante os anos em que foi residente do lend\u00e1rio&nbsp;<strong>Trouw<\/strong>, em Amsterd\u00e3, B\u00e4umel lapidou uma de suas maiores virtudes: a capacidade de sustentar pistas por horas, explorando camadas mais densas, passagens hipn\u00f3ticas e momentos de pura catarse coletiva.<\/p>\n\n\n\n<p><strong>Discografia que moldou pistas e tend\u00eancias<\/strong><\/p>\n\n\n\n<p>Como produtor, construiu uma discografia respeitada, com lan\u00e7amentos por selos fundamentais da m\u00fasica eletr\u00f4nica contempor\u00e2nea, como&nbsp;<strong>Kompakt, Afterlife, Anjunadeep, Get Physical e Watergate<\/strong>. Faixas como \u201cRoar\u201d e \u201cGlutes\u201d se tornaram cl\u00e1ssicos de pista e ajudaram a definir um padr\u00e3o de profundidade sonora, de equil\u00edbrio entre for\u00e7a e sensibilidade e riqueza de texturas.<\/p>\n\n\n\n<p>Sua m\u00fasica carrega influ\u00eancias que fogem do \u00f3bvio \u2013 do experimentalismo mais sombrio \u00e0 eletr\u00f4nica abstrata \u2013, e isso se reflete em produ\u00e7\u00f5es que resistem ao tempo e seguem relevantes mesmo anos ap\u00f3s o lan\u00e7amento.<\/p>\n\n\n\n<p><strong>Uma rela\u00e7\u00e3o especial com o Brasil<\/strong><\/p>\n\n\n\n<p>A conex\u00e3o de Patrice B\u00e4umel com o Brasil \u00e9 antiga e genu\u00edna. Em 2002, ele participou da&nbsp;<strong>Red Bull Music Academy<\/strong>&nbsp;em S\u00e3o Paulo, experi\u00eancia que teve papel decisivo em sua forma\u00e7\u00e3o profissional. Desde ent\u00e3o, o pa\u00eds se tornou um territ\u00f3rio recorrente em sua trajet\u00f3ria, com apresenta\u00e7\u00f5es marcantes e uma base fiel de f\u00e3s que reconhecem sua entrega e coer\u00eancia.<\/p>\n\n\n\n<p>Voltar ao CAOS para celebrar os oito anos do clube \u00e9 um encontro entre hist\u00f3rias que evolu\u00edram em paralelo. Um artista que construiu sua identidade com profundidade e coragem, e um clube que, ap\u00f3s se reinventar estruturalmente, reafirma seu compromisso com experi\u00eancias que v\u00e3o al\u00e9m da pista convencional.<\/p>\n\n\n\n<p><strong>Servi\u00e7o<\/strong><\/p>\n\n\n\n<p><strong><em>CAOS 8 Anos apresenta Patrice B\u00e4umel<\/em><\/strong><\/p>\n\n\n\n<p><strong>Local<\/strong>: CAOS &#8211;&nbsp;<a href=\"https:\/\/maps.google.com\/?q=Rua+Luiz+Ot%C3%A1vio,+2995,+Campinas,+SP&amp;entry=gmail&amp;source=g\" rel=\"noreferrer noopener\" target=\"_blank\">Rua Luiz Ot\u00e1vio, 2995, Parque Taquaral, Campinas, SP<\/a><\/p>\n\n\n\n<p><strong>Data<\/strong>: 24\/01 (s\u00e1bado)<\/p>\n\n\n\n<p><strong>Hor\u00e1rio<\/strong>: A partir das 22h<\/p>\n\n\n\n<p><strong>Atra\u00e7\u00f5es<\/strong>: Patrice B\u00e4umel, Eli Iwasa, Joyce Muniz, Magah, Pacs e P2.&nbsp;<\/p>\n\n\n\n<p><strong>Ingressos<\/strong>: A partir de R$ 60,00 (+ taxas) via&nbsp;<a href=\"https:\/\/byma.com.br\/8anosdecaos\" rel=\"noreferrer noopener\" target=\"_blank\"><strong>Byma<\/strong><\/a><\/p>\n","protected":false},"excerpt":{"rendered":"<p>&nbsp;No pr\u00f3ximo dia 24, um s\u00e1bado, o&nbsp;CAOS&nbsp;celebra seus oito anos de exist\u00eancia em grande estilo. Rec\u00e9m-reformado e vivendo uma nova fase estrutural e est\u00e9tica, recebe novamente&nbsp;Patrice B\u00e4umel, um dos nomes mais respeitados da m\u00fasica eletr\u00f4nica global, para uma apresenta\u00e7\u00e3o que carrega peso simb\u00f3lico, maturidade art\u00edstica e mem\u00f3ria afetiva. Esta ser\u00e1 sua segunda vez no clube [&hellip;]<\/p>\n","protected":false},"author":3,"featured_media":6576,"comment_status":"closed","ping_status":"closed","sticky":false,"template":"","format":"standard","meta":{"pagelayer_contact_templates":[],"_pagelayer_content":"","footnotes":""},"categories":[20,157],"tags":[480,174,591,1323,1322,279,487,1278],"class_list":["post-6575","post","type-post","status-publish","format-standard","has-post-thumbnail","hentry","category-lifestyle","category-news","tag-caos","tag-dj","tag-eli-iwasa","tag-joyce-muniz-2","tag-magah","tag-musica-eletronica-3","tag-pacs","tag-patrice-baumel"],"_links":{"self":[{"href":"https:\/\/droptimes.com.br\/site\/wp-json\/wp\/v2\/posts\/6575","targetHints":{"allow":["GET"]}}],"collection":[{"href":"https:\/\/droptimes.com.br\/site\/wp-json\/wp\/v2\/posts"}],"about":[{"href":"https:\/\/droptimes.com.br\/site\/wp-json\/wp\/v2\/types\/post"}],"author":[{"embeddable":true,"href":"https:\/\/droptimes.com.br\/site\/wp-json\/wp\/v2\/users\/3"}],"replies":[{"embeddable":true,"href":"https:\/\/droptimes.com.br\/site\/wp-json\/wp\/v2\/comments?post=6575"}],"version-history":[{"count":1,"href":"https:\/\/droptimes.com.br\/site\/wp-json\/wp\/v2\/posts\/6575\/revisions"}],"predecessor-version":[{"id":6577,"href":"https:\/\/droptimes.com.br\/site\/wp-json\/wp\/v2\/posts\/6575\/revisions\/6577"}],"wp:featuredmedia":[{"embeddable":true,"href":"https:\/\/droptimes.com.br\/site\/wp-json\/wp\/v2\/media\/6576"}],"wp:attachment":[{"href":"https:\/\/droptimes.com.br\/site\/wp-json\/wp\/v2\/media?parent=6575"}],"wp:term":[{"taxonomy":"category","embeddable":true,"href":"https:\/\/droptimes.com.br\/site\/wp-json\/wp\/v2\/categories?post=6575"},{"taxonomy":"post_tag","embeddable":true,"href":"https:\/\/droptimes.com.br\/site\/wp-json\/wp\/v2\/tags?post=6575"}],"curies":[{"name":"wp","href":"https:\/\/api.w.org\/{rel}","templated":true}]}}