{"id":6521,"date":"2026-01-08T18:19:35","date_gmt":"2026-01-08T15:19:35","guid":{"rendered":"https:\/\/droptimes.com.br\/site\/?p=6521"},"modified":"2026-01-08T18:19:36","modified_gmt":"2026-01-08T15:19:36","slug":"relatorio-europeu-de-festivais-2025-festivais-continuam-a-lucrar-apesar-do-aumento-dos-custos-de-producao-e-da-pressao-por-boicotes","status":"publish","type":"post","link":"https:\/\/droptimes.com.br\/site\/relatorio-europeu-de-festivais-2025-festivais-continuam-a-lucrar-apesar-do-aumento-dos-custos-de-producao-e-da-pressao-por-boicotes\/","title":{"rendered":"Relat\u00f3rio Europeu de Festivais 2025: Festivais continuam a lucrar apesar do aumento dos custos de produ\u00e7\u00e3o e da press\u00e3o por boicotes"},"content":{"rendered":"\n<p>O <a href=\"https:\/\/ymlpcl5.com\/6c7dchmsyaraeqmbwagabqwanawjjm\/click.php\">Relat\u00f3rio Europeu de Festivais<\/a> \u00e9 o guia anual essencial da ind\u00fastria europeia de festivais de m\u00fasica popular, oferecendo uma vis\u00e3o aprofundada sobre os desafios atuais, as prioridades para 2025 e os desenvolvimentos nas \u00e1reas de sa\u00fade, seguran\u00e7a e sustentabilidade. Publicada pela IQ Magazine em parceria com a YOUROPE, a quarta edi\u00e7\u00e3o acompanha a sa\u00fade do setor atrav\u00e9s de dados sobre vendas de bilhetes, pre\u00e7os, custos de produ\u00e7\u00e3o, cartazes, boicotes e comportamento do p\u00fablico. \u00c0 medida que os festivais enfrentam press\u00f5es significativas, mantendo-se simultaneamente como eventos culturais vitais, o relat\u00f3rio de 2025 apresenta uma an\u00e1lise oportuna e essencial.<\/p>\n\n\n\n<p>O relat\u00f3rio re\u00fane perspetivas de mais de 220 festivais e inclui informa\u00e7\u00f5es-chave sobre a situa\u00e7\u00e3o atual do setor, bem como uma revis\u00e3o anual da temporada que destaca sucessos e desafios em toda a ind\u00fastria. Apresenta exemplos pr\u00e1ticos de solu\u00e7\u00f5es pioneiras nas \u00e1reas de energia, mobilidade, \u00e1gua, res\u00edduos e circularidade em toda a Europa, uma an\u00e1lise aprofundada de como os festivais independentes est\u00e3o a lidar com o aumento dos custos e um mercado saturado, al\u00e9m de uma vis\u00e3o geral dos crescentes riscos clim\u00e1ticos, da seguran\u00e7a dos eventos e das estrat\u00e9gias de resili\u00eancia que est\u00e3o a ser adotadas.<\/p>\n\n\n\n<p>Explora ainda a forma como a cultura europeia de festivais influencia tend\u00eancias globais em sustentabilidade, acessibilidade e inova\u00e7\u00e3o art\u00edstica, e analisa as crescentes press\u00f5es pol\u00edticas enfrentadas pelos festivais e a forma como os organizadores est\u00e3o a defender a liberdade art\u00edstica e a inclus\u00e3o.<\/p>\n\n\n\n<p><strong>Principais conclus\u00f5es do inqu\u00e9rito deste ano:<\/strong><\/p>\n\n\n\n<ul class=\"wp-block-list\">\n<li>28% dos festivais consolidados indicam o aumento dos custos de produ\u00e7\u00e3o como o seu maior desafio \u2013 este tem sido o principal desafio durante quatro anos consecutivos desde o lan\u00e7amento do inqu\u00e9rito.<\/li>\n\n\n\n<li>Entre todos os inquiridos, 33% dos grandes festivais foram alvo de algum tipo de protesto ou apelo ao boicote.<\/li>\n\n\n\n<li>Os pre\u00e7os dos bilhetes voltaram a aumentar, com o bilhete di\u00e1rio m\u00e9dio a subir entre 4% e 11,1%, dependendo da dimens\u00e3o do festival \u2013 os pre\u00e7os m\u00e9dios dos bilhetes aumentaram 5,6% e o pre\u00e7o m\u00e9dio de um bilhete para o evento completo \u00e9 de 203,21 \u20ac.<\/li>\n\n\n\n<li>Para os festivais mais recentes, a contrata\u00e7\u00e3o de artistas \u00e9 o maior desafio, referido por 31% dos inquiridos.<\/li>\n\n\n\n<li>A percentagem de visitantes internacionais nos festivais continua relativamente baixa: 80% dos festivais atraem menos de 20% do seu p\u00fablico a partir de fora do pa\u00eds de origem.<\/li>\n<\/ul>\n\n\n\n<p>Promotores em toda a Europa continuam a relatar que o custo de produ\u00e7\u00e3o de eventos \u2014 desde infraestruturas e m\u00e3o de obra at\u00e9 servi\u00e7os t\u00e9cnicos \u2014 tem aumentado mais rapidamente do que conseguem repercutir confortavelmente no p\u00fablico. Isto reflete-se nos pre\u00e7os dos bilhetes, com aumentos geralmente alinhados com a infla\u00e7\u00e3o europeia, mostrando que muitos festivais est\u00e3o a recorrer a pequenos aumentos direcionados, cortes de custos ou \u00e0 procura de fontes alternativas de receita, em vez de aumentar significativamente o pre\u00e7o de acesso aos seus eventos.<\/p>\n\n\n\n<p>Todos os festivais afirmam que os seus custos aumentaram significativamente acima da infla\u00e7\u00e3o, o que evidencia a enorme press\u00e3o atualmente exercida sobre os or\u00e7amentos dos festivais.<\/p>\n\n\n\n<p>Entretanto, os grandes festivais t\u00eam sido muito mais suscet\u00edveis a enfrentar apelos ao boicote em 2025 do que os festivais m\u00e9dios ou pequenos.<\/p>\n\n\n\n<p>\u201cEste padr\u00e3o est\u00e1 alinhado com a tend\u00eancia mais ampla de o ativismo cultural visar cada vez mais eventos de grande visibilidade e elevado investimento\u201d, afirma James Drury, da IQ. \u201cOs grandes festivais situam-se na interse\u00e7\u00e3o entre finan\u00e7as globais, discurso pol\u00edtico e p\u00fablicos de massas, o que os torna mais expostos a campanhas reputacionais, seja por quest\u00f5es relacionadas com estruturas de propriedade, parceiros de marca, preocupa\u00e7\u00f5es ambientais ou posi\u00e7\u00f5es geopol\u00edticas.\u201d<\/p>\n\n\n\n<p>Olhando para o futuro, os organizadores de festivais antecipam um conjunto semelhante de press\u00f5es a moldar as temporadas de 2026. O aumento dos custos de produ\u00e7\u00e3o continua a ser a principal preocupa\u00e7\u00e3o, seguido pela contrata\u00e7\u00e3o de artistas e pela procura do p\u00fablico \u2014 quase id\u00eantico \u00e0s preocupa\u00e7\u00f5es reportadas para 2025. \u00c9 claro que estes s\u00e3o agora problemas estruturais com os quais os festivais esperam lidar no futuro previs\u00edvel.<\/p>\n\n\n\n<p>Holger Jan Schmidt, Secret\u00e1rio-Geral da YOUROPE \u2013 Associa\u00e7\u00e3o Europeia de Festivais:<br>\u201cO Relat\u00f3rio Europeu de Festivais tornou-se uma pe\u00e7a inestim\u00e1vel da cultura de festivais \u2014 um resumo sem paralelo de toda uma temporada de festivais. Recentemente, foi-me descrito por um contacto ao n\u00edvel da UE como uma \u2018publica\u00e7\u00e3o de refer\u00eancia\u2019. O que mais poder\u00edamos pedir? Felizmente, \u00e9 a pr\u00f3pria UE que nos permite produzir esta publica\u00e7\u00e3o e disponibiliz\u00e1-la gratuitamente a leitores de todo o mundo. Esta an\u00e1lise aprofundada do que os nossos pares criam ao longo do ano \u00e9, todos os anos, um projeto-farol inspirador na agenda da YOUROPE. E temos a sorte de poder cooperar com a IQ, contando com a melhor equipa que poder\u00edamos imaginar.\u201d<\/p>\n\n\n\n<p><a href=\"https:\/\/ymlpcl5.com\/42a2dhmusagaeqmbwaiabqwaaawjjm\/click.php\">Leia o relat\u00f3rio completo aqui.<\/a><\/p>\n\n\n\n<figure class=\"wp-block-image size-full\"><img fetchpriority=\"high\" decoding=\"async\" width=\"436\" height=\"139\" src=\"https:\/\/droptimes.com.br\/site\/wp-content\/uploads\/2026\/01\/image-26.png\" alt=\"\" class=\"wp-image-6523\" srcset=\"https:\/\/droptimes.com.br\/site\/wp-content\/uploads\/2026\/01\/image-26.png 436w, https:\/\/droptimes.com.br\/site\/wp-content\/uploads\/2026\/01\/image-26-300x96.png 300w\" sizes=\"(max-width: 436px) 100vw, 436px\" \/><\/figure>\n\n\n\n<p><\/p>\n","protected":false},"excerpt":{"rendered":"<p>O Relat\u00f3rio Europeu de Festivais \u00e9 o guia anual essencial da ind\u00fastria europeia de festivais de m\u00fasica popular, oferecendo uma vis\u00e3o aprofundada sobre os desafios atuais, as prioridades para 2025 e os desenvolvimentos nas \u00e1reas de sa\u00fade, seguran\u00e7a e sustentabilidade. Publicada pela IQ Magazine em parceria com a YOUROPE, a quarta edi\u00e7\u00e3o acompanha a sa\u00fade [&hellip;]<\/p>\n","protected":false},"author":3,"featured_media":6522,"comment_status":"closed","ping_status":"closed","sticky":false,"template":"","format":"standard","meta":{"pagelayer_contact_templates":[],"_pagelayer_content":"","footnotes":""},"categories":[20,157],"tags":[174,1303,279],"class_list":["post-6521","post","type-post","status-publish","format-standard","has-post-thumbnail","hentry","category-lifestyle","category-news","tag-dj","tag-european-festival-report","tag-musica-eletronica-3"],"_links":{"self":[{"href":"https:\/\/droptimes.com.br\/site\/wp-json\/wp\/v2\/posts\/6521","targetHints":{"allow":["GET"]}}],"collection":[{"href":"https:\/\/droptimes.com.br\/site\/wp-json\/wp\/v2\/posts"}],"about":[{"href":"https:\/\/droptimes.com.br\/site\/wp-json\/wp\/v2\/types\/post"}],"author":[{"embeddable":true,"href":"https:\/\/droptimes.com.br\/site\/wp-json\/wp\/v2\/users\/3"}],"replies":[{"embeddable":true,"href":"https:\/\/droptimes.com.br\/site\/wp-json\/wp\/v2\/comments?post=6521"}],"version-history":[{"count":1,"href":"https:\/\/droptimes.com.br\/site\/wp-json\/wp\/v2\/posts\/6521\/revisions"}],"predecessor-version":[{"id":6524,"href":"https:\/\/droptimes.com.br\/site\/wp-json\/wp\/v2\/posts\/6521\/revisions\/6524"}],"wp:featuredmedia":[{"embeddable":true,"href":"https:\/\/droptimes.com.br\/site\/wp-json\/wp\/v2\/media\/6522"}],"wp:attachment":[{"href":"https:\/\/droptimes.com.br\/site\/wp-json\/wp\/v2\/media?parent=6521"}],"wp:term":[{"taxonomy":"category","embeddable":true,"href":"https:\/\/droptimes.com.br\/site\/wp-json\/wp\/v2\/categories?post=6521"},{"taxonomy":"post_tag","embeddable":true,"href":"https:\/\/droptimes.com.br\/site\/wp-json\/wp\/v2\/tags?post=6521"}],"curies":[{"name":"wp","href":"https:\/\/api.w.org\/{rel}","templated":true}]}}