{"id":6274,"date":"2025-12-08T20:20:29","date_gmt":"2025-12-08T17:20:29","guid":{"rendered":"https:\/\/droptimes.com.br\/site\/?p=6274"},"modified":"2025-12-08T20:20:30","modified_gmt":"2025-12-08T17:20:30","slug":"d-edge-confirma-festival-de-26-anos-para-abril-do-ano-que-vem","status":"publish","type":"post","link":"https:\/\/droptimes.com.br\/site\/d-edge-confirma-festival-de-26-anos-para-abril-do-ano-que-vem\/","title":{"rendered":"D-EDGE confirma festival de 26 anos para abril do ano que vem"},"content":{"rendered":"\n<p><em>Depois do megafestival que celebrou os 25 anos da casa, abril do ano que vem ter\u00e1 uma nova edi\u00e7\u00e3o em S\u00e3o Paulo<\/em><\/p>\n\n\n\n<p>Os 25 anos de&nbsp;<strong>D-EDGE<\/strong>&nbsp;foram celebrados intensamente em S\u00e3o Paulo, e os 26 anos n\u00e3o deixar\u00e3o por menos! Para comemorar seu pr\u00f3ximo anivers\u00e1rio, o club paulistano anunciou a pr\u00f3xima edi\u00e7\u00e3o do&nbsp;<strong>D-EDGE Festival<\/strong>&nbsp;para o dia&nbsp;<strong>02 de abril de 2026<\/strong>.<\/p>\n\n\n\n<p>Assim como em abril de 2025, ano que vem a festa tamb\u00e9m acontece no&nbsp;<strong>KOMPLEXO TEMPO<\/strong>. O pr\u00e9-cadastro para as vendas estar\u00e1 dispon\u00edvel em breve.<\/p>\n\n\n\n<p><strong>D-EDGE Festival 2025<\/strong><\/p>\n\n\n\n<p>\u00c0s margens da linha do trem, com a paisagem industrial da capital paulista como pano de fundo, o&nbsp;<strong>KOMPLEXO TEMPO<\/strong>&nbsp;se transformou, em 17 de abril de 2025, na noite de 25 anos do D-EDGE.&nbsp;<\/p>\n\n\n\n<p>Foram 12 horas de celebra\u00e7\u00e3o intensa, com mais de sete mil pessoas ocupando cada cent\u00edmetro de um dos espa\u00e7os mais impressionantes da cidade, embaladas por um lineup diverso e impecavelmente curado, que trouxe \u00edcones internacionais \u2013&nbsp;<strong>Bora Uzer, Facundo Mohrr, Moblack, S\u00e9bastien L\u00e9ger\u2026<\/strong>&nbsp;\u2013 dividindo espa\u00e7o com nomes que ajudaram a construir o legado do, como&nbsp;<strong>Adria, Cesare vs Disorder, Coppola, Drunky Daniels, Pricila Diaz, Sarah Stenzel, Sheldon e Waltervelt<\/strong>.<\/p>\n\n\n\n<p><strong>Muti Randolph<\/strong>, arquiteto de experi\u00eancias e parceiro do D-EDGE desde seus prim\u00f3rdios em Campo Grande, assinou mais uma vez a concep\u00e7\u00e3o visual do evento na pista principal.<\/p>\n\n\n\n<p>Foram 12 horas com energia constante, sem queda de vibe, numa maratona sonora que reafirmou o esp\u00edrito do D-EDGE: a pista em primeiro lugar. Certamente, o mesmo pode ser esperado para o dia 02 de abril de 2026.<\/p>\n\n\n\n<p><strong>Sobre o D-EDGE<\/strong><\/p>\n\n\n\n<p>O ic\u00f4nico D-EDGE \u00e9 reconhecido mundialmente por seu conceito inovador e qualidade na experi\u00eancia musical e visual. Seu premiado e sofisticado design alcan\u00e7ou um equil\u00edbrio perfeito entre som, luz e ambiente. Cada detalhe \u00e9 cuidadosamente pensado para intensificar a experi\u00eancia sensorial do p\u00fablico.<\/p>\n\n\n\n<p>A casa noturna desbravou a regi\u00e3o industrial da Barra Funda, em S\u00e3o Paulo, quando abriu suas portas na Rua Olga, em 2003, sendo respons\u00e1vel pela transforma\u00e7\u00e3o da regi\u00e3o em um p\u00f3lo de importantes clubes da cidade.&nbsp;<\/p>\n\n\n\n<p>As hist\u00f3rias do D-EDGE confundem-se com o advento da m\u00fasica eletr\u00f4nica no pa\u00eds, com o movimento que retirou o estilo dos guetos e do meio underground e o levou ao mainstream.<\/p>\n","protected":false},"excerpt":{"rendered":"<p>Depois do megafestival que celebrou os 25 anos da casa, abril do ano que vem ter\u00e1 uma nova edi\u00e7\u00e3o em S\u00e3o Paulo Os 25 anos de&nbsp;D-EDGE&nbsp;foram celebrados intensamente em S\u00e3o Paulo, e os 26 anos n\u00e3o deixar\u00e3o por menos! Para comemorar seu pr\u00f3ximo anivers\u00e1rio, o club paulistano anunciou a pr\u00f3xima edi\u00e7\u00e3o do&nbsp;D-EDGE Festival&nbsp;para o dia&nbsp;02 [&hellip;]<\/p>\n","protected":false},"author":3,"featured_media":6275,"comment_status":"closed","ping_status":"closed","sticky":false,"template":"","format":"standard","meta":{"pagelayer_contact_templates":[],"_pagelayer_content":"","footnotes":""},"categories":[20,157],"tags":[171,439,174,170,626,168,169,637,279,167],"class_list":["post-6274","post","type-post","status-publish","format-standard","has-post-thumbnail","hentry","category-lifestyle","category-news","tag-afro-house","tag-d-edge","tag-dj","tag-edm","tag-groove","tag-hard-techno","tag-house","tag-melodic","tag-musica-eletronica-3","tag-techno"],"_links":{"self":[{"href":"https:\/\/droptimes.com.br\/site\/wp-json\/wp\/v2\/posts\/6274","targetHints":{"allow":["GET"]}}],"collection":[{"href":"https:\/\/droptimes.com.br\/site\/wp-json\/wp\/v2\/posts"}],"about":[{"href":"https:\/\/droptimes.com.br\/site\/wp-json\/wp\/v2\/types\/post"}],"author":[{"embeddable":true,"href":"https:\/\/droptimes.com.br\/site\/wp-json\/wp\/v2\/users\/3"}],"replies":[{"embeddable":true,"href":"https:\/\/droptimes.com.br\/site\/wp-json\/wp\/v2\/comments?post=6274"}],"version-history":[{"count":1,"href":"https:\/\/droptimes.com.br\/site\/wp-json\/wp\/v2\/posts\/6274\/revisions"}],"predecessor-version":[{"id":6276,"href":"https:\/\/droptimes.com.br\/site\/wp-json\/wp\/v2\/posts\/6274\/revisions\/6276"}],"wp:featuredmedia":[{"embeddable":true,"href":"https:\/\/droptimes.com.br\/site\/wp-json\/wp\/v2\/media\/6275"}],"wp:attachment":[{"href":"https:\/\/droptimes.com.br\/site\/wp-json\/wp\/v2\/media?parent=6274"}],"wp:term":[{"taxonomy":"category","embeddable":true,"href":"https:\/\/droptimes.com.br\/site\/wp-json\/wp\/v2\/categories?post=6274"},{"taxonomy":"post_tag","embeddable":true,"href":"https:\/\/droptimes.com.br\/site\/wp-json\/wp\/v2\/tags?post=6274"}],"curies":[{"name":"wp","href":"https:\/\/api.w.org\/{rel}","templated":true}]}}