{"id":6136,"date":"2025-11-27T16:39:22","date_gmt":"2025-11-27T13:39:22","guid":{"rendered":"https:\/\/droptimes.com.br\/site\/?p=6136"},"modified":"2025-11-27T16:39:22","modified_gmt":"2025-11-27T13:39:22","slug":"com-showcase-especial-no-lote-em-sp-not-therapy-de-jonetta-apresenta-seu-1o-va-quarta-dimensao","status":"publish","type":"post","link":"https:\/\/droptimes.com.br\/site\/com-showcase-especial-no-lote-em-sp-not-therapy-de-jonetta-apresenta-seu-1o-va-quarta-dimensao\/","title":{"rendered":"Com showcase especial no LOTE, em SP, Not Therapy de Jonetta apresenta seu 1\u00ba VA, \u201cQuarta Dimens\u00e3o\u201d\u00a0"},"content":{"rendered":"\n<p><em>Evento acontece neste s\u00e1bado, 29, e traz B2Bs entre alguns dos produtores presentes na colet\u00e2nea, como Ney Faustini, Leo Janeiro e Suelen Mesmo<\/em><\/p>\n\n\n\n<p>A\u00a0<strong>Not Therapy<\/strong>, label comanda por\u00a0<strong>Jonetta<\/strong>, encerra 2025 dando seu passo mais ambicioso: o lan\u00e7amento de\u00a0<strong>\u201cQuarta Dimens\u00e3o\u201d<\/strong>, sua primeira colet\u00e2nea, que chega \u00e0s plataformas no dia 12 de dezembro e ganha uma festa oficial de lan\u00e7amento neste s\u00e1bado, 29, no\u00a0<strong>LOTE<\/strong>, em S\u00e3o Paulo.<\/p>\n\n\n\n<p>O evento \u2013&nbsp;<strong>\u201cNOT THERAPY + JONETTA apresenta Showcase VA Release Party\u201d<\/strong>&nbsp;\u2013 re\u00fane alguns dos artistas envolvidos no disco em uma celebra\u00e7\u00e3o B2B cont\u00ednua, das 15h \u00e0s 22h, costurada ao vivo por Jonetta.&nbsp;<\/p>\n\n\n\n<p>O LOTE \u2013 espa\u00e7o aberto, com bar, comidas, mesas e atmosfera chill \u2013 recebe o showcase com um formato que refor\u00e7a a ideia de rede criativa: todos os sets ser\u00e3o B2B, com o DJ, produtor e dono do selo entrando em cada slot para navegar junto dos artistas e apresentar as faixas do disco.<\/p>\n\n\n\n<p>A festa marca tamb\u00e9m a estreia de diversos produtores dentro do ecossistema Not Therapy:&nbsp;<strong>TYV<\/strong>,&nbsp;<strong>Gabto<\/strong>,&nbsp;<strong>Ney Faustini<\/strong>,&nbsp;<strong>L\u00e9o Janeiro<\/strong>,&nbsp;<strong>Etcetera<\/strong>,&nbsp;<strong>Bruna Val<\/strong>,&nbsp;<strong>Reisse&nbsp;<\/strong>e&nbsp;<strong>Suelen Mesmo<\/strong>&nbsp;apresentam seus primeiros trabalhos oficiais pela gravadora.<\/p>\n\n\n\n<p>Para Jonetta, o evento \u00e9 a materializa\u00e7\u00e3o da proposta da Not Therapy como lugar de encontros.<\/p>\n\n\n\n<blockquote class=\"wp-block-quote is-layout-flow wp-block-quote-is-layout-flow\">\n<p>\u201cDia 29 une um grupo muito interessante que me inspira criativamente. Vamos tocar das 15h \u00e0s 22h num formato B2B, e eu entro um pouquinho em todos os slots, navegando com os artistas que v\u00e3o apresentar suas tracks. Estou muito empolgado. Vai ser uma tarde\/noite especial\u201d, afirma.<\/p>\n<\/blockquote>\n\n\n\n<p><strong>Lineup (B2B + Jonetta)<\/strong><\/p>\n\n\n\n<p>&#8211; Reisse x Suelen Mesmo + Jonetta<\/p>\n\n\n\n<p>&#8211; Leo Janeiro x Ney Faustini + Jonetta<\/p>\n\n\n\n<p>&#8211; TYV x Gabto + Jonetta<\/p>\n\n\n\n<p>&#8211; Etcetera x Bruna Val + Jonetta<\/p>\n\n\n\n<p><strong>\u201cQuarta Dimens\u00e3o\u201d<\/strong><\/p>\n\n\n\n<p>A colet\u00e2nea nasce como a s\u00edntese da vis\u00e3o art\u00edstica e afetiva que molda a Not Therapy desde seu in\u00edcio: m\u00fasica como camadas de presen\u00e7a, mem\u00f3ria e expans\u00e3o. Um espa\u00e7o no qual artistas se encontram n\u00e3o s\u00f3 pelo som, mas pela troca sens\u00edvel.<\/p>\n\n\n\n<p>Com sete faixas, \u201cQuarta Dimens\u00e3o\u201d se estrutura como um mapa de conex\u00f5es entre gera\u00e7\u00f5es, estilos e sensibilidades. O VA re\u00fane desde nomes consagrados da m\u00fasica eletr\u00f4nica brasileira at\u00e9 produtores em ascens\u00e3o, selecionados sob medida pela curadoria de Jonetta.<\/p>\n\n\n\n<p>S\u00e3o eles&nbsp;<strong>TYV &amp; Gabto<\/strong>&nbsp;(com a faixa \u201cDonkey Bong\u201d),&nbsp;<strong>Ney Faustini<\/strong>&nbsp;(\u201cHidden Light\u201d),&nbsp;<strong>Etcetera&nbsp;<\/strong>(\u201cEnjoy\u201d),&nbsp;<strong>Bruna Val<\/strong>&nbsp;(\u201cGive U\u201d),&nbsp;<strong>Jonetta&nbsp;<\/strong>(\u201cDimensions\u201d),&nbsp;<strong>Leo Janeiro &amp; Rodrigo Ferrari<\/strong>&nbsp;(\u201cWaves\u201d) e&nbsp;<strong>Suelen Mesmo &amp; Reisse<\/strong>&nbsp;(\u201cU Can Dance\u201d).<\/p>\n\n\n\n<p>Segundo Jonetta, o disco representa um v\u00e9rtice de um \u201chipercubo imagin\u00e1rio\u201d: sonoridades distintas coexistindo em um mesmo organismo criativo.<\/p>\n\n\n\n<p>\u201cA m\u00fasica eletr\u00f4nica n\u00e3o vive apenas no espa\u00e7o f\u00edsico do som. Ela pulsa em outra camada, uma quarta dimens\u00e3o onde tempo, mem\u00f3ria e presen\u00e7a se fundem. Este \u00e1lbum n\u00e3o \u00e9 uma cole\u00e7\u00e3o de faixas; \u00e9 um mapa de conex\u00f5es\u201d, explica o artista.<\/p>\n\n\n\n<p>A linguagem da Not Therapy sempre se prop\u00f4s a olhar para a pista com mais profundidade: m\u00fasica como gesto de cuidado, de troca, de acolhimento. Em \u201cQuarta Dimens\u00e3o\u201d, esse manifesto se torna tang\u00edvel \u2013 e plural.<\/p>\n\n\n\n<blockquote class=\"wp-block-quote is-layout-flow wp-block-quote-is-layout-flow\">\n<p>\u201cTrabalhar ao lado de artistas t\u00e3o talentosos nos inspira demais. Essa colet\u00e2nea \u00e9 um respeito pela trajet\u00f3ria de cada um deles. \u00c9 o nosso primeiro VA, com um lineup incr\u00edvel, diverso e relevante. Um projeto que abre portas para muitos outros\u201d, finaliza.<\/p>\n<\/blockquote>\n\n\n\n<p>Este ser\u00e1 o terceiro showcase da Not Therapy em 2025, sucedendo os realizados no&nbsp;<strong>D-EDGE SP<\/strong>&nbsp;e no&nbsp;<strong>Caracol<\/strong>.<\/p>\n\n\n\n<p><strong>Servi\u00e7o<\/strong><\/p>\n\n\n\n<p><strong><em>NOT THERAPY + JONETT apresenta Showcase VA Release Party<\/em><\/strong><\/p>\n\n\n\n<p><strong>Local<\/strong>: LOTE &#8211;&nbsp;<a href=\"https:\/\/www.google.com\/maps\/place\/R.+Padre+Jo%C3%A3o+Gon%C3%A7alves,+80+-+Vila+Madalena,+S%C3%A3o+Paulo+-+SP,+05432-040\/@-23.5601144,-46.6877575,17z\/data=!3m1!4b1!4m6!3m5!1s0x94ce5798e4a3e40b:0x9a4819510917ec6c!8m2!3d-23.5601144!4d-46.6877575!16s%2Fg%2F11t3cycj7r?entry=ttu&amp;g_ep=EgoyMDI1MTEyMy4xIKXMDSoASAFQAw%3D%3D\" target=\"_blank\" rel=\"noreferrer noopener\">R. Padre Jo\u00e3o Gon\u00e7alves, 80 &#8211; Vila Madalena, S\u00e3o Paulo-SP<\/a><\/p>\n\n\n\n<p><strong>Data<\/strong>: 29\/11 (s\u00e1bado)<\/p>\n\n\n\n<p><strong>Hor\u00e1rio<\/strong>:&nbsp;Das 15h \u00e0s 22h<\/p>\n\n\n\n<p><strong>Atra\u00e7\u00f5es<\/strong>: Reisse B2B Suelen Mesmo, Leo Janeiro B2B Ney Faustini, TYV B2B Gabto, Etcetera B2B Bruna Val e Jonetta<\/p>\n\n\n\n<p><strong>Ingressos<\/strong>: R$ 20,00 (+ taxas)&nbsp;via&nbsp;<a href=\"https:\/\/www.ingresse.com\/not-theraphy-no-lote\/\" target=\"_blank\" rel=\"noreferrer noopener\">Ingresse<\/a><\/p>\n","protected":false},"excerpt":{"rendered":"<p>Evento acontece neste s\u00e1bado, 29, e traz B2Bs entre alguns dos produtores presentes na colet\u00e2nea, como Ney Faustini, Leo Janeiro e Suelen Mesmo A\u00a0Not Therapy, label comanda por\u00a0Jonetta, encerra 2025 dando seu passo mais ambicioso: o lan\u00e7amento de\u00a0\u201cQuarta Dimens\u00e3o\u201d, sua primeira colet\u00e2nea, que chega \u00e0s plataformas no dia 12 de dezembro e ganha uma festa [&hellip;]<\/p>\n","protected":false},"author":3,"featured_media":6137,"comment_status":"closed","ping_status":"closed","sticky":false,"template":"","format":"standard","meta":{"pagelayer_contact_templates":[],"_pagelayer_content":"","footnotes":""},"categories":[20,157],"tags":[969,1157,1160,1158,1159,1161],"class_list":["post-6136","post","type-post","status-publish","format-standard","has-post-thumbnail","hentry","category-lifestyle","category-news","tag-leo-janeiro","tag-lote","tag-ney-faustini","tag-not-therapy","tag-quarta-dimensao","tag-suelen-mesmo"],"_links":{"self":[{"href":"https:\/\/droptimes.com.br\/site\/wp-json\/wp\/v2\/posts\/6136","targetHints":{"allow":["GET"]}}],"collection":[{"href":"https:\/\/droptimes.com.br\/site\/wp-json\/wp\/v2\/posts"}],"about":[{"href":"https:\/\/droptimes.com.br\/site\/wp-json\/wp\/v2\/types\/post"}],"author":[{"embeddable":true,"href":"https:\/\/droptimes.com.br\/site\/wp-json\/wp\/v2\/users\/3"}],"replies":[{"embeddable":true,"href":"https:\/\/droptimes.com.br\/site\/wp-json\/wp\/v2\/comments?post=6136"}],"version-history":[{"count":1,"href":"https:\/\/droptimes.com.br\/site\/wp-json\/wp\/v2\/posts\/6136\/revisions"}],"predecessor-version":[{"id":6138,"href":"https:\/\/droptimes.com.br\/site\/wp-json\/wp\/v2\/posts\/6136\/revisions\/6138"}],"wp:featuredmedia":[{"embeddable":true,"href":"https:\/\/droptimes.com.br\/site\/wp-json\/wp\/v2\/media\/6137"}],"wp:attachment":[{"href":"https:\/\/droptimes.com.br\/site\/wp-json\/wp\/v2\/media?parent=6136"}],"wp:term":[{"taxonomy":"category","embeddable":true,"href":"https:\/\/droptimes.com.br\/site\/wp-json\/wp\/v2\/categories?post=6136"},{"taxonomy":"post_tag","embeddable":true,"href":"https:\/\/droptimes.com.br\/site\/wp-json\/wp\/v2\/tags?post=6136"}],"curies":[{"name":"wp","href":"https:\/\/api.w.org\/{rel}","templated":true}]}}