{"id":6093,"date":"2025-11-24T22:32:57","date_gmt":"2025-11-24T19:32:57","guid":{"rendered":"https:\/\/droptimes.com.br\/site\/?p=6093"},"modified":"2025-11-24T22:32:58","modified_gmt":"2025-11-24T19:32:58","slug":"martin-garrix-comanda-pre-reveillon-no-rio-de-janeiro-ao-lado-de-citadelle-nuzb-e-mais","status":"publish","type":"post","link":"https:\/\/droptimes.com.br\/site\/martin-garrix-comanda-pre-reveillon-no-rio-de-janeiro-ao-lado-de-citadelle-nuzb-e-mais\/","title":{"rendered":"Martin Garrix comanda pr\u00e9-R\u00e9veillon no Rio de Janeiro ao lado de Citadelle, NUZB e mais"},"content":{"rendered":"\n<p>Ap\u00f3s muita espera,<strong>&nbsp;Martin Garrix&nbsp;<\/strong>retorna ao Brasil para uma turn\u00ea de r\u00e9veillon, passando por algumas cidades do pa\u00eds, incluindo o<strong>&nbsp;<\/strong><a href=\"https:\/\/gmail.us22.list-manage.com\/track\/click?u=7a86e638012668149025d8237&amp;id=3fa0d36a65&amp;e=ec09cd488c\" target=\"_blank\" rel=\"noreferrer noopener\"><strong>Rio de Janeiro<\/strong><\/a>, no dia&nbsp;<strong>30 de dezembro<\/strong>, trazendo um line-up de respeito para elevar ainda mais a energia no pr\u00e9-ano novo de 2026. O evento vai acontecer na Farmasi Arena, na Barra da Tijuca, das 22h at\u00e9 \u00e0s 6h.&nbsp;<\/p>\n\n\n\n<p>Para manter o n\u00edvel do rol\u00ea, o line-up completo n\u00e3o decepciona. Al\u00e9m de, claro, Martin Garrix, um dos grandes nomes que se apresenta \u00e9&nbsp;<strong>Citadelle<\/strong>. O duo de DJs franceses vem criando sua marca em meio ao g\u00eanero do&nbsp;<em>Progressive House<\/em>, tornando-se um dos nomes em ascens\u00e3o da STMPD RCRDS, gravadora do pr\u00f3prio Garrix. Recentemente os artistas fizeram um dos maiores lan\u00e7amentos de sua carreira, em uma collab com o pr\u00f3prio holand\u00eas na m\u00fasica \u201cPeace Of Mind\u201d, lan\u00e7ada em julho, que j\u00e1 acumula mais de 3 milh\u00f5es de&nbsp;<em>streams&nbsp;<\/em>no Spotify, e recentemente ganhou um&nbsp;<em>remake&nbsp;<\/em>chamado \u201cPeace Of Flood\u201d, uma jun\u00e7\u00e3o com uma&nbsp;<em>track&nbsp;<\/em>de Sebastian Ingrosso, do Swedish House Mafia.<\/p>\n\n\n\n<p>Al\u00e9m dos artistas internacionais, o evento tamb\u00e9m contar\u00e1 com tr\u00eas brasileiros, come\u00e7ando por&nbsp;<strong>NUZB<\/strong>, que<strong>&nbsp;<\/strong>\u00e9 um dos nomes mais inovadores da nova gera\u00e7\u00e3o da m\u00fasica eletr\u00f4nica brasileira, reconhecido mundialmente por sua identidade sonora futurista que mistura&nbsp;<em>house, bass&nbsp;<\/em>e elementos do&nbsp;<em>tech<\/em>. Com lan\u00e7amentos de destaque em gravadoras como STMPD RCRDS, ele rapidamente conquistou espa\u00e7o nas pistas e plataformas digitais, somando milh\u00f5es de&nbsp;<em>streams&nbsp;<\/em>e colaborando com artistas em ascens\u00e3o ao redor do mundo. Sua assinatura visual e musical o posiciona como um dos artistas mais originais do cen\u00e1rio atual, conectando energia, est\u00e9tica e&nbsp;<em>storytelling&nbsp;<\/em>em cada&nbsp;<em>track&nbsp;<\/em>e performance. O brasileiro vem construindo uma carreira internacional consolidada e retorna ao Brasil ao lado de Martin Garrix para essa turn\u00ea.<\/p>\n\n\n\n<p>O evento tamb\u00e9m contar\u00e1 com&nbsp;<strong>Bruna Strait<\/strong>, DJ e produtora carioca que se destaca na cena eletr\u00f4nica unindo&nbsp;<em>house, tech house<\/em>&nbsp;e refer\u00eancias culturais nacionais, sendo s\u00edmbolo de representatividade LGBTQIA+ e tendo se apresentado em grandes festivais, como Rock in Rio Lisboa, bem como em turn\u00eas na Europa e \u00c1sia; e o artista&nbsp;<strong>Benan<\/strong>, garantindo um&nbsp;<em>set&nbsp;<\/em>de qualidade para agitar a pista.<\/p>\n\n\n\n<p>Eleito cinco vezes o melhor DJ do mundo pela revista brit\u00e2nica DJ Mag, Martin Garrix \u00e9 considerado um verdadeiro prod\u00edgio da m\u00fasica eletr\u00f4nica. Sua carreira se iniciou cedo. Seu primeiro lan\u00e7amento foi realizado quando ele tinha apenas 17 anos, e a partir da\u00ed sua carreira escalou para patamares enormes. Conhecido por hits como \u201cAnimals\u201d, \u201cIn The Name Of Love\u201d, \u201cScared To Be Lonely\u201d, \u201cHigh On Life\u201d, entre muitos outros, o holand\u00eas estar\u00e1 em solo brasileiro em uma das datas mais importantes do ano, garantindo um 2026 de realiza\u00e7\u00f5es.<\/p>\n\n\n\n<p>Os ingressos para o pr\u00e9-r\u00e9veillon com Martin Garrix no Rio de Janeiro j\u00e1 est\u00e3o \u00e0 venda pela\u00a0<a href=\"https:\/\/gmail.us22.list-manage.com\/track\/click?u=7a86e638012668149025d8237&amp;id=a952b0eb5c&amp;e=ec09cd488c\" target=\"_blank\" rel=\"noreferrer noopener\">plataforma Sympla<\/a>\u00a0nas modalidades General Admission, Premium e Open Bar. Garanta j\u00e1 o seu n\u00e3o perca a oportunidade de vivenciar um evento com uma qualidade sonoro impec\u00e1vel.<\/p>\n\n\n\n<p><strong>Acompanhe Martin Garrix in Rio:\u00a0<\/strong><a href=\"https:\/\/gmail.us22.list-manage.com\/track\/click?u=7a86e638012668149025d8237&amp;id=36ef672f96&amp;e=ec09cd488c\" target=\"_blank\" rel=\"noreferrer noopener\">Instagram<\/a>\u00a0|\u00a0<a href=\"https:\/\/gmail.us22.list-manage.com\/track\/click?u=7a86e638012668149025d8237&amp;id=d380e0965a&amp;e=ec09cd488c\" target=\"_blank\" rel=\"noreferrer noopener\">Site<\/a><\/p>\n\n\n\n<p><strong>Servi\u00e7o<\/strong><\/p>\n\n\n\n<p><strong>Martin Garrix no Rio de Janeiro<\/strong><\/p>\n\n\n\n<p><strong>Data:&nbsp;<\/strong>30 de dezembro de 2025<\/p>\n\n\n\n<p><strong>Local<\/strong>: Farmasi Arena (Avenida Embaixador Abelardo Bueno, 3401 &#8211; Rio de Janeiro, RJ)<\/p>\n\n\n\n<p><strong>Hor\u00e1rio<\/strong>: das 22h \u00e0s 6h<\/p>\n\n\n\n<p><strong>Atra\u00e7\u00f5es<\/strong>: Martin Garrix, Citadelle, NUZB, Bruna Strait e Benan<\/p>\n\n\n\n<p><strong>Ingressos<\/strong>: sujeito a disponibilidade de lote via <a href=\"https:\/\/www.sympla.com.br\/evento\/martin-garrix-in-rio-prereveillonrj\">Sympla<\/a><a href=\"https:\/\/gmail.us22.list-manage.com\/track\/click?u=7a86e638012668149025d8237&amp;id=cb5ac174de&amp;e=ec09cd488c\" target=\"_blank\" rel=\"noreferrer noopener\">,<\/a>\u00a0nos setores open bar, premium e general admission (pista), nas modalidades inteira e meia-entrada.<\/p>\n\n\n\n<p><strong>Classifica\u00e7\u00e3o<\/strong>: 18 anos<\/p>\n\n\n\n<p><\/p>\n","protected":false},"excerpt":{"rendered":"<p>Ap\u00f3s muita espera,&nbsp;Martin Garrix&nbsp;retorna ao Brasil para uma turn\u00ea de r\u00e9veillon, passando por algumas cidades do pa\u00eds, incluindo o&nbsp;Rio de Janeiro, no dia&nbsp;30 de dezembro, trazendo um line-up de respeito para elevar ainda mais a energia no pr\u00e9-ano novo de 2026. O evento vai acontecer na Farmasi Arena, na Barra da Tijuca, das 22h at\u00e9 [&hellip;]<\/p>\n","protected":false},"author":3,"featured_media":6094,"comment_status":"closed","ping_status":"closed","sticky":false,"template":"","format":"standard","meta":{"pagelayer_contact_templates":[],"_pagelayer_content":"","footnotes":""},"categories":[20,157],"tags":[1145,1147,164,1146,362],"class_list":["post-6093","post","type-post","status-publish","format-standard","has-post-thumbnail","hentry","category-lifestyle","category-news","tag-citadelle","tag-farmasi-arena","tag-martin-garrix","tag-nuzb","tag-rio-de-janeiro"],"_links":{"self":[{"href":"https:\/\/droptimes.com.br\/site\/wp-json\/wp\/v2\/posts\/6093","targetHints":{"allow":["GET"]}}],"collection":[{"href":"https:\/\/droptimes.com.br\/site\/wp-json\/wp\/v2\/posts"}],"about":[{"href":"https:\/\/droptimes.com.br\/site\/wp-json\/wp\/v2\/types\/post"}],"author":[{"embeddable":true,"href":"https:\/\/droptimes.com.br\/site\/wp-json\/wp\/v2\/users\/3"}],"replies":[{"embeddable":true,"href":"https:\/\/droptimes.com.br\/site\/wp-json\/wp\/v2\/comments?post=6093"}],"version-history":[{"count":1,"href":"https:\/\/droptimes.com.br\/site\/wp-json\/wp\/v2\/posts\/6093\/revisions"}],"predecessor-version":[{"id":6095,"href":"https:\/\/droptimes.com.br\/site\/wp-json\/wp\/v2\/posts\/6093\/revisions\/6095"}],"wp:featuredmedia":[{"embeddable":true,"href":"https:\/\/droptimes.com.br\/site\/wp-json\/wp\/v2\/media\/6094"}],"wp:attachment":[{"href":"https:\/\/droptimes.com.br\/site\/wp-json\/wp\/v2\/media?parent=6093"}],"wp:term":[{"taxonomy":"category","embeddable":true,"href":"https:\/\/droptimes.com.br\/site\/wp-json\/wp\/v2\/categories?post=6093"},{"taxonomy":"post_tag","embeddable":true,"href":"https:\/\/droptimes.com.br\/site\/wp-json\/wp\/v2\/tags?post=6093"}],"curies":[{"name":"wp","href":"https:\/\/api.w.org\/{rel}","templated":true}]}}