{"id":5950,"date":"2025-11-10T19:16:57","date_gmt":"2025-11-10T16:16:57","guid":{"rendered":"https:\/\/droptimes.com.br\/site\/?p=5950"},"modified":"2025-11-10T19:16:58","modified_gmt":"2025-11-10T16:16:58","slug":"audio-obscura-x-amelie-lens-na-van-nelle-fabriek","status":"publish","type":"post","link":"https:\/\/droptimes.com.br\/site\/audio-obscura-x-amelie-lens-na-van-nelle-fabriek\/","title":{"rendered":"Audio Obscura x Amelie Lens na Van Nelle Fabriek"},"content":{"rendered":"\n<p>Entre na monumental Van Nelle Fabriek, um Patrim\u00f4nio Mundial da UNESCO onde o a\u00e7o e a hist\u00f3ria se encontram. No dia 6 de fevereiro de 2026, Amelie Lens assume este espa\u00e7o ic\u00f4nico para uma noite de energia techno implac\u00e1vel.<\/p>\n\n\n\n<p>As luzes voltam. As sombras se movem. As paredes de concreto respirar\u00e3o no ritmo das batidas pulsantes. Esta \u00e9 uma noite feita para a intensidade.<\/p>\n\n\n\n<p><strong>INFORMA\u00c7\u00d5ES DO EVENTO:<\/strong><br>Data: 6 de fevereiro de 2026<br>Hor\u00e1rio: 21:00 &#8211; 04:00<br>Local: Van Nelle Fabriek, Rotterdam<\/p>\n\n\n\n<p><strong><a href=\"https:\/\/mezoyd.clicks.mlsend.com\/tl\/cl\/eyJ2Ijoie1wiYVwiOjQ3NDM3MSxcImxcIjoxNzA2NzkzNjIxNzcyMDYwMDUsXCJyXCI6MTcwNjc5NDAwMDE5MjY0NzUxfSIsInMiOiIxZTgzYzRiNGQwOWFjZGFkIn0\">INSCRI\u00c7\u00c3O<\/a><\/strong><\/p>\n\n\n\n<p><strong>Associa\u00e7\u00e3o reaberta<\/strong><br>Reabrimos recentemente o nosso programa de associa\u00e7\u00e3o. Tornar-se membro da Audio Obscura oferece a melhor chance de garantir ingressos para nossos eventos.<\/p>\n\n\n\n<figure class=\"wp-block-image size-large\"><img fetchpriority=\"high\" decoding=\"async\" width=\"1024\" height=\"273\" src=\"https:\/\/droptimes.com.br\/site\/wp-content\/uploads\/2025\/11\/image-30-1024x273.png\" alt=\"\" class=\"wp-image-5952\" srcset=\"https:\/\/droptimes.com.br\/site\/wp-content\/uploads\/2025\/11\/image-30-1024x273.png 1024w, https:\/\/droptimes.com.br\/site\/wp-content\/uploads\/2025\/11\/image-30-300x80.png 300w, https:\/\/droptimes.com.br\/site\/wp-content\/uploads\/2025\/11\/image-30-768x205.png 768w, https:\/\/droptimes.com.br\/site\/wp-content\/uploads\/2025\/11\/image-30.png 1500w\" sizes=\"(max-width: 1024px) 100vw, 1024px\" \/><\/figure>\n\n\n\n<p><strong>Vantagens de ser membro incluem:<\/strong><\/p>\n\n\n\n<blockquote class=\"wp-block-quote is-layout-flow wp-block-quote-is-layout-flow\">\n<p>Ser o primeiro na fila para todos os nossos eventos.<br>Descontos exclusivos para membros em shows selecionados.<br>Acesso preferencial (entrada sem fila) em muitos dos nossos eventos.<br>Como membro, voc\u00ea ter\u00e1 acesso cont\u00ednuo a benef\u00edcios e ofertas exclusivas dispon\u00edveis apenas para associados durante todo o ano.<\/p>\n<\/blockquote>\n\n\n\n<p><strong><a href=\"https:\/\/mezoyd.clicks.mlsend.com\/tl\/cl\/eyJ2Ijoie1wiYVwiOjQ3NDM3MSxcImxcIjoxNzA2NzkzNjIxODg3NDAzNDgsXCJyXCI6MTcwNjc5NDAwMDE5MjY0NzUxfSIsInMiOiJkMzlhYTE0YTcyMTVhYjViIn0\">TORNE-SE UM MEMBRO<\/a><\/strong><\/p>\n","protected":false},"excerpt":{"rendered":"<p>Entre na monumental Van Nelle Fabriek, um Patrim\u00f4nio Mundial da UNESCO onde o a\u00e7o e a hist\u00f3ria se encontram. No dia 6 de fevereiro de 2026, Amelie Lens assume este espa\u00e7o ic\u00f4nico para uma noite de energia techno implac\u00e1vel. As luzes voltam. As sombras se movem. As paredes de concreto respirar\u00e3o no ritmo das batidas [&hellip;]<\/p>\n","protected":false},"author":3,"featured_media":5951,"comment_status":"closed","ping_status":"closed","sticky":false,"template":"","format":"standard","meta":{"pagelayer_contact_templates":[],"_pagelayer_content":"","footnotes":""},"categories":[158,157],"tags":[333,620,174,279,1080],"class_list":["post-5950","post","type-post","status-publish","format-standard","has-post-thumbnail","hentry","category-lancamentos","category-news","tag-amelie-lens","tag-audio-obscura","tag-dj","tag-musica-eletronica-3","tag-van-nelle-fabriek"],"_links":{"self":[{"href":"https:\/\/droptimes.com.br\/site\/wp-json\/wp\/v2\/posts\/5950","targetHints":{"allow":["GET"]}}],"collection":[{"href":"https:\/\/droptimes.com.br\/site\/wp-json\/wp\/v2\/posts"}],"about":[{"href":"https:\/\/droptimes.com.br\/site\/wp-json\/wp\/v2\/types\/post"}],"author":[{"embeddable":true,"href":"https:\/\/droptimes.com.br\/site\/wp-json\/wp\/v2\/users\/3"}],"replies":[{"embeddable":true,"href":"https:\/\/droptimes.com.br\/site\/wp-json\/wp\/v2\/comments?post=5950"}],"version-history":[{"count":1,"href":"https:\/\/droptimes.com.br\/site\/wp-json\/wp\/v2\/posts\/5950\/revisions"}],"predecessor-version":[{"id":5953,"href":"https:\/\/droptimes.com.br\/site\/wp-json\/wp\/v2\/posts\/5950\/revisions\/5953"}],"wp:featuredmedia":[{"embeddable":true,"href":"https:\/\/droptimes.com.br\/site\/wp-json\/wp\/v2\/media\/5951"}],"wp:attachment":[{"href":"https:\/\/droptimes.com.br\/site\/wp-json\/wp\/v2\/media?parent=5950"}],"wp:term":[{"taxonomy":"category","embeddable":true,"href":"https:\/\/droptimes.com.br\/site\/wp-json\/wp\/v2\/categories?post=5950"},{"taxonomy":"post_tag","embeddable":true,"href":"https:\/\/droptimes.com.br\/site\/wp-json\/wp\/v2\/tags?post=5950"}],"curies":[{"name":"wp","href":"https:\/\/api.w.org\/{rel}","templated":true}]}}