{"id":5881,"date":"2025-11-06T17:13:19","date_gmt":"2025-11-06T14:13:19","guid":{"rendered":"https:\/\/droptimes.com.br\/site\/?p=5881"},"modified":"2025-11-06T17:13:20","modified_gmt":"2025-11-06T14:13:20","slug":"adam-beyer-e-joris-voorn-juntos-na-casinha-em-2026","status":"publish","type":"post","link":"https:\/\/droptimes.com.br\/site\/adam-beyer-e-joris-voorn-juntos-na-casinha-em-2026\/","title":{"rendered":"\u00a0Adam Beyer e Joris Voorn juntos na casinha em 2026"},"content":{"rendered":"\n<figure class=\"wp-block-table\"><table class=\"has-fixed-layout\"><tbody><tr><td>A primeira jornada da casinha em 2026 j\u00e1 tem data e hora marcados, e podemos afirmar: vai ser hist\u00f3rica! No dia 09 de Janeiro, vamos receber 2 gigantes da m\u00fasica eletr\u00f4nica global:\u00a0<strong>Adam Beyer e Joris Voorn<\/strong>.<br><br><strong>Adam Beyer<\/strong>\u00a0\u00e9 um dos maiores nomes da hist\u00f3ria do Techno. Fundador da Drumcode, uma das maiores gravadoras do g\u00eanero, ele chega para sua estreia no Ame sem massagem. Depois de sua recente collab com Armin van Buuren, j\u00e1 d\u00e1 pra saber o que esperar desse \u00edcone sueco do Techno tradicional. Nem pense em perder!<br><br><strong>Joris Voorn<\/strong>\u00a0\u00e9 uma figura super querida e respeitada na ind\u00fastria, incluindo a comunidade de frequentadores ass\u00edduos do Ame. Foi ele quem aben\u00e7oou nossa inaugura\u00e7\u00e3o em 2018. Esta ser\u00e1 sua quarta vez aqui, trazendo a energia e a eleg\u00e2ncia sonora que marcaram momentos inesquec\u00edveis na nossa pista. Cada vinda dele representa uma certeza de profundidade, suavidade e musicalidade acima de tudo. E esse pr\u00f3ximo encontro ser\u00e1 ainda mais especial!<br><br>\u00c9 o in\u00edcio de um novo ano. Uma nova temporada. Um recome\u00e7o com a for\u00e7a que s\u00f3 a casinha sabe entregar!<br><br>Vendas <strong>abertas<\/strong>, via ingresse. Programe-se!<\/td><\/tr><\/tbody><\/table><\/figure>\n\n\n\n<p><\/p>\n","protected":false},"excerpt":{"rendered":"<p>A primeira jornada da casinha em 2026 j\u00e1 tem data e hora marcados, e podemos afirmar: vai ser hist\u00f3rica! No dia 09 de Janeiro, vamos receber 2 gigantes da m\u00fasica eletr\u00f4nica global:\u00a0Adam Beyer e Joris Voorn. Adam Beyer\u00a0\u00e9 um dos maiores nomes da hist\u00f3ria do Techno. Fundador da Drumcode, uma das maiores gravadoras do g\u00eanero, [&hellip;]<\/p>\n","protected":false},"author":3,"featured_media":5882,"comment_status":"closed","ping_status":"closed","sticky":false,"template":"","format":"standard","meta":{"pagelayer_contact_templates":[],"_pagelayer_content":"","footnotes":""},"categories":[20,157],"tags":[185,174,186,279],"class_list":["post-5881","post","type-post","status-publish","format-standard","has-post-thumbnail","hentry","category-lifestyle","category-news","tag-adam-beyer","tag-dj","tag-joris-voorn","tag-musica-eletronica-3"],"_links":{"self":[{"href":"https:\/\/droptimes.com.br\/site\/wp-json\/wp\/v2\/posts\/5881","targetHints":{"allow":["GET"]}}],"collection":[{"href":"https:\/\/droptimes.com.br\/site\/wp-json\/wp\/v2\/posts"}],"about":[{"href":"https:\/\/droptimes.com.br\/site\/wp-json\/wp\/v2\/types\/post"}],"author":[{"embeddable":true,"href":"https:\/\/droptimes.com.br\/site\/wp-json\/wp\/v2\/users\/3"}],"replies":[{"embeddable":true,"href":"https:\/\/droptimes.com.br\/site\/wp-json\/wp\/v2\/comments?post=5881"}],"version-history":[{"count":1,"href":"https:\/\/droptimes.com.br\/site\/wp-json\/wp\/v2\/posts\/5881\/revisions"}],"predecessor-version":[{"id":5883,"href":"https:\/\/droptimes.com.br\/site\/wp-json\/wp\/v2\/posts\/5881\/revisions\/5883"}],"wp:featuredmedia":[{"embeddable":true,"href":"https:\/\/droptimes.com.br\/site\/wp-json\/wp\/v2\/media\/5882"}],"wp:attachment":[{"href":"https:\/\/droptimes.com.br\/site\/wp-json\/wp\/v2\/media?parent=5881"}],"wp:term":[{"taxonomy":"category","embeddable":true,"href":"https:\/\/droptimes.com.br\/site\/wp-json\/wp\/v2\/categories?post=5881"},{"taxonomy":"post_tag","embeddable":true,"href":"https:\/\/droptimes.com.br\/site\/wp-json\/wp\/v2\/tags?post=5881"}],"curies":[{"name":"wp","href":"https:\/\/api.w.org\/{rel}","templated":true}]}}