{"id":5779,"date":"2025-10-24T18:04:09","date_gmt":"2025-10-24T15:04:09","guid":{"rendered":"https:\/\/droptimes.com.br\/site\/?p=5779"},"modified":"2025-10-24T18:04:10","modified_gmt":"2025-10-24T15:04:10","slug":"canetis-apresenta-joana-a-fusao-entre-house-funk-brasileiro-e-emocao-de-cantar-em-portugues","status":"publish","type":"post","link":"https:\/\/droptimes.com.br\/site\/canetis-apresenta-joana-a-fusao-entre-house-funk-brasileiro-e-emocao-de-cantar-em-portugues\/","title":{"rendered":"Canetis apresenta \u201cJoana\u201d: a fus\u00e3o entre House, Funk Brasileiro e emo\u00e7\u00e3o de cantar em portugu\u00eas"},"content":{"rendered":"\n<p>O produtor e DJ&nbsp;<strong>Canetis<\/strong>, artista estrangeiro que vem se destacando na cena eletr\u00f4nica internacional, anuncia sua nova faixa \u201cJoana\u201d, uma produ\u00e7\u00e3o que mistura sua identidade marcada pelo House com as batidas intensas do funk brasileiro.&nbsp;<\/p>\n\n\n\n<p>Mais do que uma m\u00fasica, a track representa uma imers\u00e3o cultural: um estrangeiro que escolheu cantar em portugu\u00eas para se conectar de forma aut\u00eantica com o p\u00fablico brasileiro.<\/p>\n\n\n\n<p>Inspirado por uma hist\u00f3ria pessoal de paix\u00e3o plat\u00f4nica, Canetis transforma a narrativa de um amor imposs\u00edvel em uma can\u00e7\u00e3o que carrega humor, leveza e identifica\u00e7\u00e3o imediata. A personagem Joana simboliza a garota brasileira livre, festeira e cheia de energia, ao mesmo tempo em que funciona como espelho de experi\u00eancias universais de desejo e frustra\u00e7\u00e3o.<\/p>\n\n\n\n<blockquote class=\"wp-block-quote is-layout-flow wp-block-quote-is-layout-flow\">\n<p><em>\u201cTodos n\u00f3s j\u00e1 tivemos ou temos uma Joana em nossas vidas\u201d,<\/em>&nbsp;diz o artista.&nbsp;<\/p>\n<\/blockquote>\n\n\n\n<p>Sobre a escolha de cantar em portugu\u00eas, ele explica:&nbsp;<em>\u201cEu n\u00e3o queria ser apenas o gringo que n\u00e3o fala a l\u00edngua. Mergulhei na cultura brasileira, aprendi a falar e me encantei com a musicalidade do idioma e com o conceito de alegria do Brasil. Escrevi essa can\u00e7\u00e3o para que os brasileiros pudessem amar, cantar e guardar para sempre, de gera\u00e7\u00e3o em gera\u00e7\u00e3o.\u201d<\/em><\/p>\n\n\n\n<p>A produ\u00e7\u00e3o, inteiramente composta, produzida e interpretada por Canetis foi masterizada na It\u00e1lia por Davide Prew (Studio Meda Sound) e chega pelo selo Rave Funk Brazil, de DJ Tangerina, diretamente do Rio de Janeiro.<\/p>\n\n\n\n<p>Musicalmente, \u201cJoana\u201d marca um ponto de virada na discografia do artista: um blend ousado entre sua base houseira e o funk brasileiro, estilo que ele pretende explorar cada vez mais em futuros trabalhos. Para Canetis, essa faixa n\u00e3o apenas amplia seu repert\u00f3rio, mas abre caminho para colabora\u00e7\u00f5es e uma conex\u00e3o ainda mais profunda com a cena brasileira.<\/p>\n\n\n\n<blockquote class=\"wp-block-quote is-layout-flow wp-block-quote-is-layout-flow\">\n<p><em>\u201cOs brasileiros me ensinaram a ser mais aberto, expressivo e destemido. Espero\u00a0que essa m\u00fasica conquiste um espa\u00e7o no cora\u00e7\u00e3o do p\u00fablico do Brasil\u201d,\u00a0<\/em>conclui.<\/p>\n<\/blockquote>\n\n\n\n<figure class=\"wp-block-image size-full\"><a href=\"https:\/\/gmail.us22.list-manage.com\/track\/click?u=7a86e638012668149025d8237&amp;id=84d807d19b&amp;e=ec09cd488c\"><img fetchpriority=\"high\" decoding=\"async\" width=\"640\" height=\"360\" src=\"https:\/\/droptimes.com.br\/site\/wp-content\/uploads\/2025\/10\/image-86.png\" alt=\"\" class=\"wp-image-5781\" srcset=\"https:\/\/droptimes.com.br\/site\/wp-content\/uploads\/2025\/10\/image-86.png 640w, https:\/\/droptimes.com.br\/site\/wp-content\/uploads\/2025\/10\/image-86-300x169.png 300w\" sizes=\"(max-width: 640px) 100vw, 640px\" \/><\/a><\/figure>\n\n\n\n<p><\/p>\n","protected":false},"excerpt":{"rendered":"<p>O produtor e DJ&nbsp;Canetis, artista estrangeiro que vem se destacando na cena eletr\u00f4nica internacional, anuncia sua nova faixa \u201cJoana\u201d, uma produ\u00e7\u00e3o que mistura sua identidade marcada pelo House com as batidas intensas do funk brasileiro.&nbsp; Mais do que uma m\u00fasica, a track representa uma imers\u00e3o cultural: um estrangeiro que escolheu cantar em portugu\u00eas para se [&hellip;]<\/p>\n","protected":false},"author":3,"featured_media":5780,"comment_status":"closed","ping_status":"closed","sticky":false,"template":"","format":"standard","meta":{"pagelayer_contact_templates":[],"_pagelayer_content":"","footnotes":""},"categories":[158,157],"tags":[1006,174,1008,169,1007,279],"class_list":["post-5779","post","type-post","status-publish","format-standard","has-post-thumbnail","hentry","category-lancamentos","category-news","tag-canetis","tag-dj","tag-funk-brasileiro","tag-house","tag-joana","tag-musica-eletronica-3"],"_links":{"self":[{"href":"https:\/\/droptimes.com.br\/site\/wp-json\/wp\/v2\/posts\/5779","targetHints":{"allow":["GET"]}}],"collection":[{"href":"https:\/\/droptimes.com.br\/site\/wp-json\/wp\/v2\/posts"}],"about":[{"href":"https:\/\/droptimes.com.br\/site\/wp-json\/wp\/v2\/types\/post"}],"author":[{"embeddable":true,"href":"https:\/\/droptimes.com.br\/site\/wp-json\/wp\/v2\/users\/3"}],"replies":[{"embeddable":true,"href":"https:\/\/droptimes.com.br\/site\/wp-json\/wp\/v2\/comments?post=5779"}],"version-history":[{"count":1,"href":"https:\/\/droptimes.com.br\/site\/wp-json\/wp\/v2\/posts\/5779\/revisions"}],"predecessor-version":[{"id":5782,"href":"https:\/\/droptimes.com.br\/site\/wp-json\/wp\/v2\/posts\/5779\/revisions\/5782"}],"wp:featuredmedia":[{"embeddable":true,"href":"https:\/\/droptimes.com.br\/site\/wp-json\/wp\/v2\/media\/5780"}],"wp:attachment":[{"href":"https:\/\/droptimes.com.br\/site\/wp-json\/wp\/v2\/media?parent=5779"}],"wp:term":[{"taxonomy":"category","embeddable":true,"href":"https:\/\/droptimes.com.br\/site\/wp-json\/wp\/v2\/categories?post=5779"},{"taxonomy":"post_tag","embeddable":true,"href":"https:\/\/droptimes.com.br\/site\/wp-json\/wp\/v2\/tags?post=5779"}],"curies":[{"name":"wp","href":"https:\/\/api.w.org\/{rel}","templated":true}]}}