{"id":5718,"date":"2025-10-17T23:45:49","date_gmt":"2025-10-17T20:45:49","guid":{"rendered":"https:\/\/droptimes.com.br\/site\/?p=5718"},"modified":"2025-10-17T23:45:51","modified_gmt":"2025-10-17T20:45:51","slug":"dois-viram-tres-tinlicker-anuncia-hero-baldwin-como-nova-integrante-para-2026","status":"publish","type":"post","link":"https:\/\/droptimes.com.br\/site\/dois-viram-tres-tinlicker-anuncia-hero-baldwin-como-nova-integrante-para-2026\/","title":{"rendered":"Dois viram tr\u00eas: Tinlicker anuncia Hero Baldwin como nova integrante para 2026"},"content":{"rendered":"\n<p><strong>Novo single \u201cI Want My Freedom\u201d j\u00e1 dispon\u00edvel \u2013 ou\u00e7a AQUI<\/strong><\/p>\n\n\n\n<ul class=\"wp-block-list\">\n<li>Ou\u00e7a <em>\u201cI Want My Freedom\u201d<\/em> no <a href=\"https:\/\/lydialawspr.us13.list-manage.com\/track\/click?u=076207e608d689f96370a1bac&amp;id=12847d423d&amp;e=dc93f01023\">Spotify<\/a><\/li>\n<\/ul>\n\n\n\n<hr class=\"wp-block-separator has-alpha-channel-opacity\"\/>\n\n\n\n<p>Os gigantes da m\u00fasica eletr\u00f4nica <strong>Tinlicker<\/strong> celebram uma s\u00e9rie de novidades com o lan\u00e7amento do novo single <strong>\u201cI Want My Freedom\u201d<\/strong>, dispon\u00edvel agora pelo selo Remember the Future\/[PIAS]. A maior delas: a transi\u00e7\u00e3o de <strong>duo para trio<\/strong>, com a adi\u00e7\u00e3o oficial de <strong>Hero Baldwin<\/strong> \u00e0 forma\u00e7\u00e3o da banda. A m\u00fasica tamb\u00e9m antecipa o <strong>quarto \u00e1lbum de est\u00fadio<\/strong> do grupo, previsto para o in\u00edcio de 2026, totalmente coescrito pelo trio.<\/p>\n\n\n\n<p>Depois de diversas colabora\u00e7\u00f5es e apresenta\u00e7\u00f5es com a cantora e produtora londrina \u2014 incluindo o single \u201cI Started A Fire\u201d, lan\u00e7ado em abril \u2014 Tinlicker agora a recebe como membro oficial. Em julho, os tr\u00eas fizeram seu primeiro show juntos (Melkweg, Amsterd\u00e3) e, em agosto, Hero se juntou aos \u201cirm\u00e3os holandeses\u201d no maior show da carreira da banda at\u00e9 agora: <strong>Tinlicker In The Park<\/strong>, no Crystal Palace Bowl.<\/p>\n\n\n\n<p>O som caracter\u00edstico do grupo \u2014 uma mistura emocional de synths mel\u00f3dicos, vocais com alma, letras evocativas, guitarras indie e elementos orquestrais \u2014 combina naturalmente com a voz doce e levemente rouca de Hero, al\u00e9m de seu talento como compositora. Eles v\u00eam compondo juntos desde 2020. Segundo Hero:<\/p>\n\n\n\n<blockquote class=\"wp-block-quote is-layout-flow wp-block-quote-is-layout-flow\">\n<p>\u201cO Jordi e o Micha sempre conseguem extrair algo em mim que ressoa profundamente com meu estado emocional. Acho essencial me sentir criativamente e emocionalmente segura \u2014 e eles sempre me oferecem esse espa\u00e7o.\u201d<\/p>\n<\/blockquote>\n\n\n\n<hr class=\"wp-block-separator has-alpha-channel-opacity\"\/>\n\n\n\n<p><strong>Sobre \u201cI Want My Freedom\u201d<\/strong>:<br>A faixa come\u00e7a com acordes suaves de piano, ganha ritmo com percuss\u00e3o marcada e elementos de breakbeat, e traz um toque swingado por tr\u00e1s dos synths mel\u00f3dicos. Tudo isso acompanhado da voz forte e emocional de Hero, com um refr\u00e3o impactante. Uma faixa que \u00e9, ao mesmo tempo, dan\u00e7ante e introspectiva \u2014 emocional, mas com produ\u00e7\u00e3o precisa, como \u00e9 t\u00edpico do Tinlicker.<\/p>\n\n\n\n<p>Hero comenta:<\/p>\n\n\n\n<blockquote class=\"wp-block-quote is-layout-flow wp-block-quote-is-layout-flow\">\n<p>\u201cEssas letras ficaram girando na minha mente por muito tempo. Comecei a escrever a partir de um sentimento de desconex\u00e3o \u2014 como mulher na casa dos 20 anos, consciente de que o mundo parece estar andando para tr\u00e1s. Mas a m\u00fasica cresceu. \u2018I Want My Freedom\u2019 n\u00e3o \u00e9 s\u00f3 sobre mim, \u00e9 sobre todos n\u00f3s. O abuso das liberdades vai muito al\u00e9m do g\u00eanero. Quis criar uma m\u00fasica inclusiva, com um toque pessoal de algo que sinto ter perdido. Liberdade n\u00e3o \u00e9 algo que nos \u00e9 dado \u2014 \u00e9 algo pelo qual lutamos. E j\u00e1 n\u00e3o tenho mais aquela suavidade que me fazia pedir desculpas por isso.\u201d<\/p>\n<\/blockquote>\n\n\n\n<p>O pr\u00f3ximo \u00e1lbum do Tinlicker (mais detalhes em breve) dar\u00e1 sequ\u00eancia ao elogiado terceiro disco <strong>\u201cCold Enough For Snow\u201d<\/strong>, lan\u00e7ado tamb\u00e9m pela [PIAS], que impulsionou uma turn\u00ea por Europa e Am\u00e9rica do Norte. Agora em trio, depois do sucesso do Tinlicker In The Park e de um ver\u00e3o cheio de shows, o grupo j\u00e1 se prepara para <strong>uma nova turn\u00ea pela Europa e Reino Unido a partir de mar\u00e7o de 2026<\/strong> (datas a confirmar).<\/p>\n\n\n\n<p>Muita coisa est\u00e1 acontecendo com o Tinlicker \u2014 e todos podemos embarcar nessa jornada.<\/p>\n\n\n\n<p><strong>\u201c<a href=\"https:\/\/lydialawspr.us13.list-manage.com\/track\/click?u=076207e608d689f96370a1bac&amp;id=901044d51d&amp;e=dc93f01023\">I Want My Freedom<\/a>\u201d j\u00e1 est\u00e1 dispon\u00edvel em todas as plataformas pelo selo Remember the Future\/PIAS.<\/strong><br>Shows: <a href=\"https:\/\/www.tinlicker.com\/shows\">https:\/\/www.tinlicker.com\/shows<\/a><\/p>\n\n\n\n<p><\/p>\n","protected":false},"excerpt":{"rendered":"<p>Novo single \u201cI Want My Freedom\u201d j\u00e1 dispon\u00edvel \u2013 ou\u00e7a AQUI Os gigantes da m\u00fasica eletr\u00f4nica Tinlicker celebram uma s\u00e9rie de novidades com o lan\u00e7amento do novo single \u201cI Want My Freedom\u201d, dispon\u00edvel agora pelo selo Remember the Future\/[PIAS]. A maior delas: a transi\u00e7\u00e3o de duo para trio, com a adi\u00e7\u00e3o oficial de Hero Baldwin [&hellip;]<\/p>\n","protected":false},"author":3,"featured_media":5719,"comment_status":"closed","ping_status":"closed","sticky":false,"template":"","format":"standard","meta":{"pagelayer_contact_templates":[],"_pagelayer_content":"","footnotes":""},"categories":[158,157],"tags":[171,174,170,626,168,169,637,279,167,984],"class_list":["post-5718","post","type-post","status-publish","format-standard","has-post-thumbnail","hentry","category-lancamentos","category-news","tag-afro-house","tag-dj","tag-edm","tag-groove","tag-hard-techno","tag-house","tag-melodic","tag-musica-eletronica-3","tag-techno","tag-tinlickner"],"_links":{"self":[{"href":"https:\/\/droptimes.com.br\/site\/wp-json\/wp\/v2\/posts\/5718","targetHints":{"allow":["GET"]}}],"collection":[{"href":"https:\/\/droptimes.com.br\/site\/wp-json\/wp\/v2\/posts"}],"about":[{"href":"https:\/\/droptimes.com.br\/site\/wp-json\/wp\/v2\/types\/post"}],"author":[{"embeddable":true,"href":"https:\/\/droptimes.com.br\/site\/wp-json\/wp\/v2\/users\/3"}],"replies":[{"embeddable":true,"href":"https:\/\/droptimes.com.br\/site\/wp-json\/wp\/v2\/comments?post=5718"}],"version-history":[{"count":1,"href":"https:\/\/droptimes.com.br\/site\/wp-json\/wp\/v2\/posts\/5718\/revisions"}],"predecessor-version":[{"id":5720,"href":"https:\/\/droptimes.com.br\/site\/wp-json\/wp\/v2\/posts\/5718\/revisions\/5720"}],"wp:featuredmedia":[{"embeddable":true,"href":"https:\/\/droptimes.com.br\/site\/wp-json\/wp\/v2\/media\/5719"}],"wp:attachment":[{"href":"https:\/\/droptimes.com.br\/site\/wp-json\/wp\/v2\/media?parent=5718"}],"wp:term":[{"taxonomy":"category","embeddable":true,"href":"https:\/\/droptimes.com.br\/site\/wp-json\/wp\/v2\/categories?post=5718"},{"taxonomy":"post_tag","embeddable":true,"href":"https:\/\/droptimes.com.br\/site\/wp-json\/wp\/v2\/tags?post=5718"}],"curies":[{"name":"wp","href":"https:\/\/api.w.org\/{rel}","templated":true}]}}