{"id":5681,"date":"2025-10-15T02:42:46","date_gmt":"2025-10-14T23:42:46","guid":{"rendered":"https:\/\/droptimes.com.br\/site\/?p=5681"},"modified":"2025-10-15T02:42:47","modified_gmt":"2025-10-14T23:42:47","slug":"core-da-inicio-a-sua-turne-mundial-2026-em-medellin-com-um-line-up-eletronico-poderoso-e-diverso","status":"publish","type":"post","link":"https:\/\/droptimes.com.br\/site\/core-da-inicio-a-sua-turne-mundial-2026-em-medellin-com-um-line-up-eletronico-poderoso-e-diverso\/","title":{"rendered":"CORE d\u00e1 in\u00edcio \u00e0 sua turn\u00ea mundial 2026 em Medell\u00edn com um line-up eletr\u00f4nico poderoso e diverso"},"content":{"rendered":"\n<p><strong>CORE Medell\u00edn anuncia o line-up de 2026 com Dom Dolla, 999999999, Indira Paganotto e Joris Voorn B2B Yotto<\/strong><\/p>\n\n\n\n<p>A jornada come\u00e7a na Col\u00f4mbia. O CORE est\u00e1 de volta a Medell\u00edn para sua terceira edi\u00e7\u00e3o nos dias <strong>20 e 21 de fevereiro de 2026<\/strong> \u2014 o primeiro destino de uma nova turn\u00ea global que depois passar\u00e1 por <strong>Los Angeles<\/strong> e <strong>Melbourne<\/strong>. Informa\u00e7\u00f5es e ingressos dispon\u00edveis em <a>core.world<\/a>.<\/p>\n\n\n\n<p>Reconhecido por sua combina\u00e7\u00e3o hipn\u00f3tica de <strong>m\u00fasica, natureza e arte<\/strong>, o CORE se tornou uma das experi\u00eancias mais cativantes da cultura eletr\u00f4nica. Este ano, os palcos ao ar livre em Medell\u00edn novamente ganham vida com uma sele\u00e7\u00e3o refinada de <strong>pioneiros globais<\/strong> e <strong>novos talentos da Am\u00e9rica Latina e do mundo<\/strong>.<\/p>\n\n\n\n<figure class=\"wp-block-image size-large\"><a href=\"https:\/\/press.core.world\/core-kicks-off-its-2026-world-tour-in-medellin-with-a-powerful-diverse-electronic-line-up?utm_source=prezly.com&amp;utm_medium=campaign&amp;utm_campaign=CORE+kicks+off+its+2026+world+tour+in+Medell%C3%ADn+with+a+powerful%2C+diverse+electronic+line-up&amp;utm_id=cda1d2e5-2eaa-49cc-a89b-ce6cd6a50902&amp;utm_content=story+video#video-c8054615-4538-43dd-9355-5284649add71\"><img fetchpriority=\"high\" decoding=\"async\" width=\"1024\" height=\"768\" src=\"https:\/\/droptimes.com.br\/site\/wp-content\/uploads\/2025\/10\/image-56-1024x768.png\" alt=\"\" class=\"wp-image-5685\" srcset=\"https:\/\/droptimes.com.br\/site\/wp-content\/uploads\/2025\/10\/image-56-1024x768.png 1024w, https:\/\/droptimes.com.br\/site\/wp-content\/uploads\/2025\/10\/image-56-300x225.png 300w, https:\/\/droptimes.com.br\/site\/wp-content\/uploads\/2025\/10\/image-56-768x576.png 768w, https:\/\/droptimes.com.br\/site\/wp-content\/uploads\/2025\/10\/image-56.png 1280w\" sizes=\"(max-width: 1024px) 100vw, 1024px\" \/><\/a><\/figure>\n\n\n\n<h3 class=\"wp-block-heading\">Sexta-feira, 20 de fevereiro<\/h3>\n\n\n\n<p>A noite ser\u00e1 marcada por uma energia intensa e uma profundidade mel\u00f3dica:<\/p>\n\n\n\n<ul class=\"wp-block-list\">\n<li><strong>Dom Dolla<\/strong> traz seu groove contagiante,<\/li>\n\n\n\n<li><strong>ARTBAT<\/strong> e <strong>VTSS<\/strong> entregam sets de intensidade cir\u00fargica,<\/li>\n\n\n\n<li><strong>Patrick Mason<\/strong> e <strong>Interplanetary Criminal<\/strong> exploram as fronteiras entre house e techno.<\/li>\n<\/ul>\n\n\n\n<p>Representando a cena local com o calor e a vibra\u00e7\u00e3o \u00fanicos de Medell\u00edn:<\/p>\n\n\n\n<ul class=\"wp-block-list\">\n<li><strong>Alycia Bezgo<\/strong>, <strong>Benwal<\/strong>, <strong>Curol<\/strong> e <strong>Niebla<\/strong>.<\/li>\n<\/ul>\n\n\n\n<h3 class=\"wp-block-heading\">S\u00e1bado, 21 de fevereiro<\/h3>\n\n\n\n<p>O ritmo acelera com:<\/p>\n\n\n\n<ul class=\"wp-block-list\">\n<li>A pot\u00eancia explosiva de <strong>999999999<\/strong>,<\/li>\n\n\n\n<li>A energia hipn\u00f3tica de <strong>Indira Paganotto<\/strong>,<\/li>\n\n\n\n<li>Um raro B2B entre <strong>Joris Voorn<\/strong> e <strong>Yotto<\/strong>, prometendo uma viagem emocional de melodia e ritmo.<\/li>\n<\/ul>\n\n\n\n<p>Completam o line-up:<\/p>\n\n\n\n<ul class=\"wp-block-list\">\n<li><strong>Mind Against<\/strong>, com suas paisagens sonoras cinematogr\u00e1ficas,<\/li>\n\n\n\n<li><strong>Kobosil<\/strong>, <strong>Dino Lenny<\/strong>, <strong>Emilija<\/strong> e <strong>Novah<\/strong>,<\/li>\n\n\n\n<li>Talentos regionais como <strong>Cami Vasquez<\/strong>, <strong>Prada2000<\/strong>, <strong>Julya Karma<\/strong> e <strong>Susobrino<\/strong>, conhecido por misturar percuss\u00f5es tribais com narrativas eletr\u00f4nicas profundas.<\/li>\n<\/ul>\n\n\n\n<blockquote class=\"wp-block-quote is-layout-flow wp-block-quote-is-layout-flow\">\n<p>\u201cMedell\u00edn tem uma energia especial. \u00c9 selvagem, espiritual, viva. Tocar aqui \u00e9 como reconectar o ritmo \u00e0 terra\u201d, diz <strong>Susobrino<\/strong>, cujas performances ao vivo unem texturas org\u00e2nicas e batidas eletr\u00f4nicas profundas.<\/p>\n<\/blockquote>\n\n\n\n<figure class=\"wp-block-image size-large\"><img decoding=\"async\" width=\"683\" height=\"1024\" src=\"https:\/\/droptimes.com.br\/site\/wp-content\/uploads\/2025\/10\/image-54-683x1024.png\" alt=\"\" class=\"wp-image-5683\" srcset=\"https:\/\/droptimes.com.br\/site\/wp-content\/uploads\/2025\/10\/image-54-683x1024.png 683w, https:\/\/droptimes.com.br\/site\/wp-content\/uploads\/2025\/10\/image-54-200x300.png 200w, https:\/\/droptimes.com.br\/site\/wp-content\/uploads\/2025\/10\/image-54-768x1151.png 768w, https:\/\/droptimes.com.br\/site\/wp-content\/uploads\/2025\/10\/image-54-1025x1536.png 1025w, https:\/\/droptimes.com.br\/site\/wp-content\/uploads\/2025\/10\/image-54.png 1120w\" sizes=\"(max-width: 683px) 100vw, 683px\" \/><\/figure>\n\n\n\n<h3 class=\"wp-block-heading\">Tr\u00eas Palcos \u00b7 Uma Experi\u00eancia Imersiva<\/h3>\n\n\n\n<p>CORE Medell\u00edn acontece em <strong>tr\u00eas palcos<\/strong>, refor\u00e7ando sua proposta de <strong>quebrar as barreiras entre performance e experi\u00eancia<\/strong>.<\/p>\n\n\n\n<p>Ap\u00f3s Medell\u00edn, o CORE segue sua jornada em <strong>Los Angeles<\/strong> e <strong>Melbourne<\/strong>, antes de retornar \u00e0 Europa para seus cap\u00edtulos de ver\u00e3o.<\/p>\n\n\n\n<hr class=\"wp-block-separator has-alpha-channel-opacity\"\/>\n\n\n\n<h2 class=\"wp-block-heading\">LINE-UP COMPLETO<\/h2>\n\n\n\n<h3 class=\"wp-block-heading\">Sexta-feira, 20 de fevereiro<\/h3>\n\n\n\n<p><strong>ALYCIA BEZGO<\/strong> \u2022 <strong>ARTBAT<\/strong> \u2022 <strong>BENWAL<\/strong> \u2022 <strong>CUROL<\/strong> \u2022 <strong>DOM DOLLA<\/strong> \u2022 <strong>FKA.M4A<\/strong> \u2022 <strong>INTERPLANETARY CRIMINAL<\/strong> \u2022 <strong>NIEBLA<\/strong> \u2022 <strong>PATRICK MASON<\/strong> \u2022 <strong>VTSS<\/strong><\/p>\n\n\n\n<h3 class=\"wp-block-heading\">S\u00e1bado, 21 de fevereiro<\/h3>\n\n\n\n<p><strong>999999999<\/strong> \u2022 <strong>CAMI VASQUEZ<\/strong> \u2022 <strong>DINO LENNY<\/strong> \u2022 <strong>EMILIJA<\/strong> \u2022 <strong>INDIRA PAGANOTTO<\/strong> \u2022 <strong>JORIS VOORN B2B YOTTO<\/strong> \u2022 <strong>JULYA KARMA<\/strong> \u2022 <strong>KOBOSIL<\/strong> \u2022 <strong>MIND AGAINST<\/strong> \u2022 <strong>NOVAH<\/strong> \u2022 <strong>PRADA2000<\/strong> \u2022 <strong>SUSOBRINO<\/strong><\/p>\n\n\n\n<p><em>(Todos os artistas em ordem alfab\u00e9tica \u2013 mais nomes ser\u00e3o anunciados em breve)<\/em><\/p>\n\n\n<div class=\"wp-block-image\">\n<figure class=\"aligncenter size-full\"><img decoding=\"async\" width=\"560\" height=\"373\" src=\"https:\/\/droptimes.com.br\/site\/wp-content\/uploads\/2025\/10\/image-53.png\" alt=\"\" class=\"wp-image-5682\" srcset=\"https:\/\/droptimes.com.br\/site\/wp-content\/uploads\/2025\/10\/image-53.png 560w, https:\/\/droptimes.com.br\/site\/wp-content\/uploads\/2025\/10\/image-53-300x200.png 300w\" sizes=\"(max-width: 560px) 100vw, 560px\" \/><\/figure>\n<\/div>\n\n\n<hr class=\"wp-block-separator has-alpha-channel-opacity\"\/>\n\n\n\n<h2 class=\"wp-block-heading\">INGRESSOS<\/h2>\n\n\n\n<ul class=\"wp-block-list\">\n<li><strong>Pacotes com hotel<\/strong> \u2013 15 de outubro de 2025, \u00e0s 10h00 (COT) \/ 17h00 (CEST)<\/li>\n\n\n\n<li><strong>Pr\u00e9-venda<\/strong> \u2013 17 de outubro de 2025, \u00e0s 10h00 (COT) \/ 17h00 (CEST)<\/li>\n\n\n\n<li><strong>Venda geral<\/strong> \u2013 20 de outubro de 2025, \u00e0s 10h00 (COT) \/ 17h00 (CEST)<\/li>\n<\/ul>\n\n\n\n<hr class=\"wp-block-separator has-alpha-channel-opacity\"\/>\n\n\n\n<h2 class=\"wp-block-heading\">INFORMA\u00c7\u00d5ES PR\u00c1TICAS<\/h2>\n\n\n\n<p><strong>CORE Medell\u00edn<\/strong><br><strong>Local:<\/strong> Parque Norte, Medell\u00edn<br><strong>Hor\u00e1rio de funcionamento:<\/strong> 17h30 \u2013 05h00<br><strong>Idade m\u00ednima:<\/strong> 18+<br><strong>Mais informa\u00e7\u00f5es e ingressos:<\/strong> <a>core.world<\/a><\/p>\n","protected":false},"excerpt":{"rendered":"<p>CORE Medell\u00edn anuncia o line-up de 2026 com Dom Dolla, 999999999, Indira Paganotto e Joris Voorn B2B Yotto A jornada come\u00e7a na Col\u00f4mbia. O CORE est\u00e1 de volta a Medell\u00edn para sua terceira edi\u00e7\u00e3o nos dias 20 e 21 de fevereiro de 2026 \u2014 o primeiro destino de uma nova turn\u00ea global que depois passar\u00e1 [&hellip;]<\/p>\n","protected":false},"author":3,"featured_media":5684,"comment_status":"closed","ping_status":"closed","sticky":false,"template":"","format":"standard","meta":{"pagelayer_contact_templates":[],"_pagelayer_content":"","footnotes":""},"categories":[20,157],"tags":[171,707,174,170,626,168,169,975,637,279,167],"class_list":["post-5681","post","type-post","status-publish","format-standard","has-post-thumbnail","hentry","category-lifestyle","category-news","tag-afro-house","tag-core","tag-dj","tag-edm","tag-groove","tag-hard-techno","tag-house","tag-medellin-2","tag-melodic","tag-musica-eletronica-3","tag-techno"],"_links":{"self":[{"href":"https:\/\/droptimes.com.br\/site\/wp-json\/wp\/v2\/posts\/5681","targetHints":{"allow":["GET"]}}],"collection":[{"href":"https:\/\/droptimes.com.br\/site\/wp-json\/wp\/v2\/posts"}],"about":[{"href":"https:\/\/droptimes.com.br\/site\/wp-json\/wp\/v2\/types\/post"}],"author":[{"embeddable":true,"href":"https:\/\/droptimes.com.br\/site\/wp-json\/wp\/v2\/users\/3"}],"replies":[{"embeddable":true,"href":"https:\/\/droptimes.com.br\/site\/wp-json\/wp\/v2\/comments?post=5681"}],"version-history":[{"count":1,"href":"https:\/\/droptimes.com.br\/site\/wp-json\/wp\/v2\/posts\/5681\/revisions"}],"predecessor-version":[{"id":5686,"href":"https:\/\/droptimes.com.br\/site\/wp-json\/wp\/v2\/posts\/5681\/revisions\/5686"}],"wp:featuredmedia":[{"embeddable":true,"href":"https:\/\/droptimes.com.br\/site\/wp-json\/wp\/v2\/media\/5684"}],"wp:attachment":[{"href":"https:\/\/droptimes.com.br\/site\/wp-json\/wp\/v2\/media?parent=5681"}],"wp:term":[{"taxonomy":"category","embeddable":true,"href":"https:\/\/droptimes.com.br\/site\/wp-json\/wp\/v2\/categories?post=5681"},{"taxonomy":"post_tag","embeddable":true,"href":"https:\/\/droptimes.com.br\/site\/wp-json\/wp\/v2\/tags?post=5681"}],"curies":[{"name":"wp","href":"https:\/\/api.w.org\/{rel}","templated":true}]}}