{"id":5521,"date":"2025-10-01T21:32:15","date_gmt":"2025-10-01T18:32:15","guid":{"rendered":"https:\/\/droptimes.com.br\/site\/?p=5521"},"modified":"2025-10-01T21:32:15","modified_gmt":"2025-10-01T18:32:15","slug":"grupo-privilege-comemora-26-anos-em-juiz-de-fora","status":"publish","type":"post","link":"https:\/\/droptimes.com.br\/site\/grupo-privilege-comemora-26-anos-em-juiz-de-fora\/","title":{"rendered":"Grupo Privil\u00e8ge comemora 26 anos em Juiz de Fora"},"content":{"rendered":"\n<p><em>Com o tema Conex\u00f5es Vivas, festa acontece neste s\u00e1bado (4)<\/em><\/p>\n\n\n\n<p>O&nbsp;<a href=\"https:\/\/gmail.us22.list-manage.com\/track\/click?u=7a86e638012668149025d8237&amp;id=f1fffdfd3b&amp;e=ec09cd488c\" target=\"_blank\" rel=\"noreferrer noopener\"><strong>Privil\u00e8ge Juiz de Fora<\/strong><\/a>&nbsp;surgiu h\u00e1 26 anos. Ele foi o primeiro&nbsp;<em>club&nbsp;<\/em>inaugurado do&nbsp;<a href=\"https:\/\/gmail.us22.list-manage.com\/track\/click?u=7a86e638012668149025d8237&amp;id=0b86004197&amp;e=ec09cd488c\" target=\"_blank\" rel=\"noreferrer noopener\"><strong>Grupo Privil\u00e8ge<\/strong><\/a>, que h\u00e1 mais de duas d\u00e9cadas vem fomentando a cena da m\u00fasica eletr\u00f4nica no Brasil.<\/p>\n\n\n\n<p><em>\u201cO Brasil \u00e9 muito rico musicalmente, tem muitos ritmos e muito swing. E a m\u00fasica eletr\u00f4nica no Brasil tamb\u00e9m \u00e9 cheia desse swing e de tempero\u2026 O mundo inteiro j\u00e1 percebeu como a nossa m\u00fasica \u00e9 forte e \u00e9 boa. Para mim \u00e9 um orgulho trabalhar na cena eletr\u00f4nica h\u00e1 tanto tempo, \u00e9 um verdadeiro privil\u00e9gio. Estou h\u00e1 26 anos focado na cena eletr\u00f4nica brasileira\u201d,<\/em>&nbsp;declara Oct\u00e1vio Fagundes, um dos s\u00f3cios do&nbsp;<em>club<\/em>.<\/p>\n\n\n\n<p>Nesses longos anos de hist\u00f3ria, muitas conex\u00f5es foram criadas. Pessoas se conheceram e constru\u00edram uma amizade para a vida toda, casais se formaram e conquistaram uma fam\u00edlia, amantes de m\u00fasica transformaram paix\u00e3o em profiss\u00e3o como DJ, e tantas outras jornadas que se cruzaram e criaram mem\u00f3rias especiais, sejam s\u00f3 por uma noite ou numa conex\u00e3o que permanece ainda ativa.<\/p>\n\n\n\n<p>Desta forma, para celebrar seus 26 anos, o Grupo Privil\u00e8ge realiza a festa Conex\u00f5es Vivas no Privil\u00e8ge Juiz de Fora neste s\u00e1bado,&nbsp;<strong>4 de outubro<\/strong>, com&nbsp;<a href=\"https:\/\/gmail.us22.list-manage.com\/track\/click?u=7a86e638012668149025d8237&amp;id=b1f43d1dea&amp;e=ec09cd488c\" target=\"_blank\" rel=\"noreferrer noopener\">ingressos \u00e0 venda na plataforma Ingresse<\/a>.<\/p>\n\n\n\n<p>O line-up fica por conta de&nbsp;<strong>Renato Ratier, Simo not Simon, Marquinhus SP, JP Valente e Raissa Tafaelli<\/strong>&nbsp;na pista; enquanto<strong>&nbsp;Guif, Kureb e Paula Miranda<\/strong>&nbsp;se apresentam no Jardim.<\/p>\n\n\n\n<p>H\u00e1 tamb\u00e9m o segundo piso, que conta com a estreia da label BOLADONA, voltada para o funk dos anos 2000, ao som de&nbsp;<strong>DJ Morango e DJ Laryssa Clara<\/strong>.<\/p>\n\n\n\n<figure class=\"wp-block-image size-large\"><img fetchpriority=\"high\" decoding=\"async\" width=\"1024\" height=\"682\" src=\"https:\/\/droptimes.com.br\/site\/wp-content\/uploads\/2025\/10\/image-1-1024x682.png\" alt=\"\" class=\"wp-image-5523\" srcset=\"https:\/\/droptimes.com.br\/site\/wp-content\/uploads\/2025\/10\/image-1-1024x682.png 1024w, https:\/\/droptimes.com.br\/site\/wp-content\/uploads\/2025\/10\/image-1-300x200.png 300w, https:\/\/droptimes.com.br\/site\/wp-content\/uploads\/2025\/10\/image-1-768x512.png 768w, https:\/\/droptimes.com.br\/site\/wp-content\/uploads\/2025\/10\/image-1.png 1280w\" sizes=\"(max-width: 1024px) 100vw, 1024px\" \/><\/figure>\n\n\n\n<p>Buscando celebrar as Conex\u00f5es Vivas que se mant\u00e9m nessas duas d\u00e9cadas, o Grupo Privil\u00e8ge continua acreditando na energia e magia da m\u00fasica eletr\u00f4nica como norteadora das experi\u00eancias individuais e coletivas.<\/p>\n\n\n\n<p><em>\u201cPara conectar as pessoas e manter esse sentido importante, o segredo \u00e9 sempre tentar fazer a melhor festa do mundo a cada dia. \u00c9 se esfor\u00e7ar, \u00e9 lutar, \u00e9 viver o presente, \u00e9 sonhar, \u00e9 se jogar e jogar toda a tua energia. Boa parte do nosso trabalho e do nosso objetivo \u00e9 criar mem\u00f3rias eternas\u2026 \u00c9 tocar as pessoas e ter aquele momento de conviv\u00eancia que vai gerar uma mem\u00f3ria afetiva e gostosa para o resto da vida. Sempre nos preocupamos em criar um ambiente com as pessoas certas e atrav\u00e9s do ambiente da m\u00fasica, da luz e de todos aqueles detalhes que s\u00e3o t\u00e3o importantes, para a gente transformar aquela noite numa mem\u00f3ria do resto da vida\u201d,<\/em>\u00a0conclui Iuri Girardi, tamb\u00e9m s\u00f3cio do\u00a0<em>club<\/em>.<\/p>\n\n\n\n<p><strong>Servi\u00e7o<\/strong><\/p>\n\n\n\n<p><strong>Privil\u00e8ge 26 anos no Privil\u00e8ge Juiz de Fora<\/strong><\/p>\n\n\n\n<p><strong>Data:<\/strong>&nbsp;4 de outubro de 2025<\/p>\n\n\n\n<p><strong>Hor\u00e1rio:<\/strong>&nbsp;a partir das 22h<\/p>\n\n\n\n<p><strong>Local:&nbsp;<\/strong>Privil\u00e8ge Juiz de Fora&nbsp;(Estr. Eng. Gentil Forn, 1000 &#8211; S\u00e3o Pedro, Juiz de Fora &#8211; MG)<\/p>\n\n\n\n<p><strong>Line-up:<\/strong>&nbsp;Renato Ratier, Simo not Simon, Marquinhus SP, JP Valente, Raissa Tafaelli, Guif, Kureb, Paula Miranda, DJ Morango e DJ Laryssa Clara.<\/p>\n\n\n\n<p><strong>Ingressos:&nbsp;<\/strong>sujeito a disponibilidade de lote via Ingresse&nbsp;[<a href=\"https:\/\/gmail.us22.list-manage.com\/track\/click?u=7a86e638012668149025d8237&amp;id=7545d614c4&amp;e=ec09cd488c\" target=\"_blank\" rel=\"noreferrer noopener\">https:\/\/ingresse.com\/privilege-26-anos-no-privilege-juiz-de-fora\/<\/a>], no setor pista, nas modalidades inteira e meia.<\/p>\n\n\n\n<p><strong>Classifica\u00e7\u00e3o:&nbsp;<\/strong>18 anos.<\/p>\n","protected":false},"excerpt":{"rendered":"<p>Com o tema Conex\u00f5es Vivas, festa acontece neste s\u00e1bado (4) O&nbsp;Privil\u00e8ge Juiz de Fora&nbsp;surgiu h\u00e1 26 anos. Ele foi o primeiro&nbsp;club&nbsp;inaugurado do&nbsp;Grupo Privil\u00e8ge, que h\u00e1 mais de duas d\u00e9cadas vem fomentando a cena da m\u00fasica eletr\u00f4nica no Brasil. \u201cO Brasil \u00e9 muito rico musicalmente, tem muitos ritmos e muito swing. E a m\u00fasica eletr\u00f4nica no [&hellip;]<\/p>\n","protected":false},"author":3,"featured_media":5522,"comment_status":"closed","ping_status":"closed","sticky":false,"template":"","format":"standard","meta":{"pagelayer_contact_templates":[],"_pagelayer_content":"","footnotes":""},"categories":[20,157],"tags":[171,174,170,168,169,462,279,946,167],"class_list":["post-5521","post","type-post","status-publish","format-standard","has-post-thumbnail","hentry","category-lifestyle","category-news","tag-afro-house","tag-dj","tag-edm","tag-hard-techno","tag-house","tag-juiz-de-fora","tag-musica-eletronica-3","tag-privilege-2","tag-techno"],"_links":{"self":[{"href":"https:\/\/droptimes.com.br\/site\/wp-json\/wp\/v2\/posts\/5521","targetHints":{"allow":["GET"]}}],"collection":[{"href":"https:\/\/droptimes.com.br\/site\/wp-json\/wp\/v2\/posts"}],"about":[{"href":"https:\/\/droptimes.com.br\/site\/wp-json\/wp\/v2\/types\/post"}],"author":[{"embeddable":true,"href":"https:\/\/droptimes.com.br\/site\/wp-json\/wp\/v2\/users\/3"}],"replies":[{"embeddable":true,"href":"https:\/\/droptimes.com.br\/site\/wp-json\/wp\/v2\/comments?post=5521"}],"version-history":[{"count":1,"href":"https:\/\/droptimes.com.br\/site\/wp-json\/wp\/v2\/posts\/5521\/revisions"}],"predecessor-version":[{"id":5524,"href":"https:\/\/droptimes.com.br\/site\/wp-json\/wp\/v2\/posts\/5521\/revisions\/5524"}],"wp:featuredmedia":[{"embeddable":true,"href":"https:\/\/droptimes.com.br\/site\/wp-json\/wp\/v2\/media\/5522"}],"wp:attachment":[{"href":"https:\/\/droptimes.com.br\/site\/wp-json\/wp\/v2\/media?parent=5521"}],"wp:term":[{"taxonomy":"category","embeddable":true,"href":"https:\/\/droptimes.com.br\/site\/wp-json\/wp\/v2\/categories?post=5521"},{"taxonomy":"post_tag","embeddable":true,"href":"https:\/\/droptimes.com.br\/site\/wp-json\/wp\/v2\/tags?post=5521"}],"curies":[{"name":"wp","href":"https:\/\/api.w.org\/{rel}","templated":true}]}}