{"id":5396,"date":"2025-09-24T16:30:36","date_gmt":"2025-09-24T13:30:36","guid":{"rendered":"https:\/\/droptimes.com.br\/site\/?p=5396"},"modified":"2025-09-24T16:30:36","modified_gmt":"2025-09-24T13:30:36","slug":"ade-e-amsterdam-750-unem-forcas-para-celebrar-os-750-anos-de-amsterda-com-musica-cultura-e-comunidade-2","status":"publish","type":"post","link":"https:\/\/droptimes.com.br\/site\/ade-e-amsterdam-750-unem-forcas-para-celebrar-os-750-anos-de-amsterda-com-musica-cultura-e-comunidade-2\/","title":{"rendered":"ADE e Amsterdam\u202f750 unem for\u00e7as para celebrar os 750 anos de Amsterd\u00e3 com m\u00fasica, cultura e comunidade"},"content":{"rendered":"\n<p>22 a 26 de outubro de 2025 \u2013 <a>www.amsterdam-dance-event.nl<\/a><\/p>\n\n\n\n<p>A Funda\u00e7\u00e3o Amsterdam Dance Event tem o prazer de anunciar a colabora\u00e7\u00e3o multidisciplinar do ADE com o Amsterdam\u202f750, marcando o 750\u00ba anivers\u00e1rio da cidade em uma celebra\u00e7\u00e3o conjunta da rica hist\u00f3ria e cultura musical de Amsterd\u00e3. O ADE 2025 far\u00e1 uma transi\u00e7\u00e3o direta para o ponto alto das celebra\u00e7\u00f5es do Amsterdam 750, criando uma ponte festiva entre dois marcos hist\u00f3ricos.<\/p>\n\n\n\n<figure class=\"wp-block-gallery has-nested-images columns-default is-cropped wp-block-gallery-1 is-layout-flex wp-block-gallery-is-layout-flex\">\n<figure class=\"wp-block-image size-large\"><img fetchpriority=\"high\" decoding=\"async\" width=\"682\" height=\"1024\" data-id=\"5399\" src=\"https:\/\/droptimes.com.br\/site\/wp-content\/uploads\/2025\/09\/24.10.16_doors_open_concert_angelina_nikolayeva-37-682x1024.jpg\" alt=\"\" class=\"wp-image-5399\" srcset=\"https:\/\/droptimes.com.br\/site\/wp-content\/uploads\/2025\/09\/24.10.16_doors_open_concert_angelina_nikolayeva-37-682x1024.jpg 682w, https:\/\/droptimes.com.br\/site\/wp-content\/uploads\/2025\/09\/24.10.16_doors_open_concert_angelina_nikolayeva-37-200x300.jpg 200w, https:\/\/droptimes.com.br\/site\/wp-content\/uploads\/2025\/09\/24.10.16_doors_open_concert_angelina_nikolayeva-37-768x1154.jpg 768w, https:\/\/droptimes.com.br\/site\/wp-content\/uploads\/2025\/09\/24.10.16_doors_open_concert_angelina_nikolayeva-37-1022x1536.jpg 1022w, https:\/\/droptimes.com.br\/site\/wp-content\/uploads\/2025\/09\/24.10.16_doors_open_concert_angelina_nikolayeva-37.jpg 1363w\" sizes=\"(max-width: 682px) 100vw, 682px\" \/><\/figure>\n\n\n\n<figure class=\"wp-block-image size-large\"><img decoding=\"async\" width=\"683\" height=\"1024\" data-id=\"5400\" src=\"https:\/\/droptimes.com.br\/site\/wp-content\/uploads\/2025\/09\/24.10.16_portraitsdetails_angelina_nikolayeva-49-1-683x1024.jpg\" alt=\"\" class=\"wp-image-5400\" srcset=\"https:\/\/droptimes.com.br\/site\/wp-content\/uploads\/2025\/09\/24.10.16_portraitsdetails_angelina_nikolayeva-49-1-683x1024.jpg 683w, https:\/\/droptimes.com.br\/site\/wp-content\/uploads\/2025\/09\/24.10.16_portraitsdetails_angelina_nikolayeva-49-1-200x300.jpg 200w, https:\/\/droptimes.com.br\/site\/wp-content\/uploads\/2025\/09\/24.10.16_portraitsdetails_angelina_nikolayeva-49-1-768x1152.jpg 768w, https:\/\/droptimes.com.br\/site\/wp-content\/uploads\/2025\/09\/24.10.16_portraitsdetails_angelina_nikolayeva-49-1-1024x1536.jpg 1024w, https:\/\/droptimes.com.br\/site\/wp-content\/uploads\/2025\/09\/24.10.16_portraitsdetails_angelina_nikolayeva-49-1.jpg 1365w\" sizes=\"(max-width: 683px) 100vw, 683px\" \/><\/figure>\n<\/figure>\n\n\n\n<h3 class=\"wp-block-heading\">Uma celebra\u00e7\u00e3o conjunta da cidade e da cultura<\/h3>\n\n\n\n<p>Em 27 de outubro de 2025, Amsterd\u00e3 celebrar\u00e1 oficialmente seu 750\u00ba anivers\u00e1rio. A cidade organizou um ano inteiro de festividades para marcar esta data, culminando no anivers\u00e1rio oficial, que acontece apenas um dia ap\u00f3s o fim do ADE. Em homenagem ao esp\u00edrito coletivo das comunidades e culturas da cidade, o ADE e a Prefeitura de Amsterd\u00e3 desenvolveram um programa integrado que encerra esse ano de celebra\u00e7\u00f5es:<\/p>\n\n\n\n<hr class=\"wp-block-separator has-alpha-channel-opacity\"\/>\n\n\n\n<h3 class=\"wp-block-heading\"><strong>ADE Arts &amp; Culture x 750<\/strong><\/h3>\n\n\n\n<p>Sob o pilar ADE Arts &amp; Culture, a plataforma de interse\u00e7\u00e3o que mistura m\u00fasica com artes visuais, performances e experi\u00eancias imersivas, o ADE lan\u00e7a uma semana de eventos especiais ADE Arts &amp; Culture x 750. Cada dia do ADE contar\u00e1 com uma apresenta\u00e7\u00e3o exclusiva em locais culturais ic\u00f4nicos da cidade. Cuidadosamente selecionadas para refletir a diversidade das culturas e subculturas de Amsterd\u00e3, essas apresenta\u00e7\u00f5es representam o senso de uni\u00e3o e comunidade que torna o ADE t\u00e3o especial.<\/p>\n\n\n\n<p>Os primeiros eventos confirmados incluem duas apresenta\u00e7\u00f5es imersivas de abertura no Planet\u00e1rio ARTIS: uma da lenda do synth Suzanne Ciani e outra com Julius Horsthuis x Rival Consoles. Na quinta-feira, o Concertgebouw recebe \u201cSuriname Rising \u2013 50 Anos de Liberdade na M\u00fasica\u201d, uma celebra\u00e7\u00e3o da cultura surinamesa combinada com influ\u00eancias eletr\u00f4nicas. Na sexta-feira, come\u00e7a o <strong>ZER\u00d8BPM<\/strong>, uma maratona de medita\u00e7\u00e3o ambient de 39,5 horas com 26 artistas se apresentando na Thomaskerk. No s\u00e1bado, o Wereldmuseum Amsterdam sedia uma noite reflexiva sobre a cultura club chinesa.<\/p>\n\n\n\n<p>Para encerrar com chave de ouro, na segunda-feira, 27 de outubro, dia do anivers\u00e1rio oficial da cidade, acontece o evento especial <strong>ADE x Amsterdam 750: sess\u00f5es de ambient ao vivo com Young Marco, Legowelt e Mary Lake<\/strong>, no Concertgebouw. Uma noite especial em que os tr\u00eas artistas se afastam das pistas de dan\u00e7a e reinventam suas performances em um ambiente \u00edntimo \u2014 uma homenagem perfeita \u00e0 cidade que os moldou musicalmente.<\/p>\n\n\n\n<h3 class=\"wp-block-heading\"><\/h3>\n\n\n\n<figure class=\"wp-block-image size-large\"><img decoding=\"async\" width=\"1024\" height=\"683\" src=\"https:\/\/droptimes.com.br\/site\/wp-content\/uploads\/2025\/09\/241016_Felix_Circuit-LabelWorkx_Enrique-9-1024x683.jpg\" alt=\"\" class=\"wp-image-5401\" srcset=\"https:\/\/droptimes.com.br\/site\/wp-content\/uploads\/2025\/09\/241016_Felix_Circuit-LabelWorkx_Enrique-9-1024x683.jpg 1024w, https:\/\/droptimes.com.br\/site\/wp-content\/uploads\/2025\/09\/241016_Felix_Circuit-LabelWorkx_Enrique-9-300x200.jpg 300w, https:\/\/droptimes.com.br\/site\/wp-content\/uploads\/2025\/09\/241016_Felix_Circuit-LabelWorkx_Enrique-9-768x512.jpg 768w, https:\/\/droptimes.com.br\/site\/wp-content\/uploads\/2025\/09\/241016_Felix_Circuit-LabelWorkx_Enrique-9-1536x1024.jpg 1536w, https:\/\/droptimes.com.br\/site\/wp-content\/uploads\/2025\/09\/241016_Felix_Circuit-LabelWorkx_Enrique-9.jpg 2048w\" sizes=\"(max-width: 1024px) 100vw, 1024px\" \/><figcaption class=\"wp-element-caption\">\ud83d\udcf8 Enrique Meesters<\/figcaption><\/figure>\n\n\n\n<h3 class=\"wp-block-heading\"><strong>ADE Friends x 750<\/strong><\/h3>\n\n\n\n<p>O programa ADE Friends \u00e9 conhecido por suas atividades comunit\u00e1rias durante o dia, abrangendo projetos sociais, moda, esportes e estilo de vida. Para a edi\u00e7\u00e3o de 2025, o ADE colabora com o Amsterdam 750. O resultado, <strong>ADE Friends x 750<\/strong>, oferece a moradores e visitantes um programa com quase 130 locais participantes e centenas de eventos, incluindo sets de DJs em lojas, transmiss\u00f5es de r\u00e1dio ao vivo, eventos esportivos com m\u00fasica, maratonas de vinil e muito mais. A maior parte do programa \u00e9 de acesso gratuito, servindo como um convite aberto a todos os habitantes de Amsterd\u00e3 para se juntarem \u00e0s celebra\u00e7\u00f5es e vivenciarem alguns dos eventos comunit\u00e1rios mais inspiradores do ADE.<\/p>\n\n\n\n<blockquote class=\"wp-block-quote is-layout-flow wp-block-quote-is-layout-flow\">\n<p>\u201cEstamos muito felizes que o ADE e sua vibrante rede de parceiros estejam conosco nesta reta final de um ano de comemora\u00e7\u00f5es inesquec\u00edvel, culminando no anivers\u00e1rio de 750 anos da cidade\u201d, afirma <strong>Sietse Bakker<\/strong>, diretor do Amsterdam 750.<\/p>\n<\/blockquote>\n\n\n\n<figure class=\"wp-block-image size-large\"><img loading=\"lazy\" decoding=\"async\" width=\"1024\" height=\"683\" src=\"https:\/\/droptimes.com.br\/site\/wp-content\/uploads\/2025\/09\/241016_Brakke-Grond_Audiovisual-Worldbuilding-with-Rebuke_Jasper-ten-Tusscher_1-1024x683.jpg\" alt=\"\" class=\"wp-image-5402\" srcset=\"https:\/\/droptimes.com.br\/site\/wp-content\/uploads\/2025\/09\/241016_Brakke-Grond_Audiovisual-Worldbuilding-with-Rebuke_Jasper-ten-Tusscher_1-1024x683.jpg 1024w, https:\/\/droptimes.com.br\/site\/wp-content\/uploads\/2025\/09\/241016_Brakke-Grond_Audiovisual-Worldbuilding-with-Rebuke_Jasper-ten-Tusscher_1-300x200.jpg 300w, https:\/\/droptimes.com.br\/site\/wp-content\/uploads\/2025\/09\/241016_Brakke-Grond_Audiovisual-Worldbuilding-with-Rebuke_Jasper-ten-Tusscher_1-768x512.jpg 768w, https:\/\/droptimes.com.br\/site\/wp-content\/uploads\/2025\/09\/241016_Brakke-Grond_Audiovisual-Worldbuilding-with-Rebuke_Jasper-ten-Tusscher_1-1536x1024.jpg 1536w, https:\/\/droptimes.com.br\/site\/wp-content\/uploads\/2025\/09\/241016_Brakke-Grond_Audiovisual-Worldbuilding-with-Rebuke_Jasper-ten-Tusscher_1.jpg 2048w\" sizes=\"(max-width: 1024px) 100vw, 1024px\" \/><figcaption class=\"wp-element-caption\">Fotograaf: Jasper ten Tusscher<\/figcaption><\/figure>\n\n\n\n<h3 class=\"wp-block-heading\"><strong>Amsterdam 750<\/strong><\/h3>\n\n\n\n<p>No dia 27 de outubro de 2025, Amsterd\u00e3 completa oficialmente 750 anos. O ano jubilar <strong>Amsterdam 750<\/strong> teve in\u00edcio em 27 de outubro de 2024 com um grande Concerto de Abertura. Desde ent\u00e3o, mais de 400 atividades, grandes e pequenas, aconteceram em toda a cidade, com foco no passado, presente e futuro de Amsterd\u00e3. Durante as \u00faltimas 75 horas da comemora\u00e7\u00e3o, haver\u00e1 uma vasta programa\u00e7\u00e3o: desde os eventos especiais do ADE at\u00e9 o Grande Quiz de Amsterd\u00e3, um bolo de 75 metros, festivais de conta\u00e7\u00e3o de hist\u00f3rias e refei\u00e7\u00f5es comunit\u00e1rias. As festividades culminam com a <strong>Celebra\u00e7\u00e3o Nacional dos 750 Anos de Amsterd\u00e3<\/strong>, na qual artistas holandeses far\u00e3o uma homenagem musical \u00e0 capital no dia do seu anivers\u00e1rio. Este evento ser\u00e1 transmitido ao vivo no dia 27 de outubro, \u00e0s 20h30, no canal <strong>NPO 1<\/strong>. Mais informa\u00e7\u00f5es: <a>www.amsterdam750.nl<\/a><\/p>\n\n\n\n<p><\/p>\n","protected":false},"excerpt":{"rendered":"<p>22 a 26 de outubro de 2025 \u2013 www.amsterdam-dance-event.nl A Funda\u00e7\u00e3o Amsterdam Dance Event tem o prazer de anunciar a colabora\u00e7\u00e3o multidisciplinar do ADE com o Amsterdam\u202f750, marcando o 750\u00ba anivers\u00e1rio da cidade em uma celebra\u00e7\u00e3o conjunta da rica hist\u00f3ria e cultura musical de Amsterd\u00e3. O ADE 2025 far\u00e1 uma transi\u00e7\u00e3o direta para o ponto [&hellip;]<\/p>\n","protected":false},"author":3,"featured_media":5397,"comment_status":"closed","ping_status":"closed","sticky":false,"template":"","format":"standard","meta":{"pagelayer_contact_templates":[],"_pagelayer_content":"","footnotes":""},"categories":[20,157],"tags":[337,171,339,174,170,626,168,169,637,279,167],"class_list":["post-5396","post","type-post","status-publish","format-standard","has-post-thumbnail","hentry","category-lifestyle","category-news","tag-ade","tag-afro-house","tag-amsterdam-dance-event","tag-dj","tag-edm","tag-groove","tag-hard-techno","tag-house","tag-melodic","tag-musica-eletronica-3","tag-techno"],"_links":{"self":[{"href":"https:\/\/droptimes.com.br\/site\/wp-json\/wp\/v2\/posts\/5396","targetHints":{"allow":["GET"]}}],"collection":[{"href":"https:\/\/droptimes.com.br\/site\/wp-json\/wp\/v2\/posts"}],"about":[{"href":"https:\/\/droptimes.com.br\/site\/wp-json\/wp\/v2\/types\/post"}],"author":[{"embeddable":true,"href":"https:\/\/droptimes.com.br\/site\/wp-json\/wp\/v2\/users\/3"}],"replies":[{"embeddable":true,"href":"https:\/\/droptimes.com.br\/site\/wp-json\/wp\/v2\/comments?post=5396"}],"version-history":[{"count":1,"href":"https:\/\/droptimes.com.br\/site\/wp-json\/wp\/v2\/posts\/5396\/revisions"}],"predecessor-version":[{"id":5403,"href":"https:\/\/droptimes.com.br\/site\/wp-json\/wp\/v2\/posts\/5396\/revisions\/5403"}],"wp:featuredmedia":[{"embeddable":true,"href":"https:\/\/droptimes.com.br\/site\/wp-json\/wp\/v2\/media\/5397"}],"wp:attachment":[{"href":"https:\/\/droptimes.com.br\/site\/wp-json\/wp\/v2\/media?parent=5396"}],"wp:term":[{"taxonomy":"category","embeddable":true,"href":"https:\/\/droptimes.com.br\/site\/wp-json\/wp\/v2\/categories?post=5396"},{"taxonomy":"post_tag","embeddable":true,"href":"https:\/\/droptimes.com.br\/site\/wp-json\/wp\/v2\/tags?post=5396"}],"curies":[{"name":"wp","href":"https:\/\/api.w.org\/{rel}","templated":true}]}}