{"id":5372,"date":"2025-09-22T11:09:07","date_gmt":"2025-09-22T08:09:07","guid":{"rendered":"https:\/\/droptimes.com.br\/site\/?p=5372"},"modified":"2025-09-22T11:09:08","modified_gmt":"2025-09-22T08:09:08","slug":"ade-e-amsterdam-750-unem-forcas-para-celebrar-os-750-anos-de-amsterda-com-musica-cultura-e-comunidade","status":"publish","type":"post","link":"https:\/\/droptimes.com.br\/site\/ade-e-amsterdam-750-unem-forcas-para-celebrar-os-750-anos-de-amsterda-com-musica-cultura-e-comunidade\/","title":{"rendered":"ADE e Amsterdam 750 unem for\u00e7as para celebrar os 750 anos de Amsterd\u00e3 com m\u00fasica, cultura e comunidade"},"content":{"rendered":"\n<p>22 a 26 de outubro de 2025 &#8211; <a>www.amsterdam-dance-event.nl<\/a><\/p>\n\n\n\n<p>A Funda\u00e7\u00e3o Amsterdam Dance Event tem o prazer de anunciar a colabora\u00e7\u00e3o multidisciplinar do ADE com o Amsterdam 750, marcando o 750\u00ba anivers\u00e1rio da cidade em uma celebra\u00e7\u00e3o conjunta da rica hist\u00f3ria e cultura musical de Amsterd\u00e3. O ADE 2025 far\u00e1 uma transi\u00e7\u00e3o direta para o \u00e1pice do Amsterdam 750, criando uma ponte comemorativa entre dois marcos importantes.<\/p>\n\n\n\n<p><strong>Uma celebra\u00e7\u00e3o conjunta da cidade e da cultura<\/strong><br>No dia 27 de outubro de 2025, Amsterd\u00e3 celebrar\u00e1 seus 750 anos. A cidade marcou esse marco com um ano repleto de festividades, culminando no anivers\u00e1rio oficial, que ocorre exatamente um dia ap\u00f3s o fim do ADE. Em homenagem ao esp\u00edrito compartilhado das comunidades e culturas da cidade, o ADE e a Prefeitura de Amsterd\u00e3 criaram um programa integrado, encerrando com o ADE um ano inteiro de comemora\u00e7\u00f5es:<\/p>\n\n\n\n<figure class=\"wp-block-image size-large\"><img fetchpriority=\"high\" decoding=\"async\" width=\"1024\" height=\"683\" src=\"https:\/\/droptimes.com.br\/site\/wp-content\/uploads\/2025\/09\/241018_NXT-museum_Enrique-2-1024x683.jpg\" alt=\"\" class=\"wp-image-5378\" srcset=\"https:\/\/droptimes.com.br\/site\/wp-content\/uploads\/2025\/09\/241018_NXT-museum_Enrique-2-1024x683.jpg 1024w, https:\/\/droptimes.com.br\/site\/wp-content\/uploads\/2025\/09\/241018_NXT-museum_Enrique-2-300x200.jpg 300w, https:\/\/droptimes.com.br\/site\/wp-content\/uploads\/2025\/09\/241018_NXT-museum_Enrique-2-768x512.jpg 768w, https:\/\/droptimes.com.br\/site\/wp-content\/uploads\/2025\/09\/241018_NXT-museum_Enrique-2-1536x1024.jpg 1536w, https:\/\/droptimes.com.br\/site\/wp-content\/uploads\/2025\/09\/241018_NXT-museum_Enrique-2.jpg 2048w\" sizes=\"(max-width: 1024px) 100vw, 1024px\" \/><figcaption class=\"wp-element-caption\">\ud83d\udcf8 Enrique Meesters<\/figcaption><\/figure>\n\n\n\n<p><strong>ADE Arts &amp; Culture x 750<\/strong><br>Sob o selo ADE Arts &amp; Culture, a plataforma que mistura m\u00fasica com artes visuais, performances e experi\u00eancias imersivas, o ADE lan\u00e7a uma semana de especiais ADE Arts &amp; Culture x 750. Cada dia do ADE contar\u00e1 com uma apresenta\u00e7\u00e3o exclusiva em locais culturais ic\u00f4nicos da cidade. Cuidadosamente selecionados para celebrar a diversidade das muitas culturas e subculturas de Amsterd\u00e3, esses eventos representam a uni\u00e3o e o senso de comunidade que tornam o ADE especial.<\/p>\n\n\n\n<p>Os primeiros eventos confirmados incluem duas apresenta\u00e7\u00f5es imersivas de abertura no Planet\u00e1rio ARTIS, uma com a lenda do synth Suzanne Ciani e outra com Julius Horsthuis x Rival Consoles. Na quinta-feira, acontece \u201cSuriname Rising &#8211; 50 anos de liberdade na m\u00fasica\u201d no Concertgebouw, uma celebra\u00e7\u00e3o da cultura surinamesa com influ\u00eancias eletr\u00f4nicas. Na sexta-feira, come\u00e7a o ZER\u00d8BPM, uma maratona meditativa ambiente de 39,5 horas com 26 artistas na Thomaskerk. No s\u00e1bado, haver\u00e1 uma noite provocativa sobre a cultura club chinesa no Wereldmuseum Amsterdam.<\/p>\n\n\n\n<figure class=\"wp-block-gallery has-nested-images columns-default is-cropped wp-block-gallery-1 is-layout-flex wp-block-gallery-is-layout-flex\">\n<figure class=\"wp-block-image size-large\"><img decoding=\"async\" width=\"683\" height=\"1024\" data-id=\"5375\" src=\"https:\/\/droptimes.com.br\/site\/wp-content\/uploads\/2025\/09\/24.10.16_portraitsdetails_angelina_nikolayeva-07-683x1024.jpg\" alt=\"\" class=\"wp-image-5375\" srcset=\"https:\/\/droptimes.com.br\/site\/wp-content\/uploads\/2025\/09\/24.10.16_portraitsdetails_angelina_nikolayeva-07-683x1024.jpg 683w, https:\/\/droptimes.com.br\/site\/wp-content\/uploads\/2025\/09\/24.10.16_portraitsdetails_angelina_nikolayeva-07-200x300.jpg 200w, https:\/\/droptimes.com.br\/site\/wp-content\/uploads\/2025\/09\/24.10.16_portraitsdetails_angelina_nikolayeva-07-768x1152.jpg 768w, https:\/\/droptimes.com.br\/site\/wp-content\/uploads\/2025\/09\/24.10.16_portraitsdetails_angelina_nikolayeva-07-1024x1536.jpg 1024w, https:\/\/droptimes.com.br\/site\/wp-content\/uploads\/2025\/09\/24.10.16_portraitsdetails_angelina_nikolayeva-07.jpg 1365w\" sizes=\"(max-width: 683px) 100vw, 683px\" \/><\/figure>\n\n\n\n<figure class=\"wp-block-image size-large\"><img decoding=\"async\" width=\"682\" height=\"1024\" data-id=\"5376\" src=\"https:\/\/droptimes.com.br\/site\/wp-content\/uploads\/2025\/09\/24.10.16_portraitsdetails_angelina_nikolayeva-45-1-682x1024.jpg\" alt=\"\" class=\"wp-image-5376\" srcset=\"https:\/\/droptimes.com.br\/site\/wp-content\/uploads\/2025\/09\/24.10.16_portraitsdetails_angelina_nikolayeva-45-1-682x1024.jpg 682w, https:\/\/droptimes.com.br\/site\/wp-content\/uploads\/2025\/09\/24.10.16_portraitsdetails_angelina_nikolayeva-45-1-200x300.jpg 200w, https:\/\/droptimes.com.br\/site\/wp-content\/uploads\/2025\/09\/24.10.16_portraitsdetails_angelina_nikolayeva-45-1-768x1154.jpg 768w, https:\/\/droptimes.com.br\/site\/wp-content\/uploads\/2025\/09\/24.10.16_portraitsdetails_angelina_nikolayeva-45-1-1022x1536.jpg 1022w, https:\/\/droptimes.com.br\/site\/wp-content\/uploads\/2025\/09\/24.10.16_portraitsdetails_angelina_nikolayeva-45-1.jpg 1363w\" sizes=\"(max-width: 682px) 100vw, 682px\" \/><\/figure>\n<\/figure>\n\n\n\n<p>Para encerrar, na segunda-feira, 27 de outubro, data oficial do 750\u00ba anivers\u00e1rio de Amsterd\u00e3, acontece o ADE x Amsterdam 750 com sess\u00f5es ao vivo de m\u00fasica ambiente de Young Marco, Legowelt e Mary Lake no Concertgebouw. Uma noite especial na qual os tr\u00eas artistas se afastam da pista de dan\u00e7a e reinventam suas performances em um ambiente \u00edntimo \u2014 uma homenagem \u00e0 cidade que os formou musicalmente, no dia em que ela completa 750 anos.<\/p>\n\n\n\n<p><strong>ADE Friends x 750<\/strong><br>O programa ADE Friends \u00e9 conhecido por suas atividades diurnas voltadas \u00e0 comunidade, incluindo projetos sociais, moda, esportes e estilo de vida. Para a edi\u00e7\u00e3o de 2025, o ADE colabora com o Amsterdam 750. O resultado, ADE Friends x 750, oferece a moradores e visitantes um programa com quase 130 locais participantes e centenas de eventos, como sess\u00f5es de DJs em lojas, transmiss\u00f5es de r\u00e1dio ao vivo, eventos esportivos com m\u00fasica, maratonas de vinil e muito mais. A programa\u00e7\u00e3o \u00e9 quase inteiramente gratuita, funcionando como um convite aberto a toda Amsterd\u00e3 para se juntar \u00e0s comemora\u00e7\u00f5es e vivenciar alguns dos eventos comunit\u00e1rios mais inspiradores do ADE.<\/p>\n\n\n\n<p>\u201cEstamos muito felizes que o ADE e sua vibrante rede de Friends celebrem conosco este fim de um ano de anivers\u00e1rio inesquec\u00edvel e o verdadeiro anivers\u00e1rio da cidade\u201d, diz Sietse Bakker, diretor do Amsterdam 750.<\/p>\n\n\n\n<figure class=\"wp-block-image size-large\"><img loading=\"lazy\" decoding=\"async\" width=\"1024\" height=\"1024\" src=\"https:\/\/droptimes.com.br\/site\/wp-content\/uploads\/2025\/09\/241018_NXT-museum_Enrique-7-1024x1024.jpg\" alt=\"\" class=\"wp-image-5377\" srcset=\"https:\/\/droptimes.com.br\/site\/wp-content\/uploads\/2025\/09\/241018_NXT-museum_Enrique-7-1024x1024.jpg 1024w, https:\/\/droptimes.com.br\/site\/wp-content\/uploads\/2025\/09\/241018_NXT-museum_Enrique-7-300x300.jpg 300w, https:\/\/droptimes.com.br\/site\/wp-content\/uploads\/2025\/09\/241018_NXT-museum_Enrique-7-150x150.jpg 150w, https:\/\/droptimes.com.br\/site\/wp-content\/uploads\/2025\/09\/241018_NXT-museum_Enrique-7-768x768.jpg 768w, https:\/\/droptimes.com.br\/site\/wp-content\/uploads\/2025\/09\/241018_NXT-museum_Enrique-7-1536x1536.jpg 1536w, https:\/\/droptimes.com.br\/site\/wp-content\/uploads\/2025\/09\/241018_NXT-museum_Enrique-7-96x96.jpg 96w, https:\/\/droptimes.com.br\/site\/wp-content\/uploads\/2025\/09\/241018_NXT-museum_Enrique-7.jpg 2048w\" sizes=\"(max-width: 1024px) 100vw, 1024px\" \/><figcaption class=\"wp-element-caption\">\ud83d\udcf8 Enrique Meesters<\/figcaption><\/figure>\n\n\n\n<p><strong>Amsterdam 750<\/strong><br>No dia 27 de outubro de 2025, Amsterd\u00e3 completa 750 anos. O ano comemorativo Amsterdam 750 come\u00e7ou em 27 de outubro de 2024 com um grande Concerto de Abertura. Desde ent\u00e3o, mais de 400 atividades de diferentes tamanhos ocorreram, todas centradas no passado, presente e futuro da cidade. Durante as 75 horas finais do 750\u00ba anivers\u00e1rio, haver\u00e1 muitas atra\u00e7\u00f5es: desde especiais do ADE at\u00e9 o Grande Quiz de Amsterd\u00e3, um bolo de 75 metros, festivais de conta\u00e7\u00e3o de hist\u00f3rias e refei\u00e7\u00f5es comunit\u00e1rias. As celebra\u00e7\u00f5es terminar\u00e3o com a Celebra\u00e7\u00e3o Nacional dos 750 Anos de Amsterd\u00e3, na qual artistas holandeses prestar\u00e3o uma homenagem musical \u00e0 capital no dia do seu anivers\u00e1rio. O evento ser\u00e1 transmitido ao vivo em 27 de outubro \u00e0s 20h30 na NPO 1. Mais informa\u00e7\u00f5es: <a>www.amsterdam750.nl<\/a><\/p>\n\n\n\n<figure class=\"wp-block-image size-large\"><img loading=\"lazy\" decoding=\"async\" width=\"1024\" height=\"683\" src=\"https:\/\/droptimes.com.br\/site\/wp-content\/uploads\/2025\/09\/ATEITW24_byNoahSchielen-8-1024x683.jpg\" alt=\"\" class=\"wp-image-5379\" srcset=\"https:\/\/droptimes.com.br\/site\/wp-content\/uploads\/2025\/09\/ATEITW24_byNoahSchielen-8-1024x683.jpg 1024w, https:\/\/droptimes.com.br\/site\/wp-content\/uploads\/2025\/09\/ATEITW24_byNoahSchielen-8-300x200.jpg 300w, https:\/\/droptimes.com.br\/site\/wp-content\/uploads\/2025\/09\/ATEITW24_byNoahSchielen-8-768x512.jpg 768w, https:\/\/droptimes.com.br\/site\/wp-content\/uploads\/2025\/09\/ATEITW24_byNoahSchielen-8-1536x1024.jpg 1536w, https:\/\/droptimes.com.br\/site\/wp-content\/uploads\/2025\/09\/ATEITW24_byNoahSchielen-8-2048x1365.jpg 2048w\" sizes=\"(max-width: 1024px) 100vw, 1024px\" \/><\/figure>\n\n\n\n<p><strong>O ADE \u00e9 organizado pela Funda\u00e7\u00e3o Amsterdam Dance Event<\/strong>, uma organiza\u00e7\u00e3o sem fins lucrativos dedicada a promover a m\u00fasica eletr\u00f4nica, sua cultura e sua ind\u00fastria em todo o mundo. A funda\u00e7\u00e3o se dedica a fomentar o desenvolvimento, a inova\u00e7\u00e3o e o talento, reunindo a ind\u00fastria global e lan\u00e7ando as bases para as futuras gera\u00e7\u00f5es.<\/p>\n","protected":false},"excerpt":{"rendered":"<p>22 a 26 de outubro de 2025 &#8211; www.amsterdam-dance-event.nl A Funda\u00e7\u00e3o Amsterdam Dance Event tem o prazer de anunciar a colabora\u00e7\u00e3o multidisciplinar do ADE com o Amsterdam 750, marcando o 750\u00ba anivers\u00e1rio da cidade em uma celebra\u00e7\u00e3o conjunta da rica hist\u00f3ria e cultura musical de Amsterd\u00e3. O ADE 2025 far\u00e1 uma transi\u00e7\u00e3o direta para o [&hellip;]<\/p>\n","protected":false},"author":3,"featured_media":5373,"comment_status":"closed","ping_status":"closed","sticky":false,"template":"","format":"standard","meta":{"pagelayer_contact_templates":[],"_pagelayer_content":"","footnotes":""},"categories":[20,157],"tags":[337,171,339,174,170,626,168,169,637,279,167],"class_list":["post-5372","post","type-post","status-publish","format-standard","has-post-thumbnail","hentry","category-lifestyle","category-news","tag-ade","tag-afro-house","tag-amsterdam-dance-event","tag-dj","tag-edm","tag-groove","tag-hard-techno","tag-house","tag-melodic","tag-musica-eletronica-3","tag-techno"],"_links":{"self":[{"href":"https:\/\/droptimes.com.br\/site\/wp-json\/wp\/v2\/posts\/5372","targetHints":{"allow":["GET"]}}],"collection":[{"href":"https:\/\/droptimes.com.br\/site\/wp-json\/wp\/v2\/posts"}],"about":[{"href":"https:\/\/droptimes.com.br\/site\/wp-json\/wp\/v2\/types\/post"}],"author":[{"embeddable":true,"href":"https:\/\/droptimes.com.br\/site\/wp-json\/wp\/v2\/users\/3"}],"replies":[{"embeddable":true,"href":"https:\/\/droptimes.com.br\/site\/wp-json\/wp\/v2\/comments?post=5372"}],"version-history":[{"count":1,"href":"https:\/\/droptimes.com.br\/site\/wp-json\/wp\/v2\/posts\/5372\/revisions"}],"predecessor-version":[{"id":5380,"href":"https:\/\/droptimes.com.br\/site\/wp-json\/wp\/v2\/posts\/5372\/revisions\/5380"}],"wp:featuredmedia":[{"embeddable":true,"href":"https:\/\/droptimes.com.br\/site\/wp-json\/wp\/v2\/media\/5373"}],"wp:attachment":[{"href":"https:\/\/droptimes.com.br\/site\/wp-json\/wp\/v2\/media?parent=5372"}],"wp:term":[{"taxonomy":"category","embeddable":true,"href":"https:\/\/droptimes.com.br\/site\/wp-json\/wp\/v2\/categories?post=5372"},{"taxonomy":"post_tag","embeddable":true,"href":"https:\/\/droptimes.com.br\/site\/wp-json\/wp\/v2\/tags?post=5372"}],"curies":[{"name":"wp","href":"https:\/\/api.w.org\/{rel}","templated":true}]}}