{"id":5311,"date":"2025-09-16T23:09:06","date_gmt":"2025-09-16T20:09:06","guid":{"rendered":"https:\/\/droptimes.com.br\/site\/?p=5311"},"modified":"2025-09-16T23:09:06","modified_gmt":"2025-09-16T20:09:06","slug":"charlotte-de-witte-celebra-15-anos-de-carreira-com-super-evento-no-flanders-expo-em-6-de-fevereiro-de-2026","status":"publish","type":"post","link":"https:\/\/droptimes.com.br\/site\/charlotte-de-witte-celebra-15-anos-de-carreira-com-super-evento-no-flanders-expo-em-6-de-fevereiro-de-2026\/","title":{"rendered":"Charlotte de Witte celebra 15 anos de carreira com super evento no Flanders Expo em 6 de fevereiro de 2026"},"content":{"rendered":"\n<p>A DJ e produtora internacionalmente reconhecida, <strong>Charlotte de Witte<\/strong>, vai comemorar seus <strong>15 anos de trajet\u00f3ria na m\u00fasica<\/strong> com um evento de grande porte em sua cidade natal, <strong>Ghent<\/strong>, na B\u00e9lgica. No dia <strong>sexta-feira, 6 de fevereiro de 2026<\/strong>, ela recebe <strong>23.000 f\u00e3s<\/strong> para uma noite inesquec\u00edvel de techno no <strong>Flanders Expo<\/strong>.<\/p>\n\n\n\n<p>Ap\u00f3s um ver\u00e3o marcado por apresenta\u00e7\u00f5es em grandes festivais como <strong>Tomorrowland<\/strong> e <strong>Dour<\/strong>, Charlotte escolheu celebrar esse marco especial em <strong>Ghent<\/strong>, refor\u00e7ando sua conex\u00e3o com a cidade. No ano passado, em parceria com a prefeitura, ela realizou um set surpresa na <strong>Poeljemarkt<\/strong>, atraindo cerca de <strong>13 mil pessoas<\/strong>.<\/p>\n\n\n\n<p>Durante o evento, Charlotte tamb\u00e9m apresentar\u00e1 ao vivo seu <strong>\u00e1lbum de estreia<\/strong>, com lan\u00e7amento marcado para <strong>7 de novembro<\/strong>. O disco \u00e9 uma homenagem pessoal \u00e0 cultura dos clubes e \u00e0 sua jornada \u2014 de DJ local \u00e0 estrela global.<\/p>\n\n\n\n<blockquote class=\"wp-block-quote is-layout-flow wp-block-quote-is-layout-flow\">\n<p>\u201cVoltar ao Flanders Expo para comemorar esse momento incr\u00edvel \u00e9 como voltar para casa,\u201d diz Charlotte de Witte. \u201cEste evento \u00e9 mais do que uma festa; \u00e9 uma celebra\u00e7\u00e3o da comunidade que constru\u00edmos juntos ao longo dos \u00faltimos quinze anos. Mal posso esperar para dividir isso com todos.\u201d<\/p>\n<\/blockquote>\n\n\n\n<p><strong>Ingressos \u00e0 venda a partir de quarta-feira, 24 de setembro, \u00e0s 18h<\/strong>, pelo site <a href=\"http:\/\/livenation.be\/\">livenation.be<\/a>. Quem fizer o pr\u00e9-registro em <strong><a href=\"https:\/\/lydialawspr.us13.list-manage.com\/track\/click?u=076207e608d689f96370a1bac&amp;id=8e496bb559&amp;e=dc93f01023\">charlottedewitte.com\/ghent<\/a><\/strong> ter\u00e1 acesso \u00e0 pr\u00e9-venda exclusiva no dia <strong>23 de setembro<\/strong>.<\/p>\n\n\n\n<p><strong>Valores:<\/strong><\/p>\n\n\n\n<ul class=\"wp-block-list\">\n<li>Ingresso Regular: <strong>\u20ac59,99<\/strong><\/li>\n\n\n\n<li>Ingresso Clubhouse: <strong>\u20ac109,99<\/strong><\/li>\n\n\n\n<li>Ingresso Paddock: <strong>\u20ac179,99<\/strong><\/li>\n<\/ul>\n\n\n\n<p><strong>Assets para imprensa e mais informa\u00e7\u00f5es: charlottedewitte.com\/ghent<\/strong><\/p>\n","protected":false},"excerpt":{"rendered":"<p>A DJ e produtora internacionalmente reconhecida, Charlotte de Witte, vai comemorar seus 15 anos de trajet\u00f3ria na m\u00fasica com um evento de grande porte em sua cidade natal, Ghent, na B\u00e9lgica. No dia sexta-feira, 6 de fevereiro de 2026, ela recebe 23.000 f\u00e3s para uma noite inesquec\u00edvel de techno no Flanders Expo. Ap\u00f3s um ver\u00e3o [&hellip;]<\/p>\n","protected":false},"author":3,"featured_media":5312,"comment_status":"closed","ping_status":"closed","sticky":false,"template":"","format":"standard","meta":{"pagelayer_contact_templates":[],"_pagelayer_content":"","footnotes":""},"categories":[158,157],"tags":[171,396,174,170,626,168,169,637,279,167],"class_list":["post-5311","post","type-post","status-publish","format-standard","has-post-thumbnail","hentry","category-lancamentos","category-news","tag-afro-house","tag-carl-cox-e-charlotte-de-witte-mas-alem-dele","tag-dj","tag-edm","tag-groove","tag-hard-techno","tag-house","tag-melodic","tag-musica-eletronica-3","tag-techno"],"_links":{"self":[{"href":"https:\/\/droptimes.com.br\/site\/wp-json\/wp\/v2\/posts\/5311","targetHints":{"allow":["GET"]}}],"collection":[{"href":"https:\/\/droptimes.com.br\/site\/wp-json\/wp\/v2\/posts"}],"about":[{"href":"https:\/\/droptimes.com.br\/site\/wp-json\/wp\/v2\/types\/post"}],"author":[{"embeddable":true,"href":"https:\/\/droptimes.com.br\/site\/wp-json\/wp\/v2\/users\/3"}],"replies":[{"embeddable":true,"href":"https:\/\/droptimes.com.br\/site\/wp-json\/wp\/v2\/comments?post=5311"}],"version-history":[{"count":1,"href":"https:\/\/droptimes.com.br\/site\/wp-json\/wp\/v2\/posts\/5311\/revisions"}],"predecessor-version":[{"id":5313,"href":"https:\/\/droptimes.com.br\/site\/wp-json\/wp\/v2\/posts\/5311\/revisions\/5313"}],"wp:featuredmedia":[{"embeddable":true,"href":"https:\/\/droptimes.com.br\/site\/wp-json\/wp\/v2\/media\/5312"}],"wp:attachment":[{"href":"https:\/\/droptimes.com.br\/site\/wp-json\/wp\/v2\/media?parent=5311"}],"wp:term":[{"taxonomy":"category","embeddable":true,"href":"https:\/\/droptimes.com.br\/site\/wp-json\/wp\/v2\/categories?post=5311"},{"taxonomy":"post_tag","embeddable":true,"href":"https:\/\/droptimes.com.br\/site\/wp-json\/wp\/v2\/tags?post=5311"}],"curies":[{"name":"wp","href":"https:\/\/api.w.org\/{rel}","templated":true}]}}