{"id":5308,"date":"2025-09-16T23:06:40","date_gmt":"2025-09-16T20:06:40","guid":{"rendered":"https:\/\/droptimes.com.br\/site\/?p=5308"},"modified":"2025-09-16T23:06:41","modified_gmt":"2025-09-16T20:06:41","slug":"obliqo-anuncia-festival-de-1-ano-com-mochakk-leall-bassan-akila-carlos-do-complexo-e-cesar-nardini","status":"publish","type":"post","link":"https:\/\/droptimes.com.br\/site\/obliqo-anuncia-festival-de-1-ano-com-mochakk-leall-bassan-akila-carlos-do-complexo-e-cesar-nardini\/","title":{"rendered":"OBLIQO anuncia festival de 1 ano com Mochakk, Leall, Bassan, Akila, Carlos do Complexo e Cesar Nardini"},"content":{"rendered":"\n<p>Com ingressos quase esgotados, o OBLIQO consolida seu lugar como refer\u00eancia em nightlife e m\u00fasica eletr\u00f4nica no Brasil desde a sua abertura em setembro de 2024<\/p>\n\n\n\n<p>COMPRE <a href=\"https:\/\/ses.prsts.de\/CL0\/https:%2F%2Fwww.ingresse.com%2Fobliqo-festival-aniversario-de-1-ano\/1\/010201994d3f93ea-cd5a0f59-58fe-42e4-9927-4847db5e44fb-000000\/4pp5nOlu9fvwwCyIyemYczmTmAHVDpJYs-_AoTeQHtg=422\">AQUI<\/a>.<\/p>\n\n\n\n<p>No dia 20 de setembro, o OBLIQO celebrar\u00e1 seu primeiro anivers\u00e1rio com o FESTIVAL OBLIQO, uma edi\u00e7\u00e3o realizada fora do club, em um espa\u00e7o hist\u00f3rico e maior: a Usina Cultural, uma mans\u00e3o de destaque que ganha vida \u00e0s margens do Rio Sorocaba.<\/p>\n\n\n\n<p>O festival ter\u00e1 capacidade para 3.000 pessoas e contar\u00e1 com dois palcos. O Main Stage receber\u00e1 os headliners da noite: Mochakk, Leall, Carlos do Complexo, Bassan, Akila e Cesar Nardini. J\u00e1 o R\u00e1dio Galeria Stage ser\u00e1 dedicado a artistas locais que se destacaram durante o primeiro ano do OBLIQO.<\/p>\n\n\n\n<p>Para enriquecer a experi\u00eancia, o evento tamb\u00e9m contar\u00e1 com um pop-up da SORO Lab \u2014 marca de moda lan\u00e7ada em maio de 2025 por Mochakk, em colabora\u00e7\u00e3o com o diretor criativo Halfcab e o designer TNK. Com uma proposta modular e foco na multiplicidade de usos, a SORO posiciona a roupa como uma linguagem em constante recombina\u00e7\u00e3o. O pop-up estar\u00e1 localizado na chill zone do festival, apresentando os lan\u00e7amentos e pe\u00e7as \u00e0 venda, com destaque para itens que se desmontam e se reconfiguram, ampliando possibilidades de estilo e identidade, em sintonia com o esp\u00edrito de troca cultural do festival.<\/p>\n\n\n\n<p>Um dos grandes destaques do festival \u00e9 reunir, em uma \u00fanica edi\u00e7\u00e3o, todos as labels que fazem parte do projeto OBLIQO. A label principal, que leva o mesmo nome da casa, \u00e9 voltado a House e Techno, sempre contando uma hist\u00f3ria dentro da cultura dos clubs.<\/p>\n\n\n\n<p>O projeto tamb\u00e9m apresenta NAPONTA, um interc\u00e2mbio cultural que conecta subculturas e subg\u00eaneros, com curadoria voltada a Funk Brasileiro, Drum n Bass, Dubstep, Breakbeat e estilos relacionados. Compacto celebra os amantes do vinil, inspirado em discos de 7 polegadas e explorando g\u00eaneros como Hip-hop, R&amp;B, Boogie e Samba.<\/p>\n\n\n\n<p>Al\u00e9m disso, o festival contar\u00e1 com o R\u00e1dio Galeria Stage, selo lan\u00e7ado em 2024 com o objetivo de oferecer espa\u00e7o e visibilidade a talentos emergentes da cena local.<\/p>\n\n\n\n<p>O FESTIVAL OBLIQO ser\u00e1 um festival diurno, com in\u00edcio \u00e0s 14h e t\u00e9rmino \u00e0s 22h. Ap\u00f3s o evento, a celebra\u00e7\u00e3o continua com o After-Hours oficial no club OBLIQO, com line-up secreto.<\/p>\n\n\n\n<p>Os ingressos est\u00e3o quase esgotados e dispon\u00edveis em diferentes op\u00e7\u00f5es: entrada geral, backstage, al\u00e9m de pacotes combinados festival + after-pass.<\/p>\n\n\n\n<p>Mais do que um club, OBLIQO se consolidou em seu primeiro ano como projeto cultural que valoriza a diversidade musical e promove experi\u00eancias inovadoras. Localizado em Sorocaba, o clube tornou-se refer\u00eancia no interior de S\u00e3o Paulo por reunir diferentes estilos musicais, fomentar a cena local e atrair grandes nomes da m\u00fasica eletr\u00f4nica e urbana. Em pouco tempo, conquistou reconhecimento nacional como hub criativo, conectando p\u00fablico, artistas e novas express\u00f5es culturais dentro da nightlife.<\/p>\n\n\n\n<p><strong>CONECTE-SE COM O OBLIQO<br><\/strong><a href=\"https:\/\/ses.prsts.de\/CL0\/https:%2F%2Fwww.instagram.com%2Fobliqosp%2F\/1\/010201994d3f93ea-cd5a0f59-58fe-42e4-9927-4847db5e44fb-000000\/V6MabiklY93rGoA3AcfC5tmpx4ZMP3qPTyfqj2UMH5s=422\" target=\"_blank\" rel=\"noreferrer noopener\">INSTAGRAM<\/a>\u00a0|\u00a0<a href=\"https:\/\/ses.prsts.de\/CL0\/https:%2F%2Fobliqo.carrd.co%2F%3Ffbclid=PAZXh0bgNhZW0CMTEAAadE7y1Q0SAJsT8_R5KsZJB5mebcpE0wZOHpfxII0OQhiG4z_KkMgo_ULhYExg_aem_3sGE_axiiuZxpz3cUsTw7A\/1\/010201994d3f93ea-cd5a0f59-58fe-42e4-9927-4847db5e44fb-000000\/YvXgG2dL2sHPc5Ke3kucZicWjjVaamDQa3Tg5YjTGtU=422\" target=\"_blank\" rel=\"noreferrer noopener\">WEBSITE<\/a>\u00a0|\u00a0<a href=\"https:\/\/ses.prsts.de\/CL0\/https:%2F%2Fwww.tiktok.com%2F@obliqosp%3F_t=8o6fmA2EKeM%26_r=1\/1\/010201994d3f93ea-cd5a0f59-58fe-42e4-9927-4847db5e44fb-000000\/s0g84Msk9D1D6OCBvRymvKrg9BoAOD562igoLzLBJ20=422\" target=\"_blank\" rel=\"noreferrer noopener\">TIKTOK<\/a>\u00a0|\u00a0<a href=\"https:\/\/ses.prsts.de\/CL0\/https:%2F%2Fx.com%2Fobliqosp\/1\/010201994d3f93ea-cd5a0f59-58fe-42e4-9927-4847db5e44fb-000000\/IxWDDoH6Gnq1HP6ZcRMqMrZ73bmH7HAph_HpWur0XdU=422\" target=\"_blank\" rel=\"noreferrer noopener\">X<\/a><\/p>\n","protected":false},"excerpt":{"rendered":"<p>Com ingressos quase esgotados, o OBLIQO consolida seu lugar como refer\u00eancia em nightlife e m\u00fasica eletr\u00f4nica no Brasil desde a sua abertura em setembro de 2024 COMPRE AQUI. No dia 20 de setembro, o OBLIQO celebrar\u00e1 seu primeiro anivers\u00e1rio com o FESTIVAL OBLIQO, uma edi\u00e7\u00e3o realizada fora do club, em um espa\u00e7o hist\u00f3rico e maior: [&hellip;]<\/p>\n","protected":false},"author":3,"featured_media":5309,"comment_status":"closed","ping_status":"closed","sticky":false,"template":"","format":"standard","meta":{"pagelayer_contact_templates":[],"_pagelayer_content":"","footnotes":""},"categories":[20,157],"tags":[171,884,883,886,887,170,626,168,169,885,637,720,279,167],"class_list":["post-5308","post","type-post","status-publish","format-standard","has-post-thumbnail","hentry","category-lifestyle","category-news","tag-afro-house","tag-akila","tag-bassan","tag-carlos-do-complexo","tag-cesar-nardini","tag-edm","tag-groove","tag-hard-techno","tag-house","tag-leall","tag-melodic","tag-mochakk","tag-musica-eletronica-3","tag-techno"],"_links":{"self":[{"href":"https:\/\/droptimes.com.br\/site\/wp-json\/wp\/v2\/posts\/5308","targetHints":{"allow":["GET"]}}],"collection":[{"href":"https:\/\/droptimes.com.br\/site\/wp-json\/wp\/v2\/posts"}],"about":[{"href":"https:\/\/droptimes.com.br\/site\/wp-json\/wp\/v2\/types\/post"}],"author":[{"embeddable":true,"href":"https:\/\/droptimes.com.br\/site\/wp-json\/wp\/v2\/users\/3"}],"replies":[{"embeddable":true,"href":"https:\/\/droptimes.com.br\/site\/wp-json\/wp\/v2\/comments?post=5308"}],"version-history":[{"count":1,"href":"https:\/\/droptimes.com.br\/site\/wp-json\/wp\/v2\/posts\/5308\/revisions"}],"predecessor-version":[{"id":5310,"href":"https:\/\/droptimes.com.br\/site\/wp-json\/wp\/v2\/posts\/5308\/revisions\/5310"}],"wp:featuredmedia":[{"embeddable":true,"href":"https:\/\/droptimes.com.br\/site\/wp-json\/wp\/v2\/media\/5309"}],"wp:attachment":[{"href":"https:\/\/droptimes.com.br\/site\/wp-json\/wp\/v2\/media?parent=5308"}],"wp:term":[{"taxonomy":"category","embeddable":true,"href":"https:\/\/droptimes.com.br\/site\/wp-json\/wp\/v2\/categories?post=5308"},{"taxonomy":"post_tag","embeddable":true,"href":"https:\/\/droptimes.com.br\/site\/wp-json\/wp\/v2\/tags?post=5308"}],"curies":[{"name":"wp","href":"https:\/\/api.w.org\/{rel}","templated":true}]}}