{"id":5208,"date":"2025-09-08T19:27:16","date_gmt":"2025-09-08T16:27:16","guid":{"rendered":"https:\/\/droptimes.com.br\/site\/?p=5208"},"modified":"2025-09-08T19:27:17","modified_gmt":"2025-09-08T16:27:17","slug":"apresentando-os-seis-eventos-de-abertura-do-ade-2025","status":"publish","type":"post","link":"https:\/\/droptimes.com.br\/site\/apresentando-os-seis-eventos-de-abertura-do-ade-2025\/","title":{"rendered":"Apresentando os Seis Eventos de Abertura do ADE 2025"},"content":{"rendered":"\n<p>O <strong>ADE<\/strong> inicia a semana com seis <strong>Eventos de Abertura<\/strong> que destacam o cruzamento entre a m\u00fasica eletr\u00f4nica e outras formas de arte. Esses eventos, que ocorrem na quarta-feira do ADE, foram concebidos para explorar novas ideias, reunir disciplinas que raramente se encontram e criar espa\u00e7o para experimenta\u00e7\u00e3o e crescimento art\u00edstico.<\/p>\n\n\n\n<p>De orquestras reinterpretando o Amapiano a uma vers\u00e3o imersiva de <em>Canto Ostinato<\/em> com Helena Basilova e Nick Verstand, ou uma performance dan\u00e7ante dentro do Museu Van Gogh \u2014 cada evento demonstra como o som conecta comunidades. Juntos, esses eventos estabelecem o tom para cinco dias em que a m\u00fasica eletr\u00f4nica transcende os clubes, se expandindo para a performance, a cultura visual e a arte interdisciplinar.<\/p>\n\n\n\n<h3 class=\"wp-block-heading\"><strong>Eventos de Abertura<\/strong><\/h3>\n\n\n\n<h4 class=\"wp-block-heading\"><strong>The Grid: Embodied<\/strong><\/h4>\n\n\n\n<p><strong>Local:<\/strong> Door Open Space<\/p>\n\n\n\n<h4 class=\"wp-block-heading\"><strong>ARK x Before\/After apresentam GATE<\/strong><\/h4>\n\n\n\n<p><strong>Local:<\/strong> Museu Van Gogh<\/p>\n\n\n\n<h4 class=\"wp-block-heading\"><strong>CYCLES: GiGi FM x Lumus Instruments<\/strong><\/h4>\n\n\n\n<p><strong>Local:<\/strong> Felix Meritis<\/p>\n\n\n\n<h4 class=\"wp-block-heading\"><strong>Dome Concerts apresentam: Julius Horsthuis &amp; Suzanne Ciani<\/strong><\/h4>\n\n\n\n<p><strong>Local:<\/strong> Planet\u00e1rio ARTIS<\/p>\n\n\n\n<h3 class=\"wp-block-heading\"><strong>Performances ao Vivo<\/strong><\/h3>\n\n\n\n<figure class=\"wp-block-image size-large\"><img fetchpriority=\"high\" decoding=\"async\" width=\"1024\" height=\"683\" src=\"https:\/\/droptimes.com.br\/site\/wp-content\/uploads\/2025\/09\/image-54-1024x683.png\" alt=\"\" class=\"wp-image-5210\" srcset=\"https:\/\/droptimes.com.br\/site\/wp-content\/uploads\/2025\/09\/image-54-1024x683.png 1024w, https:\/\/droptimes.com.br\/site\/wp-content\/uploads\/2025\/09\/image-54-300x200.png 300w, https:\/\/droptimes.com.br\/site\/wp-content\/uploads\/2025\/09\/image-54-768x512.png 768w, https:\/\/droptimes.com.br\/site\/wp-content\/uploads\/2025\/09\/image-54-1536x1024.png 1536w, https:\/\/droptimes.com.br\/site\/wp-content\/uploads\/2025\/09\/image-54-2048x1365.png 2048w\" sizes=\"(max-width: 1024px) 100vw, 1024px\" \/><\/figure>\n\n\n\n<p><strong>A performance ao vivo est\u00e1 no centro do ADE.<\/strong> Estes eventos mostram como tradi\u00e7\u00f5es cl\u00e1ssicas e sons globais de clubes se encontram em interpreta\u00e7\u00f5es ousadas e inovadoras.<\/p>\n\n\n\n<h4 class=\"wp-block-heading\"><strong><a href=\"https:\/\/www.amsterdam-dance-event.nl\/en\/program\/2025\/ade-opening-concert-dbn-gogo-metropole-orkest\/2655350\/]\">DBN Gogo &amp; Metropole Orkest @ Melkweg<\/a><\/strong><\/h4>\n\n\n\n<p>O Metropole Orkest e o Melkweg inauguram a quarta-feira do ADE mais uma vez em grande estilo, desta vez acompanhados da DJ e produtora sul-africana <strong>DBN Gogo<\/strong>. Conhecida por sua presen\u00e7a marcante e sets ecl\u00e9ticos, ela traz um tributo especial ao <strong>Amapiano<\/strong> \u2014 um som h\u00edbrido que mistura deep house, jazz, kwaito e lounge, e que se tornou uma das maiores exporta\u00e7\u00f5es culturais da \u00c1frica do Sul.<\/p>\n\n\n\n<h4 class=\"wp-block-heading\"><strong><a href=\"https:\/\/www.amsterdam-dance-event.nl\/en\/program\/2025\/24classics-presents-canto-ostinato-by-helena-basilova-x-nick-verstand\/2699547\/?x-craft-preview=32cd1cb7b8bb50025a93c448f83c27708a3efa094cbbbd2469a4601323deb048idyifievaq&amp;token=T1mNBx98RlFO4XShxaXuEO_DJM-h8LuU\">24classics apresenta: Canto Ostinato por Helena Basilova x Nick Verstand @ Zuiderkerk<\/a><\/strong><\/h4>\n\n\n\n<p>Para duas apresenta\u00e7\u00f5es exclusivas na quarta-feira do ADE, o 24classics convida a pianista <strong>Helena Basilova<\/strong> e o artista contempor\u00e2neo <strong>Nick Verstand<\/strong> para ocupar a ic\u00f4nica igreja Zuiderkerk com uma vers\u00e3o especial da obra hipn\u00f3tica de Simeon ten Holt, <em>Canto Ostinato<\/em>.<br>Basilova funde piano solo com texturas eletr\u00f4nicas profundas, amplificando sua intensidade e for\u00e7a emocional. A instala\u00e7\u00e3o de luz imersiva de Verstand responde em tempo real a cada nuance da m\u00fasica, criando uma nova dimens\u00e3o sensorial para a obra.<\/p>\n\n\n\n<p><strong>Hor\u00e1rios:<\/strong><\/p>\n\n\n\n<ul class=\"wp-block-list\">\n<li>Primeiro show: 20:00 CET<\/li>\n\n\n\n<li>Segundo show: 22:00 CET<\/li>\n<\/ul>\n\n\n\n<h3 class=\"wp-block-heading\"><strong>Artes Imersivas<\/strong><\/h3>\n\n\n\n<figure class=\"wp-block-image size-large\"><img decoding=\"async\" width=\"1024\" height=\"683\" src=\"https:\/\/droptimes.com.br\/site\/wp-content\/uploads\/2025\/09\/image-55-1024x683.png\" alt=\"\" class=\"wp-image-5211\" srcset=\"https:\/\/droptimes.com.br\/site\/wp-content\/uploads\/2025\/09\/image-55-1024x683.png 1024w, https:\/\/droptimes.com.br\/site\/wp-content\/uploads\/2025\/09\/image-55-300x200.png 300w, https:\/\/droptimes.com.br\/site\/wp-content\/uploads\/2025\/09\/image-55-768x512.png 768w, https:\/\/droptimes.com.br\/site\/wp-content\/uploads\/2025\/09\/image-55-1536x1024.png 1536w, https:\/\/droptimes.com.br\/site\/wp-content\/uploads\/2025\/09\/image-55-2048x1365.png 2048w\" sizes=\"(max-width: 1024px) 100vw, 1024px\" \/><\/figure>\n\n\n\n<p><strong>Quando a m\u00fasica se funde com a arte digital, o p\u00fablico se torna parte da obra.<\/strong> Estes eventos oferecem experi\u00eancias multissensoriais em que som, imagem e movimento se entrela\u00e7am.<\/p>\n\n\n\n<h4 class=\"wp-block-heading\"><strong><a href=\"https:\/\/www.amsterdam-dance-event.nl\/en\/program\/2025\/ade-opening-performance-dome-concerts-presents-julius-horsthuis-suzanne-ciani\/2699551\/\">Dome Concerts apresentam: Julius Horsthuis &amp; Suzanne Ciani @ Planet\u00e1rio ARTIS<\/a><\/strong><\/h4>\n\n\n\n<p>De quarta a sexta-feira do ADE, a c\u00fapula do Planet\u00e1rio ARTIS se transforma em uma tela 360\u00b0 para as obras do artista fractal <strong>Julius Horsthuis<\/strong>. Na quarta-feira, ele une for\u00e7as com a pioneira da m\u00fasica eletr\u00f4nica <strong>Suzanne Ciani<\/strong> (cinco vezes indicada ao Grammy), que apresenta uma performance ao vivo com sintetizador Buchla. M\u00fasica e imagem se movem como uma s\u00f3 entidade, marcando o in\u00edcio de tr\u00eas noites de concertos audiovisuais e proje\u00e7\u00f5es no Planet\u00e1rio.<\/p>\n\n\n\n<h4 class=\"wp-block-heading\"><strong><a href=\"https:\/\/www.amsterdam-dance-event.nl\/en\/news\/presenting-the-six-opening-specials-of-ade-2025\/2701043\/?x-craft-preview=8f9c52876459e5733406a4189e8e97ec9d6bf0e0bcb6b6a7d84e839dfaadd51cvhgrzcivqp&amp;token=CaO7-BH7X23bpCXnytne7dU8cx1GbBVj#:~:text=Presenting%20the%20six,ADE%20Arts%20%26%20Culture\">CYCLES: GiGi FM x Lumus Instruments @ Felix Meritis<\/a><\/strong><\/h4>\n\n\n\n<p><em>POLYNODE: CYCLES<\/em> \u00e9 uma instala\u00e7\u00e3o de m\u00eddia digital criada pelo coletivo <strong>Lumus Instruments<\/strong>, concebida como um instrumento que explora ciclos por meio de sua forma f\u00edsica e um sistema din\u00e2mico de n\u00f3s virtuais.<br>Nesta performance audiovisual especial, a instala\u00e7\u00e3o interage com a artista <strong>GiGi FM<\/strong> \u2014 DJ, artista sonora e dan\u00e7arina formada. Sua pr\u00e1tica incorpora movimento, narra\u00e7\u00e3o, canto, poesia e texturas sonoras para criar jornadas sensoriais que expandem a rela\u00e7\u00e3o entre corpo, som e espa\u00e7o.<\/p>\n\n\n\n<p><strong><a href=\"https:\/\/e054df9a.sibforms.com\/serve\/MUIFAOseOw_g7nmBMmJ2GUlWf0lzLGv6zozNC0aZ_GMeF2QwZkkWTgDI6Yx-H2d2vGyEN4pNNbEUAGMl2fiykti_h_4W3cXMSSpC27aT99meMhpZB0heYh3_Jhucr32ZRxpJqZvbFhh_bkCJzOMnewuu3oHEJWZD0NBsqCQLFe6AMGuAHuKjyZuI0WC0w4HnHaZVtQBYNhv1fkUA\">Pr\u00e9-registro necess\u00e1rio.<\/a><\/strong><\/p>\n\n\n\n<h3 class=\"wp-block-heading\"><strong>Artes Visuais<\/strong><\/h3>\n\n\n\n<figure class=\"wp-block-image size-large\"><img decoding=\"async\" width=\"1024\" height=\"683\" src=\"https:\/\/droptimes.com.br\/site\/wp-content\/uploads\/2025\/09\/image-56-1024x683.png\" alt=\"\" class=\"wp-image-5212\" srcset=\"https:\/\/droptimes.com.br\/site\/wp-content\/uploads\/2025\/09\/image-56-1024x683.png 1024w, https:\/\/droptimes.com.br\/site\/wp-content\/uploads\/2025\/09\/image-56-300x200.png 300w, https:\/\/droptimes.com.br\/site\/wp-content\/uploads\/2025\/09\/image-56-768x512.png 768w, https:\/\/droptimes.com.br\/site\/wp-content\/uploads\/2025\/09\/image-56-1536x1024.png 1536w, https:\/\/droptimes.com.br\/site\/wp-content\/uploads\/2025\/09\/image-56-2048x1365.png 2048w\" sizes=\"(max-width: 1024px) 100vw, 1024px\" \/><\/figure>\n\n\n\n<p><strong>A linguagem visual da vida noturna carrega mem\u00f3ria, identidade e peso cultural.<\/strong> Estes eventos transformam arquivos e retratos em obras vivas.<\/p>\n\n\n\n<h4 class=\"wp-block-heading\"><strong>Exposi\u00e7\u00e3o de Abertura: <a href=\"https:\/\/www.amsterdam-dance-event.nl\/en\/program\/2025\/ade-opening-exhibition-clubcult\/2700106\/?x-craft-preview=29fb0166d6e755b9a22edb9e28ed16ad654e1210c38fa8d3a7ffc3d71e7a423anbxfgncmxw&amp;token=sOzb0TDJjydemeXpcOypeYJxBcibISCp\">ClubCult<\/a><\/strong><\/h4>\n\n\n\n<p>\u2018<strong>ClubCult<\/strong>\u2019, projeto de <strong>JOHNNY BLOOD<\/strong>, transforma mais de 200 retratos de frequentadores do clube <strong>De School<\/strong>, capturados durante seu fim de semana de encerramento. As imagens ganham vida como proje\u00e7\u00f5es em grande escala, v\u00eddeos e o lan\u00e7amento de um livro. Com trilha sonora curada por <strong>Beste Hira<\/strong>, habitu\u00e9 do De School, a exposi\u00e7\u00e3o captura os gestos, a intimidade e a energia da cena underground de Amsterdam.<\/p>\n\n\n\n<p><strong>Fotografia:<\/strong> Lonneke van der Palen, Barrie Hullegie, Tim Verhallen, Jorre Janssens<br><strong>V\u00eddeo:<\/strong> Jelmar van Belle, Dorith Mous<\/p>\n\n\n\n<hr class=\"wp-block-separator has-alpha-channel-opacity\"\/>\n\n\n\n<h4 class=\"wp-block-heading\"><strong><a href=\"https:\/\/www.amsterdam-dance-event.nl\/en\/news\/presenting-the-six-opening-specials-of-ade-2025\/2701043\/?x-craft-preview=8f9c52876459e5733406a4189e8e97ec9d6bf0e0bcb6b6a7d84e839dfaadd51cvhgrzcivqp&amp;token=CaO7-BH7X23bpCXnytne7dU8cx1GbBVj#:~:text=Presenting%20the%20six,ADE%20Arts%20%26%20Culture\">Exposi\u00e7\u00e3o de Abertura: Um Escaneamento da Cultura Rave Holandesa: 1990\u20132005<\/a><\/strong><\/h4>\n\n\n\n<p>Com <strong>\u2018A Scan Through Dutch Rave Culture\u2019<\/strong>, os coletivos <strong>One Eye Witness<\/strong>, <strong>Bastiaan van Berkel<\/strong>, <strong>Thunderboom<\/strong> e <strong>Podiumkunst.net<\/strong> apresentam um arquivo digital de flyers e um livro que tra\u00e7am a hist\u00f3ria da rave na Holanda.<br>Constru\u00edda a partir do <em>Flyer Scan Day<\/em> realizado no Sexyland em 2024, e enriquecida com contribui\u00e7\u00f5es de nomes como <strong>Antal<\/strong> e <strong>Shinedoe<\/strong>, a exposi\u00e7\u00e3o transforma este acervo em uma experi\u00eancia viva. Realidade aumentada e proje\u00e7\u00f5es em grande escala mostram como a est\u00e9tica rave evoluiu dos armaz\u00e9ns para os clubes \u2014 revelando o rave n\u00e3o como nostalgia, mas como uma for\u00e7a cultural moldadora de identidade e comunidade.<\/p>\n\n\n\n<p><strong>Local:<\/strong> Door Open Space<\/p>\n\n\n\n<hr class=\"wp-block-separator has-alpha-channel-opacity\"\/>\n\n\n\n<h3 class=\"wp-block-heading\"><strong>Cultura Club<\/strong><\/h3>\n\n\n\n<figure class=\"wp-block-image size-large\"><img loading=\"lazy\" decoding=\"async\" width=\"1024\" height=\"683\" src=\"https:\/\/droptimes.com.br\/site\/wp-content\/uploads\/2025\/09\/image-57-1024x683.png\" alt=\"\" class=\"wp-image-5213\" srcset=\"https:\/\/droptimes.com.br\/site\/wp-content\/uploads\/2025\/09\/image-57-1024x683.png 1024w, https:\/\/droptimes.com.br\/site\/wp-content\/uploads\/2025\/09\/image-57-300x200.png 300w, https:\/\/droptimes.com.br\/site\/wp-content\/uploads\/2025\/09\/image-57-768x512.png 768w, https:\/\/droptimes.com.br\/site\/wp-content\/uploads\/2025\/09\/image-57-1536x1024.png 1536w, https:\/\/droptimes.com.br\/site\/wp-content\/uploads\/2025\/09\/image-57-2048x1365.png 2048w\" sizes=\"(max-width: 1024px) 100vw, 1024px\" \/><\/figure>\n\n\n\n<p><strong>A cultura do clube conecta pessoas entre disciplinas, gera\u00e7\u00f5es e espa\u00e7os.<\/strong> Estes eventos celebram o clube como palco para experimenta\u00e7\u00e3o, comunidade e performance.<\/p>\n\n\n\n<h4 class=\"wp-block-heading\"><strong><a href=\"https:\/\/www.amsterdam-dance-event.nl\/en\/program\/2025\/ade-opening-performance-the-grid-embodied-victor-dissel-bram-van-ravenhorst-arno-schuitemaker\/2700097\/?x-craft-preview=bd5ca246801e4ffe46ce797739fd8d6857310689d6d5a6e973cf2f131efaf766ydrjcsnrmq&amp;token=36PRY68nqBuMbwYuUGf7A4RBTj62ROkp\">Performance de Abertura: The Grid: Embodied \u2013 Victor Dissel, Bram van Ravenhorst &amp; Arno Schuitemaker @ Door Open Space<\/a><\/strong><\/h4>\n\n\n\n<p>O espa\u00e7o <strong>Door Open Space<\/strong> abre suas portas na quarta-feira do ADE com a estreia de <strong>\u2018The Grid: Embodied\u2019<\/strong>, uma nova performance de <strong>Victor Dissel<\/strong> e <strong>Bram van Ravenhorst<\/strong>, com coreografia de <strong>Arno Schuitemaker<\/strong>.<br>Luz, som e dan\u00e7a se fundem em uma apresenta\u00e7\u00e3o imersiva de vinte minutos, onde <strong>dezesseis colunas de luz em movimento<\/strong> e um dan\u00e7arino solo exploram a tens\u00e3o entre humano e m\u00e1quina. Ap\u00f3s a estreia, <em>The Grid<\/em> permanece em exibi\u00e7\u00e3o como instala\u00e7\u00e3o aut\u00f4noma, ao lado das exposi\u00e7\u00f5es <em>ClubCult<\/em> e <em>A Scan Through Dutch Rave Culture<\/em>.<\/p>\n\n\n\n<hr class=\"wp-block-separator has-alpha-channel-opacity\"\/>\n\n\n\n<h4 class=\"wp-block-heading\"><strong><a href=\"https:\/\/www.vangoghmuseum.nl\/en\/visit\/whats-on\/ade-x-van-gogh-museum\">ARK x Before\/After apresentam GATE @ Museu Van Gogh<\/a><\/strong><\/h4>\n\n\n\n<p>Na quarta-feira do ADE, o festival colabora com o <strong>Museu Van Gogh<\/strong>, transformando o espa\u00e7o em palco para uma performance dan\u00e7ante \u00fanica e interativa. Os coletivos <strong>Alyson Sillon (Before\/After)<\/strong> e <strong>Connor Schumacher (ARK)<\/strong> conduzem o p\u00fablico por uma experi\u00eancia que coloca <strong>express\u00e3o, conex\u00e3o e comunidade<\/strong> no centro da cultura noturna. As performances acontecem entre o p\u00fablico, convidando os visitantes a entrarem na dan\u00e7a como forma de arte e experi\u00eancia coletiva. A noite coincide com a exposi\u00e7\u00e3o <em>\u2018Van Gogh e os Roulin. Juntos Outra Vez\u2019<\/em>.<\/p>\n\n\n\n<p>Saiba mais sobre o programa ADE Arts &amp; Culture no <a href=\"https:\/\/www.amsterdam-dance-event.nl\/en\/ade-arts-culture\/\">site oficial<\/a>.<\/p>\n\n\n\n<p><\/p>\n","protected":false},"excerpt":{"rendered":"<p>O ADE inicia a semana com seis Eventos de Abertura que destacam o cruzamento entre a m\u00fasica eletr\u00f4nica e outras formas de arte. Esses eventos, que ocorrem na quarta-feira do ADE, foram concebidos para explorar novas ideias, reunir disciplinas que raramente se encontram e criar espa\u00e7o para experimenta\u00e7\u00e3o e crescimento art\u00edstico. De orquestras reinterpretando o [&hellip;]<\/p>\n","protected":false},"author":3,"featured_media":5209,"comment_status":"closed","ping_status":"closed","sticky":false,"template":"","format":"standard","meta":{"pagelayer_contact_templates":[],"_pagelayer_content":"","footnotes":""},"categories":[20,157],"tags":[337,621,339],"class_list":["post-5208","post","type-post","status-publish","format-standard","has-post-thumbnail","hentry","category-lifestyle","category-news","tag-ade","tag-ade-2025","tag-amsterdam-dance-event"],"_links":{"self":[{"href":"https:\/\/droptimes.com.br\/site\/wp-json\/wp\/v2\/posts\/5208","targetHints":{"allow":["GET"]}}],"collection":[{"href":"https:\/\/droptimes.com.br\/site\/wp-json\/wp\/v2\/posts"}],"about":[{"href":"https:\/\/droptimes.com.br\/site\/wp-json\/wp\/v2\/types\/post"}],"author":[{"embeddable":true,"href":"https:\/\/droptimes.com.br\/site\/wp-json\/wp\/v2\/users\/3"}],"replies":[{"embeddable":true,"href":"https:\/\/droptimes.com.br\/site\/wp-json\/wp\/v2\/comments?post=5208"}],"version-history":[{"count":1,"href":"https:\/\/droptimes.com.br\/site\/wp-json\/wp\/v2\/posts\/5208\/revisions"}],"predecessor-version":[{"id":5214,"href":"https:\/\/droptimes.com.br\/site\/wp-json\/wp\/v2\/posts\/5208\/revisions\/5214"}],"wp:featuredmedia":[{"embeddable":true,"href":"https:\/\/droptimes.com.br\/site\/wp-json\/wp\/v2\/media\/5209"}],"wp:attachment":[{"href":"https:\/\/droptimes.com.br\/site\/wp-json\/wp\/v2\/media?parent=5208"}],"wp:term":[{"taxonomy":"category","embeddable":true,"href":"https:\/\/droptimes.com.br\/site\/wp-json\/wp\/v2\/categories?post=5208"},{"taxonomy":"post_tag","embeddable":true,"href":"https:\/\/droptimes.com.br\/site\/wp-json\/wp\/v2\/tags?post=5208"}],"curies":[{"name":"wp","href":"https:\/\/api.w.org\/{rel}","templated":true}]}}