{"id":4917,"date":"2025-08-19T10:47:58","date_gmt":"2025-08-19T07:47:58","guid":{"rendered":"https:\/\/droptimes.com.br\/site\/?p=4917"},"modified":"2025-08-19T10:47:59","modified_gmt":"2025-08-19T07:47:59","slug":"conheca-cores-do-engenho-festival-que-une-natureza-e-musica","status":"publish","type":"post","link":"https:\/\/droptimes.com.br\/site\/conheca-cores-do-engenho-festival-que-une-natureza-e-musica\/","title":{"rendered":"Conhe\u00e7a Cores do Engenho, festival que une natureza e m\u00fasica"},"content":{"rendered":"\n<p><em>Marcado para 23 de agosto em Minas Gerais, evento recebe Toquinho e Toni Garrido como headliners<\/em><\/p>\n\n\n\n<p>Minas Gerais prepara-se para um dia inspirador. Marcado para<strong>&nbsp;23 de agosto<\/strong>, o festival&nbsp;<a href=\"https:\/\/gmail.us22.list-manage.com\/track\/click?u=7a86e638012668149025d8237&amp;id=351d8325d3&amp;e=ec09cd488c\" target=\"_blank\" rel=\"noreferrer noopener\"><strong>Cores de Engenho<\/strong><\/a>&nbsp;acontece na Fazenda do Engenho Lodge, oferecendo uma paisagem com montanhas e diversos tons de verde em perfeita harmonia. Al\u00e9m da conex\u00e3o com a natureza, as experi\u00eancias proporcionam uma imers\u00e3o em m\u00fasica, arte, gastronomia e muito mais, priorizando as viv\u00eancias em fam\u00edlia, com atividades para pessoas de todas as idades.<\/p>\n\n\n\n<p>Com&nbsp;<a href=\"https:\/\/gmail.us22.list-manage.com\/track\/click?u=7a86e638012668149025d8237&amp;id=da8e21620b&amp;e=ec09cd488c\" target=\"_blank\" rel=\"noreferrer noopener\">ingressos \u00e0 venda na plataforma Ingresse<\/a>, conhe\u00e7a mais sobre todas os pilares do Cores do Engenho:<\/p>\n\n\n\n<p><strong>M\u00fasica<\/strong><\/p>\n\n\n\n<p>O Cores do Engenho re\u00fane artistas consagrados e nomes expoentes. O line-up \u00e9 formado por Toquinho convida Camilla Faustino; Toni Garrido; Reggae Feelings convida Dada Yute e Rafael Cardoso; ETC apresenta Bora Jam com Mar.Iana, Alessandra Crispin e Gege (S\u00f3 Parent); S\u00fabita DJs e Marquinhus SP.<\/p>\n\n\n\n<p><strong>Gastronomia<\/strong><\/p>\n\n\n\n<p>A \u00e1rea gastron\u00f4mica do festival, chamada Sabores do Engenho, conta com marcas e chefs renomados, al\u00e9m da cultura gastron\u00f4mica local. Entre os confirmados, est\u00e3o: Amazonika; Chef Mateus Abdo; Cabra da Peste; Deleitinho; Serrano Pizzaria; Chef Juliano Godinho; Cordeiro e Cia; Quitutes da Beth e Meninas do Engenho. O p\u00fablico poder\u00e1 se deliciar com pratos, por\u00e7\u00f5es, quitutes, petiscos, sobremesas e doces.<\/p>\n\n\n\n<p><strong>Arte<\/strong><\/p>\n\n\n\n<p>O Cores do Engenho conta com uma feira de artesanato, a Feirinha de Ibiti, com coletivos, artistas e artes\u00e3os de diferentes t\u00e9cnicas, mas todos valorizando a arte local. Os expositores s\u00e3o: Sana Gaya (\u00f3culos de sol ecol\u00f3gicos de madeira); Atelier Adriana Lopes (cer\u00e2mica artesanal); Rosa Girardi (pain\u00e9is em tape\u00e7aria); Patr\u00edcia Malvaccini (pintura); Linhas de Minas (almofadas bordadas, cestaria, guardanapos bordados, roupas e bolsas); Atelier Nathalie Borges (pintura sustent\u00e1vel &#8211; quadros em papel\u00e3o e camisas); Ibiti Gaia Produtos Agroecol\u00f3gicos (produtos org\u00e2nicos); Clube Up (projeto social de inclus\u00e3o de pessoas com necessidades especiais e venda de mel de abelha); Adalto Venturi (lumin\u00e1rias, p\u00eandulos e quadros); Casa de Mongol (tapetes de sisal e cer\u00e2micas do Vale de Jequitinhonha e Banquinhos); Upco (moda cool e upcycling) e Yogano (cosm\u00e9ticos sustent\u00e1veis).<\/p>\n\n\n\n<figure class=\"wp-block-image size-large\"><img fetchpriority=\"high\" decoding=\"async\" width=\"1024\" height=\"682\" src=\"https:\/\/droptimes.com.br\/site\/wp-content\/uploads\/2025\/08\/Cores-do-Engenho-II-1024x682.jpg\" alt=\"\" class=\"wp-image-4919\" srcset=\"https:\/\/droptimes.com.br\/site\/wp-content\/uploads\/2025\/08\/Cores-do-Engenho-II-1024x682.jpg 1024w, https:\/\/droptimes.com.br\/site\/wp-content\/uploads\/2025\/08\/Cores-do-Engenho-II-300x200.jpg 300w, https:\/\/droptimes.com.br\/site\/wp-content\/uploads\/2025\/08\/Cores-do-Engenho-II-768x512.jpg 768w, https:\/\/droptimes.com.br\/site\/wp-content\/uploads\/2025\/08\/Cores-do-Engenho-II.jpg 1280w\" sizes=\"(max-width: 1024px) 100vw, 1024px\" \/><\/figure>\n\n\n\n<p><strong>Kids<\/strong><\/p>\n\n\n\n<p>O festival busca ser um espa\u00e7o para toda a fam\u00edlia, por isso conta com o Ibiti Family Experience by Life School, estimulando viv\u00eancias em fam\u00edlia envolvendo a natureza, das 13h \u00e0s 19h.<\/p>\n\n\n\n<p>A recrea\u00e7\u00e3o infantil oferece para as crian\u00e7as uma programa\u00e7\u00e3o especial de atividades que estimulam o conhecimento, a criatividade e o contato com a natureza. J\u00e1 as oficinas e aventuras ao ar livre podem ser realizadas pelas crian\u00e7as e pais, em experi\u00eancias de vidas que v\u00e3o gravar mem\u00f3rias atrav\u00e9s de brincadeiras l\u00fadicas e t\u00e9cnicas divertidas. Ambas t\u00eam vagas limitadas.<\/p>\n\n\n\n<p><strong>Bem-estar e esporte<\/strong><\/p>\n\n\n\n<p>Pensando nas experi\u00eancias de bem-estar do p\u00fablico, o festival oferece atividades individuais e que podem ser vividas em fam\u00edlia. No Sense Experiences, \u00e9 poss\u00edvel experimentar diferentes modelos de bike, uma proposta para pessoas de todas as idades que tenham interesse em se exercitar em contato com a natureza.<\/p>\n\n\n\n<p>Para participar do Sense Test Ride \u00e9 preciso se cadastrar (<a href=\"https:\/\/gmail.us22.list-manage.com\/track\/click?u=7a86e638012668149025d8237&amp;id=b7815a1f97&amp;e=ec09cd488c\" target=\"_blank\" rel=\"noreferrer noopener\">neste link<\/a>) e verificar a disponibilidade de vagas para os passeios.<\/p>\n\n\n\n<p>J\u00e1 o Sense Bike Zone Ibiti Projeto \u00e9 um novo espa\u00e7o de aventura, desenvolvido em parceria com o Ibiti Projeto, no qual uma pista projetada para pedaladas em fam\u00edlia faz parte da programa\u00e7\u00e3o Ibiti Family Experience, com atividades para crian\u00e7as e fam\u00edlias.<\/p>\n\n\n\n<p><strong>Natureza<\/strong><\/p>\n\n\n\n<p>Valorizando o meio-ambiente, uma das fortes bandeiras do Cores do Engenho \u00e9 o respeito pela natureza. Entre o contato pr\u00f3ximo com as belezas naturais, o evento conta com reciclagem do lixo gerado e pr\u00e1ticas sociais. Al\u00e9m disso, os alimentos recebidos em doa\u00e7\u00e3o pela compra do ingresso meia-entrada social s\u00e3o destinados para o funcionamento de projetos sociais.<\/p>\n\n\n\n<p><strong>Acompanhe Privil\u00e8ge Juiz de Fora:&nbsp;<\/strong><a href=\"https:\/\/gmail.us22.list-manage.com\/track\/click?u=7a86e638012668149025d8237&amp;id=3978128d7a&amp;e=ec09cd488c\" target=\"_blank\" rel=\"noreferrer noopener\">Instagram<\/a><\/p>\n\n\n\n<p><strong>Acompanhe Festival Cores do Engenho:\u00a0<\/strong><a href=\"https:\/\/gmail.us22.list-manage.com\/track\/click?u=7a86e638012668149025d8237&amp;id=84cc90cf44&amp;e=ec09cd488c\" target=\"_blank\" rel=\"noreferrer noopener\">Instagram<\/a>\u00a0|\u00a0<a href=\"https:\/\/gmail.us22.list-manage.com\/track\/click?u=7a86e638012668149025d8237&amp;id=f81d70d9f2&amp;e=ec09cd488c\" target=\"_blank\" rel=\"noreferrer noopener\">Site<\/a><\/p>\n\n\n\n<p><strong>Servi\u00e7o<\/strong><\/p>\n\n\n\n<p><strong>Festival Cores do Engenho<\/strong><\/p>\n\n\n\n<p><strong>Data:<\/strong>&nbsp;23 de agosto de 2025<\/p>\n\n\n\n<p><strong>Hor\u00e1rio:<\/strong>&nbsp;das 13h at\u00e9 22h<\/p>\n\n\n\n<p><strong>Local:&nbsp;<\/strong>Engenho Lodge &#8211; Ibiti Projeto<\/p>\n\n\n\n<p><strong>Atra\u00e7\u00f5es:&nbsp;<\/strong>Toquinho convida Camilla Faustino; Toni Garrido; Reggae Feelings convida Dada Yute e Rafael Cardoso; ETC apresenta Bora Jam com Mar.Iana, Alessandra Crispin e Gege (S\u00f3 Parent); S\u00fabita DJs e Marquinhus SP<\/p>\n\n\n\n<p><strong>Ingressos:\u00a0<\/strong>sujeito a disponibilidade de lote via <a href=\"https:\/\/www.ingresse.com\/cores-do-engenho-2025\/\">Ingresse<\/a> nas modalidades Meia Entrada \/ Meia Solid\u00e1ria (mediante doa\u00e7\u00e3o de 1kg de alimento n\u00e3o perec\u00edvel na entrada do evento) e Ingresso Infantil &#8211; 6 a 14 anos.<\/p>\n\n\n\n<p><\/p>\n","protected":false},"excerpt":{"rendered":"<p>Marcado para 23 de agosto em Minas Gerais, evento recebe Toquinho e Toni Garrido como headliners Minas Gerais prepara-se para um dia inspirador. Marcado para&nbsp;23 de agosto, o festival&nbsp;Cores de Engenho&nbsp;acontece na Fazenda do Engenho Lodge, oferecendo uma paisagem com montanhas e diversos tons de verde em perfeita harmonia. Al\u00e9m da conex\u00e3o com a natureza, [&hellip;]<\/p>\n","protected":false},"author":3,"featured_media":4918,"comment_status":"closed","ping_status":"closed","sticky":false,"template":"","format":"standard","meta":{"pagelayer_contact_templates":[],"_pagelayer_content":"","footnotes":""},"categories":[20,157],"tags":[171,731,174,170,626,168,169,637,279,167],"class_list":["post-4917","post","type-post","status-publish","format-standard","has-post-thumbnail","hentry","category-lifestyle","category-news","tag-afro-house","tag-cores-do-engenho","tag-dj","tag-edm","tag-groove","tag-hard-techno","tag-house","tag-melodic","tag-musica-eletronica-3","tag-techno"],"_links":{"self":[{"href":"https:\/\/droptimes.com.br\/site\/wp-json\/wp\/v2\/posts\/4917","targetHints":{"allow":["GET"]}}],"collection":[{"href":"https:\/\/droptimes.com.br\/site\/wp-json\/wp\/v2\/posts"}],"about":[{"href":"https:\/\/droptimes.com.br\/site\/wp-json\/wp\/v2\/types\/post"}],"author":[{"embeddable":true,"href":"https:\/\/droptimes.com.br\/site\/wp-json\/wp\/v2\/users\/3"}],"replies":[{"embeddable":true,"href":"https:\/\/droptimes.com.br\/site\/wp-json\/wp\/v2\/comments?post=4917"}],"version-history":[{"count":1,"href":"https:\/\/droptimes.com.br\/site\/wp-json\/wp\/v2\/posts\/4917\/revisions"}],"predecessor-version":[{"id":4920,"href":"https:\/\/droptimes.com.br\/site\/wp-json\/wp\/v2\/posts\/4917\/revisions\/4920"}],"wp:featuredmedia":[{"embeddable":true,"href":"https:\/\/droptimes.com.br\/site\/wp-json\/wp\/v2\/media\/4918"}],"wp:attachment":[{"href":"https:\/\/droptimes.com.br\/site\/wp-json\/wp\/v2\/media?parent=4917"}],"wp:term":[{"taxonomy":"category","embeddable":true,"href":"https:\/\/droptimes.com.br\/site\/wp-json\/wp\/v2\/categories?post=4917"},{"taxonomy":"post_tag","embeddable":true,"href":"https:\/\/droptimes.com.br\/site\/wp-json\/wp\/v2\/tags?post=4917"}],"curies":[{"name":"wp","href":"https:\/\/api.w.org\/{rel}","templated":true}]}}