{"id":4832,"date":"2025-08-09T17:37:26","date_gmt":"2025-08-09T14:37:26","guid":{"rendered":"https:\/\/droptimes.com.br\/site\/?p=4832"},"modified":"2025-08-09T17:37:26","modified_gmt":"2025-08-09T14:37:26","slug":"martin-garrix-e-armin-van-buuren-lancam-sua-primeira-colaboracao-sleepless-nights","status":"publish","type":"post","link":"https:\/\/droptimes.com.br\/site\/martin-garrix-e-armin-van-buuren-lancam-sua-primeira-colaboracao-sleepless-nights\/","title":{"rendered":"Martin Garrix e Armin van Buuren lan\u00e7am sua primeira colabora\u00e7\u00e3o, \u201cSleepless Nights\u201d"},"content":{"rendered":"\n<p><em>A m\u00fasica chega em todas as plataformas digitais no dia 8 de agosto, via ONErpm<\/em><\/p>\n\n\n\n<p>Hoje, dois pesos pesados da m\u00fasica dance holandesa, o DJ e produtor\u00a0<strong><a href=\"https:\/\/www.instagram.com\/martingarrix\/\">Martin Garrix<\/a><\/strong>, vencedor de v\u00e1rios discos de platina e l\u00edder das paradas musicais, e\u00a0<a href=\"https:\/\/www.instagram.com\/arminvanbuuren\/\"><strong>Armin van Buuren<\/strong>,<\/a> unem for\u00e7as para lan\u00e7ar seu novo single,\u00a0<strong>\u201cSleepless Nights\u201d<\/strong>, pela Armada Music. A m\u00fasica chega em todas as plataformas digitais no dia 8 de agosto, via ONErpm.\u00a0<\/p>\n\n\n\n<p><a href=\"https:\/\/onerpm.link\/sleepless-nights\" rel=\"noreferrer noopener\" target=\"_blank\"><strong>Ou\u00e7a \u201cSleepless Nights\u201d aqui<\/strong><\/a><\/p>\n\n\n\n<p>Apesar da longa amizade, esta \u00e9 a primeira vez que eles unem seus estilos caracter\u00edsticos em uma \u00fanica faixa. Constru\u00edda em torno da not\u00e1vel performance vocal de&nbsp;<strong>Libby Whitehouse<\/strong>, \u201cSleepless Nights\u201d combina a produ\u00e7\u00e3o moderna de Martin com o DNA trance de Armin, criando uma faixa que captura a energia inquieta das pistas de dan\u00e7a noturnas e a euforia de se perder at\u00e9 o raiar do dia.<\/p>\n\n\n\n<p>A dupla estreou a faixa ao vivo durante apresenta\u00e7\u00f5es consecutivas no Ultra Miami (<a href=\"https:\/\/www.youtube.com\/watch?v=3-ELBiUkUWc&amp;t=3092s\" rel=\"noreferrer noopener\" target=\"_blank\"><strong>assista aqu<\/strong>i<\/a>). A faixa se tornou um marco nos sets solo de Martin e Armin, e eles continuaram a toc\u00e1-la juntos em outros grandes festivais, incluindo EDC Las Vegas, Cape Town e Johannesburg. Armin van Buuren e Martin Garrix conquistaram cinco vezes o primeiro lugar na pesquisa DJ Mag Top 100 DJs, detendo juntos o recorde de maior n\u00famero de vit\u00f3rias.<\/p>\n\n\n\n<p>Martin Garrix se apresentou recentemente no ic\u00f4nico L.A State Historic Park, sua primeira apresenta\u00e7\u00e3o em Los Angeles desde 2016. Garrix \u00e9 o primeiro artista a se apresentar em tr\u00eas noites no L.A State Historic Park. Ele esgotou imediatamente 40.000 ingressos para dois shows e adicionou um terceiro devido \u00e0 alta demanda. No in\u00edcio de junho, Martin Garrix passou quatro noites em Las Vegas, se apresentando no OMNIA, TAO Beach Club e EDC. Al\u00e9m de seus shows muito procurados, Garrix recentemente esgotou os ingressos para duas noites no Red Rocks Amphitheater em Morrison, Colorado, em outubro.<\/p>\n\n\n\n<p>No in\u00edcio deste ano, Garrix lan\u00e7ou &#8220;Peace of Mind&#8221;, com Citadelle. Garrix tamb\u00e9m se juntou a Lauv para lan\u00e7ar \u201cMAD&#8221;. Recentemente, ele lan\u00e7ou duas colabora\u00e7\u00f5es com Arijit Singh, \u201cAngels for Each Other&#8221; e &#8220;Weightless\u201c. \u201cAngels for Each Other&#8221; marcou a primeira vez que Garrix cantou em seu pr\u00f3prio \u00e1lbum.&nbsp;<\/p>\n\n\n\n<figure class=\"wp-block-image size-large\"><img fetchpriority=\"high\" decoding=\"async\" width=\"1024\" height=\"682\" src=\"https:\/\/droptimes.com.br\/site\/wp-content\/uploads\/2025\/08\/image-45-1024x682.png\" alt=\"\" class=\"wp-image-4833\" srcset=\"https:\/\/droptimes.com.br\/site\/wp-content\/uploads\/2025\/08\/image-45-1024x682.png 1024w, https:\/\/droptimes.com.br\/site\/wp-content\/uploads\/2025\/08\/image-45-300x200.png 300w, https:\/\/droptimes.com.br\/site\/wp-content\/uploads\/2025\/08\/image-45-768x512.png 768w, https:\/\/droptimes.com.br\/site\/wp-content\/uploads\/2025\/08\/image-45-1536x1023.png 1536w, https:\/\/droptimes.com.br\/site\/wp-content\/uploads\/2025\/08\/image-45.png 1600w\" sizes=\"(max-width: 1024px) 100vw, 1024px\" \/><figcaption class=\"wp-element-caption\"><em>Foto: Bart Heemskerk<\/em><\/figcaption><\/figure>\n\n\n\n<p>Armin van Buuren come\u00e7ou 2025 estreando seu inovador conceito ao vivo&nbsp;<em>Pillars of Creation<\/em>&nbsp;nas dunas do deserto de Ras Al Khaimah. Ele organizou o festival anual&nbsp;<em>A State of Trance<\/em>&nbsp;em Roterd\u00e3 (fevereiro) e Londres (julho), com o festival previsto para estrear no M\u00e9xico em novembro. Neste ver\u00e3o, Armin lan\u00e7ou sua resid\u00eancia de nove shows no Ushua\u00efa Ibiza com um raro set de seis horas do in\u00edcio ao fim, seguido por shows semanais com convidados como Cosmic Gate e Vini Vici. Enquanto isso, ele continua em turn\u00ea mundial com seu show ao vivo imersivo&nbsp;<em>The Orb<\/em>.&nbsp;<\/p>\n\n\n\n<p>Em junho, Armin lan\u00e7ou seu nono \u00e1lbum de est\u00fadio,&nbsp;<strong>\u201cBreathe\u201d<\/strong>, uma jornada de 51 faixas que explora a sa\u00fade mental, o crescimento pessoal e a liberdade criativa. Para marcar o lan\u00e7amento do \u00e1lbum, ele apareceu na capa da revista&nbsp;<em>Men\u2019s Health<\/em>, destacando como sua transforma\u00e7\u00e3o f\u00edsica impulsionou sua evolu\u00e7\u00e3o criativa. O \u00e1lbum apresenta o single principal \u201cLet It Be For Love\u201d, com participa\u00e7\u00e3o de JAI RYU. Armin lan\u00e7ou recentemente as faixas de destaque \u201cKeep The Faith\u201d, com Bon Jovi, \u201cHeavy\u201d, com JOA, \u201cDream A Little Dream\u201d, com Sam Gray, e \u201cSound of You\u201d, com Pendulum e Rob Swire.<\/p>\n\n\n\n<p>\u201cSleepless Nights\u201d j\u00e1 est\u00e1 dispon\u00edvel em todas as plataformas digitais via&nbsp;<strong>ONErpm<\/strong>.<\/p>\n","protected":false},"excerpt":{"rendered":"<p>A m\u00fasica chega em todas as plataformas digitais no dia 8 de agosto, via ONErpm Hoje, dois pesos pesados da m\u00fasica dance holandesa, o DJ e produtor\u00a0Martin Garrix, vencedor de v\u00e1rios discos de platina e l\u00edder das paradas musicais, e\u00a0Armin van Buuren, unem for\u00e7as para lan\u00e7ar seu novo single,\u00a0\u201cSleepless Nights\u201d, pela Armada Music. A m\u00fasica [&hellip;]<\/p>\n","protected":false},"author":3,"featured_media":4834,"comment_status":"closed","ping_status":"closed","sticky":false,"template":"","format":"standard","meta":{"pagelayer_contact_templates":[],"_pagelayer_content":"","footnotes":""},"categories":[1],"tags":[],"class_list":["post-4832","post","type-post","status-publish","format-standard","has-post-thumbnail","hentry","category-uncategorized"],"_links":{"self":[{"href":"https:\/\/droptimes.com.br\/site\/wp-json\/wp\/v2\/posts\/4832","targetHints":{"allow":["GET"]}}],"collection":[{"href":"https:\/\/droptimes.com.br\/site\/wp-json\/wp\/v2\/posts"}],"about":[{"href":"https:\/\/droptimes.com.br\/site\/wp-json\/wp\/v2\/types\/post"}],"author":[{"embeddable":true,"href":"https:\/\/droptimes.com.br\/site\/wp-json\/wp\/v2\/users\/3"}],"replies":[{"embeddable":true,"href":"https:\/\/droptimes.com.br\/site\/wp-json\/wp\/v2\/comments?post=4832"}],"version-history":[{"count":1,"href":"https:\/\/droptimes.com.br\/site\/wp-json\/wp\/v2\/posts\/4832\/revisions"}],"predecessor-version":[{"id":4835,"href":"https:\/\/droptimes.com.br\/site\/wp-json\/wp\/v2\/posts\/4832\/revisions\/4835"}],"wp:featuredmedia":[{"embeddable":true,"href":"https:\/\/droptimes.com.br\/site\/wp-json\/wp\/v2\/media\/4834"}],"wp:attachment":[{"href":"https:\/\/droptimes.com.br\/site\/wp-json\/wp\/v2\/media?parent=4832"}],"wp:term":[{"taxonomy":"category","embeddable":true,"href":"https:\/\/droptimes.com.br\/site\/wp-json\/wp\/v2\/categories?post=4832"},{"taxonomy":"post_tag","embeddable":true,"href":"https:\/\/droptimes.com.br\/site\/wp-json\/wp\/v2\/tags?post=4832"}],"curies":[{"name":"wp","href":"https:\/\/api.w.org\/{rel}","templated":true}]}}