{"id":4809,"date":"2025-08-09T16:57:42","date_gmt":"2025-08-09T13:57:42","guid":{"rendered":"https:\/\/droptimes.com.br\/site\/?p=4809"},"modified":"2025-08-09T16:57:55","modified_gmt":"2025-08-09T13:57:55","slug":"core-esta-indo-para-todos-os-cantos-do-mundo-em-2026-com-festivais-na-colombia-eua-e-australia","status":"publish","type":"post","link":"https:\/\/droptimes.com.br\/site\/core-esta-indo-para-todos-os-cantos-do-mundo-em-2026-com-festivais-na-colombia-eua-e-australia\/","title":{"rendered":"CORE est\u00e1 indo para todos os cantos do mundo em 2026 com festivais na Col\u00f4mbia, EUA e Austr\u00e1lia"},"content":{"rendered":"\n<p><strong>Das florestas do Tomorrowland para o mundo: CORE anuncia turn\u00ea global de festivais<\/strong><\/p>\n\n\n\n<p>Em 2026, o CORE ganha o mundo com uma s\u00e9rie de festivais \u00fanicos em Medell\u00edn (Col\u00f4mbia), Los Angeles (EUA) e Melbourne (Austr\u00e1lia), unindo m\u00fasica e natureza. Pela primeira vez, o ic\u00f4nico palco CORE ser\u00e1 o centro de festivais independentes em tr\u00eas continentes diferentes, ultrapassando fronteiras e despertando os sentidos dos amantes da m\u00fasica ao redor do mundo. Originalmente criado nas exuberantes paisagens do Tomorrowland, o CORE se tornou um universo pr\u00f3prio dentro do festival, com uma identidade musical distinta. Enraizado na natureza e guiado pela miss\u00e3o de unir pessoas atrav\u00e9s da m\u00fasica alternativa, house e techno, o CORE apresenta uma turn\u00ea global com tr\u00eas destinos marcantes em 2026, levando seu palco m\u00edtico e uma experi\u00eancia audiovisual espetacular para diferentes partes do planeta. Pr\u00e9-registro e mais informa\u00e7\u00f5es em <a>core.world<\/a>.<\/p>\n\n\n\n<p>Ap\u00f3s duas edi\u00e7\u00f5es de sucesso em Medell\u00edn, o CORE est\u00e1 pronto para expandir e estrear nos Estados Unidos e na Austr\u00e1lia. Totalmente idealizado e desenvolvido pela equipe criativa do Tomorrowland, o palco CORE, com seu impressionante design em forma de rosto, \u00e9 uma verdadeira obra de arte que rapidamente se tornou um favorito do p\u00fablico e s\u00edmbolo de sonoridades alternativas e profundas. Conhecido por sua experi\u00eancia audiovisual imersiva e narrativa envolvente, o palco leva o p\u00fablico a uma jornada multissensorial com luzes, v\u00eddeos din\u00e2micos e aromas encantadores. O foco sonoro continua sendo a m\u00fasica house e techno alternativa, abrangendo diversos subg\u00eaneros com artistas renomados internacionalmente e novos talentos emergentes.<\/p>\n\n\n\n<figure class=\"wp-block-image size-large\"><img fetchpriority=\"high\" decoding=\"async\" width=\"1024\" height=\"683\" src=\"https:\/\/droptimes.com.br\/site\/wp-content\/uploads\/2025\/08\/image-30-1024x683.png\" alt=\"\" class=\"wp-image-4811\" srcset=\"https:\/\/droptimes.com.br\/site\/wp-content\/uploads\/2025\/08\/image-30-1024x683.png 1024w, https:\/\/droptimes.com.br\/site\/wp-content\/uploads\/2025\/08\/image-30-300x200.png 300w, https:\/\/droptimes.com.br\/site\/wp-content\/uploads\/2025\/08\/image-30-768x512.png 768w, https:\/\/droptimes.com.br\/site\/wp-content\/uploads\/2025\/08\/image-30.png 1200w\" sizes=\"(max-width: 1024px) 100vw, 1024px\" \/><\/figure>\n\n\n\n<hr class=\"wp-block-separator has-alpha-channel-opacity\"\/>\n\n\n\n<p><strong>CORE Medell\u00edn \u2013 20 e 21 de fevereiro de 2026 \u2013 Col\u00f4mbia<\/strong><br>De volta para sua terceira edi\u00e7\u00e3o, o CORE Medell\u00edn ser\u00e1 novamente realizado no Parque Norte, no cora\u00e7\u00e3o da segunda maior cidade da Col\u00f4mbia. O festival de dois dias, que acontecer\u00e1 na sexta-feira (20\/02) e s\u00e1bado (21\/02), \u00e9 realizado em parceria com a Breakfast Live, produtora colombiana com uma d\u00e9cada de curadoria cultural e eventos ic\u00f4nicos como Ritvales e La Solar Festival. Ap\u00f3s uma segunda edi\u00e7\u00e3o marcante neste ano, o CORE Medell\u00edn 2026 promete continuar celebrando a m\u00fasica e a natureza. O line-up e os detalhes de ingressos ser\u00e3o divulgados entre setembro e outubro.<\/p>\n\n\n\n<figure class=\"wp-block-image size-large\"><img decoding=\"async\" width=\"1024\" height=\"683\" src=\"https:\/\/droptimes.com.br\/site\/wp-content\/uploads\/2025\/08\/image-31-1024x683.png\" alt=\"\" class=\"wp-image-4812\" srcset=\"https:\/\/droptimes.com.br\/site\/wp-content\/uploads\/2025\/08\/image-31-1024x683.png 1024w, https:\/\/droptimes.com.br\/site\/wp-content\/uploads\/2025\/08\/image-31-300x200.png 300w, https:\/\/droptimes.com.br\/site\/wp-content\/uploads\/2025\/08\/image-31-768x512.png 768w, https:\/\/droptimes.com.br\/site\/wp-content\/uploads\/2025\/08\/image-31.png 1200w\" sizes=\"(max-width: 1024px) 100vw, 1024px\" \/><\/figure>\n\n\n\n<p><strong>CORE Los Angeles \u2013 2 e 3 de maio de 2026 \u2013 EUA<\/strong><br>Em maio de 2026, o CORE far\u00e1 sua aguardada estreia nos Estados Unidos em parceria com a Insomniac, uma das principais produtoras de eventos do pa\u00eds. O CORE Los Angeles ter\u00e1 dois shows vibrantes durante o dia, nos dias s\u00e1bado (02\/05) e domingo (03\/05), no cora\u00e7\u00e3o da Calif\u00f3rnia. O line-up e os detalhes de ingressos ser\u00e3o revelados em janeiro.<\/p>\n\n\n\n<p><strong>CORE Melbourne \u2013 28 de novembro de 2026 \u2013 Austr\u00e1lia<\/strong><br>Pela primeira vez, o CORE desembarca na Austr\u00e1lia com sua estreia em Melbourne, no s\u00e1bado, 28 de novembro. O evento ser\u00e1 realizado em colabora\u00e7\u00e3o com as ag\u00eancias australianas Framed e Pitch Control. O CORE Melbourne trar\u00e1 a ess\u00eancia da marca: m\u00fasica de alta qualidade em um cen\u00e1rio natural e encantador. O line-up e os detalhes de ingressos ser\u00e3o divulgados no in\u00edcio de 2026.<\/p>\n\n\n\n<p><strong>O universo CORE<\/strong><br>Al\u00e9m dos tr\u00eas eventos em Medell\u00edn, Los Angeles e Melbourne, o CORE continua promovendo uma curadoria de house e techno alternativo no ic\u00f4nico palco presente em festivais como Tomorrowland B\u00e9lgica, Tomorrowland Winter e Tomorrowland Brasil. O universo CORE tamb\u00e9m vive al\u00e9m dos palcos, com lan\u00e7amentos de ponta pelo selo boutique CORE Records e o programa mensal CORE Radio Show na One World Radio, destacando talentos emergentes de todo o mundo. Misturando artistas consagrados com novas vozes inovadoras, o CORE oferece a energia de uma festa completa e convida o p\u00fablico a descobrir novas paisagens musicais.<\/p>\n\n\n\n<p><\/p>\n\n\n\n<figure class=\"wp-block-image size-full\"><img decoding=\"async\" width=\"560\" height=\"699\" src=\"https:\/\/droptimes.com.br\/site\/wp-content\/uploads\/2025\/08\/image-32.png\" alt=\"\" class=\"wp-image-4813\" srcset=\"https:\/\/droptimes.com.br\/site\/wp-content\/uploads\/2025\/08\/image-32.png 560w, https:\/\/droptimes.com.br\/site\/wp-content\/uploads\/2025\/08\/image-32-240x300.png 240w\" sizes=\"(max-width: 560px) 100vw, 560px\" \/><\/figure>\n\n\n\n<hr class=\"wp-block-separator has-alpha-channel-opacity\"\/>\n\n\n\n<p><strong>CORE em 2026 \u2013 pr\u00e9-registro e mais informa\u00e7\u00f5es em <a>core.world<\/a><\/strong><\/p>\n\n\n\n<ul class=\"wp-block-list\">\n<li>CORE Medell\u00edn \u2013 20 e 21 de fevereiro de 2026 \u2013 Col\u00f4mbia: <a class=\"\" href=\"https:\/\/www.instagram.com\/coremedellin\/\">Instagram @coremedellin<\/a><\/li>\n\n\n\n<li>CORE Los Angeles \u2013 2 e 3 de maio de 2026 \u2013 EUA: <a class=\"\" href=\"https:\/\/www.instagram.com\/core.losangeles\/\">Instagram @core.losangeles<\/a><\/li>\n\n\n\n<li>CORE Melbourne \u2013 28 de novembro de 2026 \u2013 Austr\u00e1lia: <a class=\"\" href=\"https:\/\/www.instagram.com\/core.melbourne\/\">Instagram @core.melbourne<\/a><\/li>\n<\/ul>\n\n\n\n<p><\/p>\n","protected":false},"excerpt":{"rendered":"<p>Das florestas do Tomorrowland para o mundo: CORE anuncia turn\u00ea global de festivais Em 2026, o CORE ganha o mundo com uma s\u00e9rie de festivais \u00fanicos em Medell\u00edn (Col\u00f4mbia), Los Angeles (EUA) e Melbourne (Austr\u00e1lia), unindo m\u00fasica e natureza. Pela primeira vez, o ic\u00f4nico palco CORE ser\u00e1 o centro de festivais independentes em tr\u00eas continentes [&hellip;]<\/p>\n","protected":false},"author":3,"featured_media":4810,"comment_status":"closed","ping_status":"closed","sticky":false,"template":"","format":"standard","meta":{"pagelayer_contact_templates":[],"_pagelayer_content":"","footnotes":""},"categories":[159,20,157],"tags":[171,708,174,170,626,168,169,637,279,167,163],"class_list":["post-4809","post","type-post","status-publish","format-standard","has-post-thumbnail","hentry","category-destaques","category-lifestyle","category-news","tag-afro-house","tag-australia","tag-dj","tag-edm","tag-groove","tag-hard-techno","tag-house","tag-melodic","tag-musica-eletronica-3","tag-techno","tag-tomorrowland"],"_links":{"self":[{"href":"https:\/\/droptimes.com.br\/site\/wp-json\/wp\/v2\/posts\/4809","targetHints":{"allow":["GET"]}}],"collection":[{"href":"https:\/\/droptimes.com.br\/site\/wp-json\/wp\/v2\/posts"}],"about":[{"href":"https:\/\/droptimes.com.br\/site\/wp-json\/wp\/v2\/types\/post"}],"author":[{"embeddable":true,"href":"https:\/\/droptimes.com.br\/site\/wp-json\/wp\/v2\/users\/3"}],"replies":[{"embeddable":true,"href":"https:\/\/droptimes.com.br\/site\/wp-json\/wp\/v2\/comments?post=4809"}],"version-history":[{"count":1,"href":"https:\/\/droptimes.com.br\/site\/wp-json\/wp\/v2\/posts\/4809\/revisions"}],"predecessor-version":[{"id":4814,"href":"https:\/\/droptimes.com.br\/site\/wp-json\/wp\/v2\/posts\/4809\/revisions\/4814"}],"wp:featuredmedia":[{"embeddable":true,"href":"https:\/\/droptimes.com.br\/site\/wp-json\/wp\/v2\/media\/4810"}],"wp:attachment":[{"href":"https:\/\/droptimes.com.br\/site\/wp-json\/wp\/v2\/media?parent=4809"}],"wp:term":[{"taxonomy":"category","embeddable":true,"href":"https:\/\/droptimes.com.br\/site\/wp-json\/wp\/v2\/categories?post=4809"},{"taxonomy":"post_tag","embeddable":true,"href":"https:\/\/droptimes.com.br\/site\/wp-json\/wp\/v2\/tags?post=4809"}],"curies":[{"name":"wp","href":"https:\/\/api.w.org\/{rel}","templated":true}]}}