{"id":4639,"date":"2025-07-16T19:04:31","date_gmt":"2025-07-16T16:04:31","guid":{"rendered":"https:\/\/droptimes.com.br\/site\/?p=4639"},"modified":"2025-07-16T19:04:31","modified_gmt":"2025-07-16T16:04:31","slug":"com-raizes-latinas-e-psicodelia-dancante-dj-glen-entrega-marijuana-collab-com-illusionize-e-vocais-de-emy-perez","status":"publish","type":"post","link":"https:\/\/droptimes.com.br\/site\/com-raizes-latinas-e-psicodelia-dancante-dj-glen-entrega-marijuana-collab-com-illusionize-e-vocais-de-emy-perez\/","title":{"rendered":"Com ra\u00edzes latinas e psicodelia dan\u00e7ante, DJ Glen entrega \u201cMarijuana\u201d, collab com Illusionize e vocais de Emy Perez"},"content":{"rendered":"\n<p><em>Faixa faz parte de \u201c11\u201d, novo \u00e1lbum de Illusionize lan\u00e7ado na \u00faltima sexta-feira (11)<\/em><\/p>\n\n\n\n<p><strong>S\u00e3o Paulo, julho de 2025 &#8211;<\/strong>&nbsp;Lan\u00e7ado na \u00faltima sexta-feira (11), pelo selo&nbsp;<strong>THIS IS NOT A LABEL<\/strong>, o novo \u00e1lbum de&nbsp;<strong>Illusionize<\/strong>, \u201c11\u201d, traz entre suas faixas mais surpreendentes&nbsp;<strong>\u201cMarijuana\u201d<\/strong>, colabora\u00e7\u00e3o com&nbsp;<strong>DJ Glen<\/strong>&nbsp;e participa\u00e7\u00e3o da cantora mexicana&nbsp;<strong>Emy Perez<\/strong>. A m\u00fasica foge do \u00f3bvio e entrega uma sonoridade org\u00e2nica, experimental e intensamente latina. Ou\u00e7a&nbsp;<a href=\"https:\/\/open.spotify.com\/track\/08sYdha07DVUy7rrsPvIHY?si=5d0SLKNfTXeY4FgiVdFKCQ\" rel=\"noreferrer noopener\" target=\"_blank\"><strong>aqui<\/strong><\/a>!<\/p>\n\n\n\n<p><strong><em><a href=\"https:\/\/open.spotify.com\/track\/08sYdha07DVUy7rrsPvIHY?si=5d0SLKNfTXeY4FgiVdFKCQ\">Player Spotify<\/a><\/em><\/strong><\/p>\n\n\n\n<p>A track combina vocais escritos e interpretados por Perez com a produ\u00e7\u00e3o anal\u00f3gica e ousada de Glen e o groove de pista refinado de Illusionize, refletindo a nova fase do artista com seu projeto&nbsp;<strong>Good Times<\/strong>.<\/p>\n\n\n\n<p>Do ponto de vista t\u00e9cnico, a constru\u00e7\u00e3o partiu da inten\u00e7\u00e3o de evitar batidas convencionais no in\u00edcio. Glen criou os synths e a linha de tens\u00e3o de forma totalmente anal\u00f3gica, enquanto Illusionize injetou a batida dan\u00e7ante que conecta a m\u00fasica \u00e0s pistas. O resultado \u00e9 um som com identidade pr\u00f3pria, que caminha por paisagens sonoras pouco exploradas no cen\u00e1rio eletr\u00f4nico nacional.<\/p>\n\n\n\n<blockquote class=\"wp-block-quote is-layout-flow wp-block-quote-is-layout-flow\">\n<p>\u201c\u00c9 raro e necess\u00e1rio artistas que arriscam no mainstream brasileiro e lan\u00e7am sons que saem dos r\u00f3tulos\u201d, pontua DJ Glen.&nbsp;<\/p>\n<\/blockquote>\n\n\n\n<p>A estreia ao vivo aconteceu em uma data simb\u00f3lica: o anivers\u00e1rio de Illusionize no&nbsp;<strong>Laroc Club<\/strong>, um dos palcos mais emblem\u00e1ticos do pa\u00eds, em 2024. A ocasi\u00e3o marcou n\u00e3o s\u00f3 a estreia de \u201cMarijuana\u201d, como tamb\u00e9m a celebra\u00e7\u00e3o de uma parceria entre dois dos nomes mais influentes da cena eletr\u00f4nica nacional. A mesma noite especial est\u00e1 programada para acontecer novamente em agosto, prometendo mais um momento imperd\u00edvel para os f\u00e3s.<\/p>\n\n\n\n<p>A collab \u00e9, portanto, uma afirma\u00e7\u00e3o de liberdade est\u00e9tica, cultural e musical. Uma ponte entre Brasil, M\u00e9xico e o mundo, entre o som da pista e a introspec\u00e7\u00e3o, entre o org\u00e2nico e o sint\u00e9tico. E, acima de tudo, um exemplo claro de como a m\u00fasica eletr\u00f4nica brasileira pode (e deve) ser plural, desafiadora e surpreendente.<\/p>\n\n\n\n<p><\/p>\n","protected":false},"excerpt":{"rendered":"<p>Faixa faz parte de \u201c11\u201d, novo \u00e1lbum de Illusionize lan\u00e7ado na \u00faltima sexta-feira (11) S\u00e3o Paulo, julho de 2025 &#8211;&nbsp;Lan\u00e7ado na \u00faltima sexta-feira (11), pelo selo&nbsp;THIS IS NOT A LABEL, o novo \u00e1lbum de&nbsp;Illusionize, \u201c11\u201d, traz entre suas faixas mais surpreendentes&nbsp;\u201cMarijuana\u201d, colabora\u00e7\u00e3o com&nbsp;DJ Glen&nbsp;e participa\u00e7\u00e3o da cantora mexicana&nbsp;Emy Perez. A m\u00fasica foge do \u00f3bvio e [&hellip;]<\/p>\n","protected":false},"author":3,"featured_media":4640,"comment_status":"closed","ping_status":"closed","sticky":false,"template":"","format":"standard","meta":{"pagelayer_contact_templates":[],"_pagelayer_content":"","footnotes":""},"categories":[158,157,160],"tags":[171,174,682,170,626,168,169,674,637,279],"class_list":["post-4639","post","type-post","status-publish","format-standard","has-post-thumbnail","hentry","category-lancamentos","category-news","category-noticias-populares","tag-afro-house","tag-dj","tag-dj-glen","tag-edm","tag-groove","tag-hard-techno","tag-house","tag-illusionize","tag-melodic","tag-musica-eletronica-3"],"_links":{"self":[{"href":"https:\/\/droptimes.com.br\/site\/wp-json\/wp\/v2\/posts\/4639","targetHints":{"allow":["GET"]}}],"collection":[{"href":"https:\/\/droptimes.com.br\/site\/wp-json\/wp\/v2\/posts"}],"about":[{"href":"https:\/\/droptimes.com.br\/site\/wp-json\/wp\/v2\/types\/post"}],"author":[{"embeddable":true,"href":"https:\/\/droptimes.com.br\/site\/wp-json\/wp\/v2\/users\/3"}],"replies":[{"embeddable":true,"href":"https:\/\/droptimes.com.br\/site\/wp-json\/wp\/v2\/comments?post=4639"}],"version-history":[{"count":1,"href":"https:\/\/droptimes.com.br\/site\/wp-json\/wp\/v2\/posts\/4639\/revisions"}],"predecessor-version":[{"id":4641,"href":"https:\/\/droptimes.com.br\/site\/wp-json\/wp\/v2\/posts\/4639\/revisions\/4641"}],"wp:featuredmedia":[{"embeddable":true,"href":"https:\/\/droptimes.com.br\/site\/wp-json\/wp\/v2\/media\/4640"}],"wp:attachment":[{"href":"https:\/\/droptimes.com.br\/site\/wp-json\/wp\/v2\/media?parent=4639"}],"wp:term":[{"taxonomy":"category","embeddable":true,"href":"https:\/\/droptimes.com.br\/site\/wp-json\/wp\/v2\/categories?post=4639"},{"taxonomy":"post_tag","embeddable":true,"href":"https:\/\/droptimes.com.br\/site\/wp-json\/wp\/v2\/tags?post=4639"}],"curies":[{"name":"wp","href":"https:\/\/api.w.org\/{rel}","templated":true}]}}