{"id":4599,"date":"2025-07-15T15:03:27","date_gmt":"2025-07-15T12:03:27","guid":{"rendered":"https:\/\/droptimes.com.br\/site\/?p=4599"},"modified":"2025-07-15T15:03:28","modified_gmt":"2025-07-15T12:03:28","slug":"festival-cores-de-buzios-anuncia-programacao","status":"publish","type":"post","link":"https:\/\/droptimes.com.br\/site\/festival-cores-de-buzios-anuncia-programacao\/","title":{"rendered":"Festival Cores de B\u00fazios anuncia programa\u00e7\u00e3o"},"content":{"rendered":"\n<p>E<em>ntre m\u00fasica, arte, bem-estar e gastronomia, evento acontece no dia 26 de julho<\/em><\/p>\n\n\n\n<p>O&nbsp;<strong>Cores de B\u00fazios<\/strong>&nbsp;estreia na Regi\u00e3o dos Lagos, no Rio de Janeiro, no dia 26 de julho. Com&nbsp;i<a href=\"https:\/\/gmail.us22.list-manage.com\/track\/click?u=7a86e638012668149025d8237&amp;id=7eea343df7&amp;e=ec09cd488c\" target=\"_blank\" rel=\"noreferrer noopener\">ngressos \u00e0 venda na plataforma Ingresse<\/a>, o festival concentra m\u00fasica, gastronomia, cultura local, bem estar, educa\u00e7\u00e3o criativa e natureza em um s\u00f3 lugar.<\/p>\n\n\n\n<p>Com uma programa\u00e7\u00e3o vasta, que contempla a estrutura completa do Clube Aret\u00ea B\u00fazios, o festival acontece das 13h \u00e0s 22h, com op\u00e7\u00f5es que contemplam os gostos de diferentes pessoas, com &nbsp;realiza\u00e7\u00e3o do&nbsp;<strong>Grupo Privil\u00e8ge<\/strong>, em parceria com a&nbsp;<strong>mango,<\/strong>&nbsp;ag\u00eancia criativa e laborat\u00f3rio cultural do Rio.<\/p>\n\n\n\n<p>O line-up de shows conta com os headliners&nbsp;<strong>Marcelo Falc\u00e3o<\/strong>&nbsp;(19h) e&nbsp;<strong>BaianaSystem&nbsp;<\/strong>(20h30), al\u00e9m de Gira Vinil (13h), S\u00f4 Lyma (14h30), Bora Jam ETC &#8211; com Amanda Coronha, Rafael Cardoso e Rosalu (16h) e Baile do Marley (17h30).<\/p>\n\n\n\n<p>Com o Sabores de B\u00fazios, chefs e restaurantes renomados se encontram com a cultura local na parte gastron\u00f4mica do evento. S\u00e3o eles: Tawa Beach (chef Pedro Paulo Machado), San Telmo (chef Mar\u00eda Jos\u00e9 Rodrigues), Belli Belli Gastrobar (chef Robert Dariio), Sanse Caf\u00e9 (chef Raissa Vitova), Jub\u00e1 (chefs Jo\u00e3o Yoshida e Maria Vit\u00f3ria), Cantinho da Batata (chef Marcelo Michels), Nami Gastrobar (chef Jo\u00e3o Yoshida), Fofoca (chef Rodrigo Trist\u00e3o) e Salt (chef Ricardo Ferreira).<\/p>\n\n\n\n<p>H\u00e1 espa\u00e7o tamb\u00e9m para uma feirinha de arte, com artes\u00e3os, coletivos e artistas de diferentes t\u00e9cnicas. Entre os participantes, est\u00e3o: Ana Caires (arte t\u00eaxtil), Andrea Albuquerque (design &amp; sustentabilidade), Eva Gomes (fibras naturais), Helio Pellegrino (cer\u00e2mica, m\u00f3biles e esculturas), Kahaya Studio (velas), Kamil &amp; Margem Cer\u00e2mica, Luiz Randon Atelier (estamparia artesanal sobre tecidos), Meu querido Cafe B\u00fazios, Quintal Plantas, Rosa Girardi (tape\u00e7aria), Sotake (roupas) e Yogano (cosm\u00e9ticos).<\/p>\n\n\n\n<p>Al\u00e9m disso, o p\u00fablico poder\u00e1 participar de oficinas gratuitas de arte, com vagas limitadas, podendo aprender Over Glaze &#8211; Pintura em cer\u00e2mica com Kamil &amp; Margem Cer\u00e2mica (13h30), Fibras Naturais com Eva Gomes (14h30), Saboaria com Yogano (15h30), Kokedama com Quintal Plantas (16h30) e Workshop com Meu Querido Caf\u00e9 B\u00fazios (17h30).<\/p>\n\n\n\n<figure class=\"wp-block-image size-large\"><img fetchpriority=\"high\" decoding=\"async\" width=\"1024\" height=\"667\" src=\"https:\/\/droptimes.com.br\/site\/wp-content\/uploads\/2025\/07\/image-108-1024x667.png\" alt=\"\" class=\"wp-image-4602\" srcset=\"https:\/\/droptimes.com.br\/site\/wp-content\/uploads\/2025\/07\/image-108-1024x667.png 1024w, https:\/\/droptimes.com.br\/site\/wp-content\/uploads\/2025\/07\/image-108-300x195.png 300w, https:\/\/droptimes.com.br\/site\/wp-content\/uploads\/2025\/07\/image-108-768x500.png 768w, https:\/\/droptimes.com.br\/site\/wp-content\/uploads\/2025\/07\/image-108.png 1115w\" sizes=\"(max-width: 1024px) 100vw, 1024px\" \/><\/figure>\n\n\n\n<p>Pensar no bem-estar tamb\u00e9m est\u00e1 no escopo do Cores de B\u00fazios, por isso o festival oferece uma \u00e1rea para descanso e relax em combina\u00e7\u00e3o com pr\u00e1ticas de terapias hol\u00edsticas do Spa Ligia Maharani de forma gratuita, das 13h \u00e0s 18h.<\/p>\n\n\n\n<p>H\u00e1 tamb\u00e9m a possibilidade de adquirir ingressos separadamente e antecipadamente na plataforma Ingresse para a Healthy Morning by Oca Community, que acontece antes do in\u00edcio do festival, com uma s\u00e9rie de atividades para mente e para o corpo. Para os adultos, h\u00e1 alongamento Yoga Pocket (7h), corrida de 5km no Mirante Aret\u00ea (8h), breathwork (9h), imers\u00e3o no gelo (10h) e caf\u00e9 com m\u00fasica ao som de DJ (10h30). J\u00e1 para as crian\u00e7as, o clubinho com atividades l\u00fadicas funciona das 7h \u00e0s 10h30, seguido do caf\u00e9 da manh\u00e3.<\/p>\n\n\n\n<p>O Cores de B\u00fazios tamb\u00e9m conta com Espa\u00e7o Kids com atividades criativas durante o festival, das 13h \u00e0s 22h, que tamb\u00e9m pode ser adquirido separadamente e antecipadamente.<\/p>\n\n\n\n<p>H\u00e1 ainda oficinas gratuitas dentro do festival, como: Pintura by O CLUBINHO (13h e 15h30), Pipa by O CLUBINHO (13h30 e 16h), Plantio by ARET\u00ca (14h e 16h30), Traquinagem Voadora by MARIA MOLE (14h30 e 17h) e Slime by O CLUBINHO (15h e 17h30).<\/p>\n\n\n\n<p>Por fim, os amantes de atividades f\u00edsicas podem se divertir das 13h \u00e0s 18h na Arena de Esportes, com altinha, futmesa, slackline e minigolfe.<\/p>\n\n\n\n<figure class=\"wp-block-image size-large\"><img decoding=\"async\" width=\"819\" height=\"1024\" src=\"https:\/\/droptimes.com.br\/site\/wp-content\/uploads\/2025\/07\/image-107-819x1024.png\" alt=\"\" class=\"wp-image-4601\" srcset=\"https:\/\/droptimes.com.br\/site\/wp-content\/uploads\/2025\/07\/image-107-819x1024.png 819w, https:\/\/droptimes.com.br\/site\/wp-content\/uploads\/2025\/07\/image-107-240x300.png 240w, https:\/\/droptimes.com.br\/site\/wp-content\/uploads\/2025\/07\/image-107-768x960.png 768w, https:\/\/droptimes.com.br\/site\/wp-content\/uploads\/2025\/07\/image-107.png 1080w\" sizes=\"(max-width: 819px) 100vw, 819px\" \/><\/figure>\n\n\n\n<p><strong>Acompanhe Privil\u00e8ge B\u00fazios:&nbsp;<\/strong><a href=\"https:\/\/gmail.us22.list-manage.com\/track\/click?u=7a86e638012668149025d8237&amp;id=171b3b3121&amp;e=ec09cd488c\" target=\"_blank\" rel=\"noreferrer noopener\">Instagram<\/a><\/p>\n\n\n\n<p><strong>Acompanhe Festival Cores de B\u00fazios:\u00a0<\/strong><a href=\"https:\/\/gmail.us22.list-manage.com\/track\/click?u=7a86e638012668149025d8237&amp;id=48f4ac97b1&amp;e=ec09cd488c\" target=\"_blank\" rel=\"noreferrer noopener\">Instagram<\/a>\u00a0<\/p>\n\n\n\n<p><strong>Servi\u00e7o<\/strong><\/p>\n\n\n\n<p><strong>Festival Cores de B\u00fazios<\/strong><\/p>\n\n\n\n<p><strong>Data:<\/strong>&nbsp;26 de julho de 2025<\/p>\n\n\n\n<p><strong>Hor\u00e1rio:<\/strong>&nbsp;das 13h at\u00e9 23h<\/p>\n\n\n\n<p><strong>Local:&nbsp;<\/strong>Clube Aret\u00ea B\u00fazios (Av. Jos\u00e9 Bento Ribeiro Dantas, 8300 &#8211; Vila Luiza, Arma\u00e7\u00e3o dos B\u00fazios &#8211; RJ)<\/p>\n\n\n\n<p><strong>Atra\u00e7\u00f5es:&nbsp;<\/strong>Baianasystem, Marcelo Falc\u00e3o, ETC apresenta Bora Jam convida: Amanda Coronha, Murilo Motta, Rafael Cardoso e Rosalu<\/p>\n\n\n\n<p><strong>Ingressos:\u00a0<\/strong>sujeito a disponibilidade de lote via <a href=\"http:\/\/ingresse.com\/cores-de-buzios\/\">Ingresse<\/a> nas modalidades Meia Entrada \/ Meia Solid\u00e1ria (mediante doa\u00e7\u00e3o de 1kg de alimento n\u00e3o perec\u00edvel na entrada do evento) e Ingresso Juvenil &#8211; 6 a 14 anos (mediante doa\u00e7\u00e3o de 1kg de alimento n\u00e3o perec\u00edvel na entrada do evento).<\/p>\n\n\n\n<p><strong>Servi\u00e7o<\/strong><\/p>\n\n\n\n<p><strong>\u00c1rea Kids by O CLUBINHO [day use]<\/strong><\/p>\n\n\n\n<p><strong>Data:<\/strong>&nbsp;26 de julho de 2025<\/p>\n\n\n\n<p><strong>Hor\u00e1rio:<\/strong>&nbsp;das 13h at\u00e9 23h<\/p>\n\n\n\n<p><strong>Local:&nbsp;<\/strong>Clube Aret\u00ea B\u00fazios (Av. Jos\u00e9 Bento Ribeiro Dantas, 8300 &#8211; Vila Luiza, Arma\u00e7\u00e3o dos B\u00fazios &#8211; RJ)<\/p>\n\n\n\n<p><strong>Ingressos day use kids [n\u00e3o inclui entrada]:\u00a0<\/strong>via <a href=\"http:\/\/ingresse.com\/cores-de-buzios\/\">Ingresse<\/a> <\/p>\n\n\n\n<p><strong>Servi\u00e7o<\/strong><\/p>\n\n\n\n<p><strong>Healthy Morning by Oca Community<\/strong><\/p>\n\n\n\n<p><strong>Data:<\/strong>&nbsp;26 de julho de 2025<\/p>\n\n\n\n<p><strong>Hor\u00e1rio:<\/strong>&nbsp;das 7h \u00e0s 11h<\/p>\n\n\n\n<p><strong>Local:&nbsp;<\/strong>Clube Aret\u00ea B\u00fazios (Av. Jos\u00e9 Bento Ribeiro Dantas, 8300 &#8211; Vila Luiza, Arma\u00e7\u00e3o dos B\u00fazios &#8211; RJ)<\/p>\n\n\n\n<p><strong>Ingressos [n\u00e3o inclui entrada]:\u00a0<\/strong>via <a href=\"http:\/\/ingresse.com\/cores-de-buzios\/\">Ingresse <\/a><\/p>\n\n\n\n<p><\/p>\n","protected":false},"excerpt":{"rendered":"<p>Entre m\u00fasica, arte, bem-estar e gastronomia, evento acontece no dia 26 de julho O&nbsp;Cores de B\u00fazios&nbsp;estreia na Regi\u00e3o dos Lagos, no Rio de Janeiro, no dia 26 de julho. Com&nbsp;ingressos \u00e0 venda na plataforma Ingresse, o festival concentra m\u00fasica, gastronomia, cultura local, bem estar, educa\u00e7\u00e3o criativa e natureza em um s\u00f3 lugar. Com uma programa\u00e7\u00e3o [&hellip;]<\/p>\n","protected":false},"author":3,"featured_media":4600,"comment_status":"closed","ping_status":"closed","sticky":false,"template":"","format":"standard","meta":{"pagelayer_contact_templates":[],"_pagelayer_content":"","footnotes":""},"categories":[20,157],"tags":[171,370,174,626,168,169,675,637,279],"class_list":["post-4599","post","type-post","status-publish","format-standard","has-post-thumbnail","hentry","category-lifestyle","category-news","tag-afro-house","tag-cores-de-buzios","tag-dj","tag-groove","tag-hard-techno","tag-house","tag-julho","tag-melodic","tag-musica-eletronica-3"],"_links":{"self":[{"href":"https:\/\/droptimes.com.br\/site\/wp-json\/wp\/v2\/posts\/4599","targetHints":{"allow":["GET"]}}],"collection":[{"href":"https:\/\/droptimes.com.br\/site\/wp-json\/wp\/v2\/posts"}],"about":[{"href":"https:\/\/droptimes.com.br\/site\/wp-json\/wp\/v2\/types\/post"}],"author":[{"embeddable":true,"href":"https:\/\/droptimes.com.br\/site\/wp-json\/wp\/v2\/users\/3"}],"replies":[{"embeddable":true,"href":"https:\/\/droptimes.com.br\/site\/wp-json\/wp\/v2\/comments?post=4599"}],"version-history":[{"count":1,"href":"https:\/\/droptimes.com.br\/site\/wp-json\/wp\/v2\/posts\/4599\/revisions"}],"predecessor-version":[{"id":4603,"href":"https:\/\/droptimes.com.br\/site\/wp-json\/wp\/v2\/posts\/4599\/revisions\/4603"}],"wp:featuredmedia":[{"embeddable":true,"href":"https:\/\/droptimes.com.br\/site\/wp-json\/wp\/v2\/media\/4600"}],"wp:attachment":[{"href":"https:\/\/droptimes.com.br\/site\/wp-json\/wp\/v2\/media?parent=4599"}],"wp:term":[{"taxonomy":"category","embeddable":true,"href":"https:\/\/droptimes.com.br\/site\/wp-json\/wp\/v2\/categories?post=4599"},{"taxonomy":"post_tag","embeddable":true,"href":"https:\/\/droptimes.com.br\/site\/wp-json\/wp\/v2\/tags?post=4599"}],"curies":[{"name":"wp","href":"https:\/\/api.w.org\/{rel}","templated":true}]}}