{"id":4590,"date":"2025-07-11T21:29:10","date_gmt":"2025-07-11T18:29:10","guid":{"rendered":"https:\/\/droptimes.com.br\/site\/?p=4590"},"modified":"2025-07-11T21:29:11","modified_gmt":"2025-07-11T18:29:11","slug":"illusionize-lanca-album-11-e-marca-nova-fase-na-carreira","status":"publish","type":"post","link":"https:\/\/droptimes.com.br\/site\/illusionize-lanca-album-11-e-marca-nova-fase-na-carreira\/","title":{"rendered":"Illusionize lan\u00e7a \u00e1lbum \u201c11\u201d e marca nova fase na carreira"},"content":{"rendered":"\n<p><em>Maturidade, espiritualidade e identidade sonora se encontram no projeto mais pessoal<\/em><\/p>\n\n\n\n<p><em>da carreira do artista, dispon\u00edvel em todas as plataformas digitais via ONErpm<\/em><\/p>\n\n\n\n<p>Em um momento de profundo amadurecimento art\u00edstico e conex\u00e3o interior, <strong>Pedro Mendes<\/strong>, mais conhecido como <strong>Illusionize<\/strong>, apresenta ao mundo <strong>\u201c11\u201d,<\/strong> seu novo \u00e1lbum, lan\u00e7ado em 11 de julho de 2025 pela sua gravadora This Is Not A Label, via ONErpm, em todas as plataformas digitais via ONErpm. Mais do que uma nova obra sonora, \u201c11\u201d \u00e9 uma carta aberta de Pedro para seu p\u00fablico: uma jornada emocional, espiritual e sensorial que sintetiza tudo o que ele viveu, aprendeu e sentiu nos \u00faltimos anos.<\/p>\n\n\n\n<p><a href=\"https:\/\/onerpm.link\/11_illusionize\"><strong>Ou\u00e7a \u201c11\u201d aqui<\/strong><\/a><\/p>\n\n\n\n<p>O n\u00famero 11 \u00e9 o fio condutor do projeto. \u201cEsse n\u00famero e outras sequ\u00eancias semelhantes aparecem o tempo todo na minha vida\u201d, conta Pedro. A partir de seu interesse na numerologia, descobriu que o 11 \u00e9 considerado um n\u00famero mestre, ligado \u00e0 intui\u00e7\u00e3o, ilumina\u00e7\u00e3o e transforma\u00e7\u00e3o, simbolismos que dialogam com os caminhos que o \u00e1lbum prop\u00f5e. Al\u00e9m disso, 2025 marca os 11 anos de carreira solo como Illusionize, o que d\u00e1 ainda mais for\u00e7a ao conceito. <em>\u201cN\u00e3o sei quando exatamente come\u00e7ou, mas ele est\u00e1 comigo desde sempre. O n\u00famero 11 representa a ess\u00eancia do que quero transmitir: minhas viv\u00eancias, minha evolu\u00e7\u00e3o e tudo que estou construindo.\u201d<\/em><\/p>\n\n\n\n<p>Concebido como um reflexo direto de tudo que Pedro viveu nos \u00faltimos anos, \u201c11\u201d \u00e9 um \u00e1lbum composto por 11 faixas, sendo nove lan\u00e7adas em vers\u00f5es GoodTimes Mix, que equilibram com sensibilidade os g\u00eaneros Organic House, Deep House e Afro House.<\/p>\n\n\n\n<p>A curadoria e colabora\u00e7\u00f5es das faixas foi feita com muita \u201cinten\u00e7\u00e3o\u201d, como a primeira faixa do \u00e1lbum, \u201cIntentions\u201d, em colabora\u00e7\u00e3o com Ashibah, j\u00e1 deixa claro. Lan\u00e7ada em 22 de maio, a m\u00fasica foi abra\u00e7ada de imediato pelo p\u00fablico. E em 11 de junho, foi a vez de \u201cSmooth Operator\u201d, uma collab com Visage, seu amigo de longa data, que integrou a forma\u00e7\u00e3o inicial do Illusionize a 12 anos atr\u00e1s. Colabora\u00e7\u00f5es com outros nomes como, Idd Aziz, DJ Glen, Emy Perez e Analu tamb\u00e9m expandem os horizontes da obra,<em> \u201cTenho carinho e respeito por todos que participaram, seja no feat ou at\u00e9 mesmo na pr\u00f3pria produ\u00e7\u00e3o . S\u00e3o artistas que admiro profundamente.\u201d<\/em><\/p>\n\n\n\n<p>Produzir o \u00e1lbum \u201c11\u201d tamb\u00e9m foi um processo de desapego e reinven\u00e7\u00e3o. <em>\u201cTive que desapegar de muitas coisas pra me permitir criar de forma mais livre\u201d<\/em>, conta. E essa liberdade e evolu\u00e7\u00e3o t\u00e9cnica \u00e9 sentida em cada detalhe.<\/p>\n\n\n\n<figure class=\"wp-block-image size-large\"><img fetchpriority=\"high\" decoding=\"async\" width=\"576\" height=\"1024\" src=\"https:\/\/droptimes.com.br\/site\/wp-content\/uploads\/2025\/07\/STORY-576x1024.png\" alt=\"\" class=\"wp-image-4591\" srcset=\"https:\/\/droptimes.com.br\/site\/wp-content\/uploads\/2025\/07\/STORY-576x1024.png 576w, https:\/\/droptimes.com.br\/site\/wp-content\/uploads\/2025\/07\/STORY-169x300.png 169w, https:\/\/droptimes.com.br\/site\/wp-content\/uploads\/2025\/07\/STORY-768x1365.png 768w, https:\/\/droptimes.com.br\/site\/wp-content\/uploads\/2025\/07\/STORY-864x1536.png 864w, https:\/\/droptimes.com.br\/site\/wp-content\/uploads\/2025\/07\/STORY.png 1080w\" sizes=\"(max-width: 576px) 100vw, 576px\" \/><\/figure>\n\n\n\n<p>A escolha de lan\u00e7ar algumas das faixas em vers\u00e3o GoodTimes Mix tamb\u00e9m foi intencional. O GoodTimes, que nasceu em 2015 como um set especial no SoundCloud, tornou-se uma marca, uma label party e, sobretudo, um espa\u00e7o criativo onde Pedro se sente livre para explorar sua musicalidade mais org\u00e2nica e introspectiva. <em>\u201cO GoodTimes \u00e9 onde posso ser eu mesmo, sem amarras ou filtro, aqui eu posso trazer tudo que gosto sem com mais alma. Sinto que me conecto com as pessoas de outra forma\u201d<\/em>, define. Os eventos, que rodam o Brasil com uma proposta de imers\u00e3o, afeto e alta qualidade, auxiliaram na constru\u00e7\u00e3o do \u00e1lbum. <em>\u201cTestei muita coisa ao vivo, fui moldando as faixas a partir dessas conex\u00f5es. O p\u00fablico me inspirou.\u201d<\/em><\/p>\n\n\n\n<p>Lan\u00e7ado de forma totalmente independente, o \u00e1lbum chega ao p\u00fablico por meio da This Is Not a Label, gravadora criada e gerida pelo pr\u00f3prio artista. Essa decis\u00e3o reflete um posicionamento claro: A busca por liberdade criativa e autonomia frente \u00e0s press\u00f5es e amarras do mercado fonogr\u00e1fico tradicional. Em um cen\u00e1rio onde muitos artistas acabam assumindo compromissos contratuais sem compreender todas as implica\u00e7\u00f5es e at\u00e9 mesmo tendo que se adequar a determinada gravadora puramente por capricho das majors, o \u00e1lbum \u201c11\u201d tamb\u00e9m surge como um alerta. \u00c9 um lembrete da import\u00e2ncia de conhecer os pr\u00f3prios direitos e de construir caminhos mais conscientes dentro da ind\u00fastria da m\u00fasica de forma independente.<\/p>\n\n\n\n<p>Ao assumir o controle total de sua obra, desde a concep\u00e7\u00e3o at\u00e9 a distribui\u00e7\u00e3o, Illusionize reafirma sua ess\u00eancia independente, fiel \u00e0s suas convic\u00e7\u00f5es e \u00e0 sua arte. O \u00e1lbum \u00e9 fruto de uma escolha corajosa e estrat\u00e9gica, que valoriza a autenticidade acima de qualquer f\u00f3rmula.<\/p>\n\n\n\n<p>Para Pedro, \u201c11\u201d \u00e9 o resultado de uma jornada que passa pela espiritualidade, pelo amor, pela dedica\u00e7\u00e3o e pela coletividade. <em>\u201cQuero que as pessoas sintam isso tudo vivo, intenso. Que desperte nelas algo bonito. Este \u00e1lbum representa toda minha trajet\u00f3ria nos \u00faltimos anos. \u00c9 feito com maturidade, musicalidade e evolu\u00e7\u00e3o pessoal. E tamb\u00e9m \u00e9 minha forma de mostrar o que considero ser o GoodTimes hoje.\u201d<\/em><\/p>\n\n\n\n<p>\u201c11\u201d n\u00e3o \u00e9 uma ruptura. \u00c9 uma expans\u00e3o da hist\u00f3ria de Illusionize. \u00c9 o encontro entre o artista e o ser humano. E \u00e9 tamb\u00e9m um lembrete poderoso de que grandes transforma\u00e7\u00f5es come\u00e7am de dentro para fora. Como resume o pr\u00f3prio artista: <strong>\u201cA new journey begins from inside to the world\u201d.<\/strong><\/p>\n\n\n\n<p>\u201c11\u201d j\u00e1 est\u00e1 dispon\u00edvel em todas as plataformas digitais via <strong>ONErpm<\/strong>.<\/p>\n\n\n\n<p><\/p>\n","protected":false},"excerpt":{"rendered":"<p>Maturidade, espiritualidade e identidade sonora se encontram no projeto mais pessoal da carreira do artista, dispon\u00edvel em todas as plataformas digitais via ONErpm Em um momento de profundo amadurecimento art\u00edstico e conex\u00e3o interior, Pedro Mendes, mais conhecido como Illusionize, apresenta ao mundo \u201c11\u201d, seu novo \u00e1lbum, lan\u00e7ado em 11 de julho de 2025 pela sua [&hellip;]<\/p>\n","protected":false},"author":3,"featured_media":4592,"comment_status":"closed","ping_status":"closed","sticky":false,"template":"","format":"standard","meta":{"pagelayer_contact_templates":[],"_pagelayer_content":"","footnotes":""},"categories":[158,157],"tags":[673,171,170,626,168,169,637,279,167],"class_list":["post-4590","post","type-post","status-publish","format-standard","has-post-thumbnail","hentry","category-lancamentos","category-news","tag-673","tag-afro-house","tag-edm","tag-groove","tag-hard-techno","tag-house","tag-melodic","tag-musica-eletronica-3","tag-techno"],"_links":{"self":[{"href":"https:\/\/droptimes.com.br\/site\/wp-json\/wp\/v2\/posts\/4590","targetHints":{"allow":["GET"]}}],"collection":[{"href":"https:\/\/droptimes.com.br\/site\/wp-json\/wp\/v2\/posts"}],"about":[{"href":"https:\/\/droptimes.com.br\/site\/wp-json\/wp\/v2\/types\/post"}],"author":[{"embeddable":true,"href":"https:\/\/droptimes.com.br\/site\/wp-json\/wp\/v2\/users\/3"}],"replies":[{"embeddable":true,"href":"https:\/\/droptimes.com.br\/site\/wp-json\/wp\/v2\/comments?post=4590"}],"version-history":[{"count":1,"href":"https:\/\/droptimes.com.br\/site\/wp-json\/wp\/v2\/posts\/4590\/revisions"}],"predecessor-version":[{"id":4593,"href":"https:\/\/droptimes.com.br\/site\/wp-json\/wp\/v2\/posts\/4590\/revisions\/4593"}],"wp:featuredmedia":[{"embeddable":true,"href":"https:\/\/droptimes.com.br\/site\/wp-json\/wp\/v2\/media\/4592"}],"wp:attachment":[{"href":"https:\/\/droptimes.com.br\/site\/wp-json\/wp\/v2\/media?parent=4590"}],"wp:term":[{"taxonomy":"category","embeddable":true,"href":"https:\/\/droptimes.com.br\/site\/wp-json\/wp\/v2\/categories?post=4590"},{"taxonomy":"post_tag","embeddable":true,"href":"https:\/\/droptimes.com.br\/site\/wp-json\/wp\/v2\/tags?post=4590"}],"curies":[{"name":"wp","href":"https:\/\/api.w.org\/{rel}","templated":true}]}}