{"id":4454,"date":"2025-07-03T18:17:43","date_gmt":"2025-07-03T15:17:43","guid":{"rendered":"https:\/\/droptimes.com.br\/site\/?p=4454"},"modified":"2025-07-03T18:17:45","modified_gmt":"2025-07-03T15:17:45","slug":"el-fortin-renasce-com-nova-direcao-e-promete-uma-nova-era-para-a-cena-local","status":"publish","type":"post","link":"https:\/\/droptimes.com.br\/site\/el-fortin-renasce-com-nova-direcao-e-promete-uma-nova-era-para-a-cena-local\/","title":{"rendered":"El Fortin renasce com nova dire\u00e7\u00e3o e promete uma nova era para a cena local"},"content":{"rendered":"\n<p><em>Porto Belo volta a pulsar com a reabertura de um dos clubes mais ic\u00f4nicos do Brasil em 09 de agosto; pr\u00e9-venda dispon\u00edvel a partir de sexta-feira, 04 de julho.<\/em><\/p>\n\n\n\n<p>Depois de anunciar o encerramento de suas atividades em abril, o lend\u00e1rio\u00a0<strong>El Fortin<\/strong>\u00a0est\u00e1 de volta. Nos bastidores, a possibilidade de reabertura surgiu de forma inesperada e o retorno n\u00e3o chega de qualquer forma: no dia\u00a0<strong>09 de agosto<\/strong>, o clube catarinense celebra 20 anos de hist\u00f3ria com um evento que marca tamb\u00e9m uma nova fase, agora com a<strong>\u00a0Co.llab Entretenimento<\/strong>\u00a0se juntando ao time de s\u00f3cios e produtores.<\/p>\n\n\n\n<p>Ser\u00e3o duas pistas ativas na noite de retorno \u2014 Main Stage e Black Tarj \u2014 e os artistas que comp\u00f5em o lineup ser\u00e3o revelados em breve. O que j\u00e1 se sabe \u00e9 que haver\u00e1 estreias marcantes e uma curadoria que percorre diferentes vertentes da m\u00fasica eletr\u00f4nica.&nbsp;<\/p>\n\n\n\n<p>A pr\u00e9-venda de ingressos abre nesta sexta-feira, 04, e o cadastro j\u00e1 pode ser feito&nbsp;<a href=\"https:\/\/elfortin.com.br\/?fbclid=PAQ0xDSwLSSbVleHRuA2FlbQIxMQABp-LejQHl1U7z8LkGgx2hzEtY9oPYD0oCrbSiP3cPIsNZpluZ-15YyEpFKtjh_aem_tn6WuUx8qAM2tlxjquM_iQ\" rel=\"noreferrer noopener\" target=\"_blank\"><strong>aqui<\/strong><\/a>.&nbsp;<\/p>\n\n\n\n<p><strong>O legado do El Fortin<\/strong><\/p>\n\n\n\n<p>Situada em Porto Belo\/SC, a casa noturna foi um dos pilares da m\u00fasica eletr\u00f4nica no Brasil desde sua inaugura\u00e7\u00e3o em 2006, mantendo-se fiel ao lema que a eternizou: \u201csem r\u00f3tulos, sem preconceito, apenas amor \u00e0 boa m\u00fasica\u201d. Assim, tornou-se sin\u00f4nimo de resist\u00eancia art\u00edstica, curadoria ousada e experi\u00eancias transformadoras que uniram diferentes gera\u00e7\u00f5es de ravers.<\/p>\n\n\n\n<p>O El Fortin se consagrou por sua estrutura singular, com tr\u00eas pistas distintas que abra\u00e7avam diferentes universos da m\u00fasica eletr\u00f4nica. O&nbsp;<strong>Main Stage<\/strong>&nbsp;tornou-se refer\u00eancia para o tech house, o techno e os grandes nomes da cena nacional. A&nbsp;<strong>Black Tarj<\/strong>, sua pista de high BPM, cultuou por anos a cultura trance e se tornou o cora\u00e7\u00e3o pulsante da cena alternativa. J\u00e1 a&nbsp;<strong>Yard<\/strong>, com seu toque mais conceitual e introspectivo, sempre deu espa\u00e7o \u00e0 house, ao minimal e \u00e0s sonoridades experimentais.<\/p>\n\n\n\n<figure class=\"wp-block-image size-large\"><img fetchpriority=\"high\" decoding=\"async\" width=\"1024\" height=\"680\" src=\"https:\/\/droptimes.com.br\/site\/wp-content\/uploads\/2025\/07\/image-34-1024x680.png\" alt=\"\" class=\"wp-image-4457\" srcset=\"https:\/\/droptimes.com.br\/site\/wp-content\/uploads\/2025\/07\/image-34-1024x680.png 1024w, https:\/\/droptimes.com.br\/site\/wp-content\/uploads\/2025\/07\/image-34-300x199.png 300w, https:\/\/droptimes.com.br\/site\/wp-content\/uploads\/2025\/07\/image-34-768x510.png 768w, https:\/\/droptimes.com.br\/site\/wp-content\/uploads\/2025\/07\/image-34-1536x1020.png 1536w, https:\/\/droptimes.com.br\/site\/wp-content\/uploads\/2025\/07\/image-34.png 1600w\" sizes=\"(max-width: 1024px) 100vw, 1024px\" \/><\/figure>\n\n\n\n<p>Nomes como&nbsp;<strong>Stephan Bodzin, Green Velvet, Oliver Huntemann, Claptone, Marc Houle, Pleasurekraft, Captain Hook, Neelix, Boris Brejcha<\/strong>, entre muitos outros, passaram por l\u00e1 \u2014 ajudando a consolidar o clube como refer\u00eancia global. Em 2019, chegou \u00e0 23\u00aa posi\u00e7\u00e3o no ranking mundial da&nbsp;<strong>DJ Mag<\/strong>, comprovando seu impacto internacional.<\/p>\n\n\n\n<p>Agora, com 20 anos de hist\u00f3ria e uma reabertura que simboliza um novo f\u00f4lego, o El Fortin mostra que \u00e9 poss\u00edvel honrar o passado enquanto se constr\u00f3i o futuro.<\/p>\n\n\n\n<p><strong>Servi\u00e7o<\/strong><\/p>\n\n\n\n<p><strong><em>El Fortin 20 Anos<\/em><\/strong><\/p>\n\n\n\n<p><strong>Local<\/strong>: El Fortin &#8211;&nbsp;<a href=\"https:\/\/www.google.com\/maps\/place\/el+fortin\/data=!4m2!3m1!1s0x94d8af6ec32bd641:0x47ac22efa71d67a1?sa=X&amp;ved=1t:242&amp;ictx=111\" rel=\"noreferrer noopener\" target=\"_blank\">R. Izidoro Bernardino Batista, s \/ n, Porto Belo &#8211; SC<\/a><\/p>\n\n\n\n<p><strong>Data<\/strong>: 09\/08 (s\u00e1bado)<\/p>\n\n\n\n<p><strong>Hor\u00e1rio<\/strong>: Em breve<\/p>\n\n\n\n<p><strong>Atra\u00e7\u00f5es<\/strong>:&nbsp;Em breve<\/p>\n\n\n\n<p><strong>Ingressos<\/strong>: Cadastro para pr\u00e9-venda&nbsp;<a href=\"https:\/\/elfortin.com.br\/?fbclid=PAQ0xDSwLSSbVleHRuA2FlbQIxMQABp-LejQHl1U7z8LkGgx2hzEtY9oPYD0oCrbSiP3cPIsNZpluZ-15YyEpFKtjh_aem_tn6WuUx8qAM2tlxjquM_iQ\" rel=\"noreferrer noopener\" target=\"_blank\">aqui<\/a>.<\/p>\n","protected":false},"excerpt":{"rendered":"<p>Porto Belo volta a pulsar com a reabertura de um dos clubes mais ic\u00f4nicos do Brasil em 09 de agosto; pr\u00e9-venda dispon\u00edvel a partir de sexta-feira, 04 de julho. Depois de anunciar o encerramento de suas atividades em abril, o lend\u00e1rio\u00a0El Fortin\u00a0est\u00e1 de volta. Nos bastidores, a possibilidade de reabertura surgiu de forma inesperada e [&hellip;]<\/p>\n","protected":false},"author":3,"featured_media":4456,"comment_status":"closed","ping_status":"closed","sticky":false,"template":"","format":"standard","meta":{"pagelayer_contact_templates":[],"_pagelayer_content":"","footnotes":""},"categories":[20,157],"tags":[171,174,644,626,168,169,637,279,645,646,167],"class_list":["post-4454","post","type-post","status-publish","format-standard","has-post-thumbnail","hentry","category-lifestyle","category-news","tag-afro-house","tag-dj","tag-el-fortin","tag-groove","tag-hard-techno","tag-house","tag-melodic","tag-musica-eletronica-3","tag-porto-belo","tag-santa-catarina","tag-techno"],"_links":{"self":[{"href":"https:\/\/droptimes.com.br\/site\/wp-json\/wp\/v2\/posts\/4454","targetHints":{"allow":["GET"]}}],"collection":[{"href":"https:\/\/droptimes.com.br\/site\/wp-json\/wp\/v2\/posts"}],"about":[{"href":"https:\/\/droptimes.com.br\/site\/wp-json\/wp\/v2\/types\/post"}],"author":[{"embeddable":true,"href":"https:\/\/droptimes.com.br\/site\/wp-json\/wp\/v2\/users\/3"}],"replies":[{"embeddable":true,"href":"https:\/\/droptimes.com.br\/site\/wp-json\/wp\/v2\/comments?post=4454"}],"version-history":[{"count":1,"href":"https:\/\/droptimes.com.br\/site\/wp-json\/wp\/v2\/posts\/4454\/revisions"}],"predecessor-version":[{"id":4458,"href":"https:\/\/droptimes.com.br\/site\/wp-json\/wp\/v2\/posts\/4454\/revisions\/4458"}],"wp:featuredmedia":[{"embeddable":true,"href":"https:\/\/droptimes.com.br\/site\/wp-json\/wp\/v2\/media\/4456"}],"wp:attachment":[{"href":"https:\/\/droptimes.com.br\/site\/wp-json\/wp\/v2\/media?parent=4454"}],"wp:term":[{"taxonomy":"category","embeddable":true,"href":"https:\/\/droptimes.com.br\/site\/wp-json\/wp\/v2\/categories?post=4454"},{"taxonomy":"post_tag","embeddable":true,"href":"https:\/\/droptimes.com.br\/site\/wp-json\/wp\/v2\/tags?post=4454"}],"curies":[{"name":"wp","href":"https:\/\/api.w.org\/{rel}","templated":true}]}}