{"id":4429,"date":"2025-07-02T19:22:31","date_gmt":"2025-07-02T16:22:31","guid":{"rendered":"https:\/\/droptimes.com.br\/site\/?p=4429"},"modified":"2025-07-02T19:22:32","modified_gmt":"2025-07-02T16:22:32","slug":"indie-dance-emocao-e-vanguarda-adana-twins-chega-ao-d-edge-rio-nesta-sexta-feira","status":"publish","type":"post","link":"https:\/\/droptimes.com.br\/site\/indie-dance-emocao-e-vanguarda-adana-twins-chega-ao-d-edge-rio-nesta-sexta-feira\/","title":{"rendered":"Indie dance, emo\u00e7\u00e3o e vanguarda: Adana Twins chega ao D-EDGE Rio nesta sexta-feira"},"content":{"rendered":"\n<p><em>Duo alem\u00e3o vem acompanhado por Diogo Accioly, JP Valente, Paula Miranda e Underdogs no lineup<\/em><\/p>\n\n\n\n<p><strong>Rio de Janeiro, julho de 2025 &#8211;<\/strong>&nbsp;O duo alem\u00e3o&nbsp;<strong>Adana Twins<\/strong>&nbsp;est\u00e1 prestes a levar o&nbsp;<strong>D-EDGE Rio<\/strong>&nbsp;a uma viagem hipn\u00f3tica e arrebatadora no dia 04 de julho, uma sexta-feira marcada por intensidade, conex\u00e3o e curadoria impec\u00e1vel.&nbsp;<\/p>\n\n\n\n<p>Na companhia de&nbsp;<strong>Diogo Accioly<\/strong>,<strong>&nbsp;JP Valente<\/strong>,&nbsp;<strong>Paula Miranda<\/strong>&nbsp;e&nbsp;<strong>Underdogs<\/strong>, os mestres do indie dance desembarcam na capital fluminense para um set que promete atravessar camadas emocionais e temporais da m\u00fasica eletr\u00f4nica \u2014 em perfeita sintonia com o esp\u00edrito vanguardista da casa.<\/p>\n\n\n\n<p>Nascidos e criados em Hamburgo,&nbsp;<strong>Benjamin&nbsp;<\/strong>e&nbsp;<strong>Friso&nbsp;<\/strong>fundaram o Adana Twins em 2006, e desde ent\u00e3o v\u00eam moldando um som inconfund\u00edvel que une a sensibilidade mel\u00f3dica do hip-hop com a for\u00e7a pulsante do techno e a atmosfera dram\u00e1tica do synth-pop. Ap\u00f3s o estouro internacional em 2012, os alem\u00e3es consolidaram uma reputa\u00e7\u00e3o s\u00f3lida como produtores vision\u00e1rios, DJs de long sets e curadores sonoros com um olhar apurado para o futuro \u2014 mas sempre dialogando com as ra\u00edzes da pista.<\/p>\n\n\n\n<p>Seu cat\u00e1logo \u00e9 um mosaico sofisticado de lan\u00e7amentos por selos como&nbsp;<strong>Diynamic<\/strong>,&nbsp;<strong>Afterlife<\/strong>,&nbsp;<strong>Watergate<\/strong>,&nbsp;<strong>Kompakt&nbsp;<\/strong>e&nbsp;<strong>Cocoon<\/strong>, al\u00e9m da sua pr\u00f3pria label&nbsp;<strong>TAU<\/strong>, uma plataforma art\u00edstica e sensorial na qual experimentam livremente e lan\u00e7am novos talentos. Hits como \u201cMy Computer\u201d, \u201cUncompromising\u201d, \u201cRoar (Remix)\u201d e suas recentes releituras para&nbsp;<strong>Josh<\/strong>&nbsp;<strong>Wink&nbsp;<\/strong>e&nbsp;<strong>R\u00dcF\u00dcS DU SOL<\/strong>&nbsp;mostram a versatilidade dos Twins, que transitam com maestria entre atmosferas densas, grooves hipn\u00f3ticos e paisagens sonoras quase cinematogr\u00e1ficas.<\/p>\n\n\n\n<p>Esta ser\u00e1 uma das raras oportunidades de vivenciar a intensidade e a carga emocional dos sets do Adana num ambiente intimista e tecnicamente impec\u00e1vel como o D-EDGE Rio, em um lineup que equilibra nomes em ascens\u00e3o e for\u00e7as criativas da cena nacional.<\/p>\n\n\n\n<figure class=\"wp-block-image size-large\"><img fetchpriority=\"high\" decoding=\"async\" width=\"684\" height=\"1024\" src=\"https:\/\/droptimes.com.br\/site\/wp-content\/uploads\/2025\/07\/image-20-684x1024.png\" alt=\"\" class=\"wp-image-4430\" srcset=\"https:\/\/droptimes.com.br\/site\/wp-content\/uploads\/2025\/07\/image-20-684x1024.png 684w, https:\/\/droptimes.com.br\/site\/wp-content\/uploads\/2025\/07\/image-20-200x300.png 200w, https:\/\/droptimes.com.br\/site\/wp-content\/uploads\/2025\/07\/image-20-768x1151.png 768w, https:\/\/droptimes.com.br\/site\/wp-content\/uploads\/2025\/07\/image-20-1025x1536.png 1025w, https:\/\/droptimes.com.br\/site\/wp-content\/uploads\/2025\/07\/image-20.png 1068w\" sizes=\"(max-width: 684px) 100vw, 684px\" \/><\/figure>\n\n\n\n<p><strong>Servi\u00e7o<\/strong><\/p>\n\n\n\n<p><strong><em>D-EDGE Rio presents ADANA TWINS<\/em><\/strong><\/p>\n\n\n\n<p><strong>Local<\/strong>: Centro Cultural D-Edge \u2013&nbsp;<a href=\"https:\/\/www.google.com\/maps\/place\/Av.+Rodrigues+Alves,+293+-+Sa%C3%BAde,+Rio+de+Janeiro+-+RJ,+20220-360\/@-22.8937116,-43.1895756,17z\/data=!3m1!4b1!4m6!3m5!1s0x997f460a397acf:0x3effce0ee6efae2!8m2!3d-22.8937116!4d-43.1895756!16s%2Fg%2F11c4n2s4ws?entry=ttu\" rel=\"noreferrer noopener\" target=\"_blank\">Av. Rodrigues Alves, 293 &#8211; Sa\u00fade, Rio de Janeiro &#8211; RJ, 20220-360<\/a><\/p>\n\n\n\n<p><strong>Atra\u00e7\u00f5es<\/strong>: Adana Twins, Diogo Accioly, JP Valente, Paula Miranda e Underdogs<\/p>\n\n\n\n<p><strong>Data<\/strong>: 04\/07 (sexta-feira)<\/p>\n\n\n\n<p><strong>Hor\u00e1rio<\/strong>: A partir das 23h&nbsp;<\/p>\n\n\n\n<p><strong>Ingressos<\/strong>: A partir de R$ 100,00 (+ taxas) via&nbsp;<a href=\"https:\/\/www.ingresse.com\/d-edge-apresenta-adana-twins\/\" rel=\"noreferrer noopener\" target=\"_blank\">Ingresse<\/a><\/p>\n","protected":false},"excerpt":{"rendered":"<p>Duo alem\u00e3o vem acompanhado por Diogo Accioly, JP Valente, Paula Miranda e Underdogs no lineup Rio de Janeiro, julho de 2025 &#8211;&nbsp;O duo alem\u00e3o&nbsp;Adana Twins&nbsp;est\u00e1 prestes a levar o&nbsp;D-EDGE Rio&nbsp;a uma viagem hipn\u00f3tica e arrebatadora no dia 04 de julho, uma sexta-feira marcada por intensidade, conex\u00e3o e curadoria impec\u00e1vel.&nbsp; Na companhia de&nbsp;Diogo Accioly,&nbsp;JP Valente,&nbsp;Paula Miranda&nbsp;e&nbsp;Underdogs, [&hellip;]<\/p>\n","protected":false},"author":3,"featured_media":4431,"comment_status":"closed","ping_status":"closed","sticky":false,"template":"","format":"standard","meta":{"pagelayer_contact_templates":[],"_pagelayer_content":"","footnotes":""},"categories":[20,157],"tags":[171,439,174,170,626,169,637,279,362,167],"class_list":["post-4429","post","type-post","status-publish","format-standard","has-post-thumbnail","hentry","category-lifestyle","category-news","tag-afro-house","tag-d-edge","tag-dj","tag-edm","tag-groove","tag-house","tag-melodic","tag-musica-eletronica-3","tag-rio-de-janeiro","tag-techno"],"_links":{"self":[{"href":"https:\/\/droptimes.com.br\/site\/wp-json\/wp\/v2\/posts\/4429","targetHints":{"allow":["GET"]}}],"collection":[{"href":"https:\/\/droptimes.com.br\/site\/wp-json\/wp\/v2\/posts"}],"about":[{"href":"https:\/\/droptimes.com.br\/site\/wp-json\/wp\/v2\/types\/post"}],"author":[{"embeddable":true,"href":"https:\/\/droptimes.com.br\/site\/wp-json\/wp\/v2\/users\/3"}],"replies":[{"embeddable":true,"href":"https:\/\/droptimes.com.br\/site\/wp-json\/wp\/v2\/comments?post=4429"}],"version-history":[{"count":1,"href":"https:\/\/droptimes.com.br\/site\/wp-json\/wp\/v2\/posts\/4429\/revisions"}],"predecessor-version":[{"id":4432,"href":"https:\/\/droptimes.com.br\/site\/wp-json\/wp\/v2\/posts\/4429\/revisions\/4432"}],"wp:featuredmedia":[{"embeddable":true,"href":"https:\/\/droptimes.com.br\/site\/wp-json\/wp\/v2\/media\/4431"}],"wp:attachment":[{"href":"https:\/\/droptimes.com.br\/site\/wp-json\/wp\/v2\/media?parent=4429"}],"wp:term":[{"taxonomy":"category","embeddable":true,"href":"https:\/\/droptimes.com.br\/site\/wp-json\/wp\/v2\/categories?post=4429"},{"taxonomy":"post_tag","embeddable":true,"href":"https:\/\/droptimes.com.br\/site\/wp-json\/wp\/v2\/tags?post=4429"}],"curies":[{"name":"wp","href":"https:\/\/api.w.org\/{rel}","templated":true}]}}