{"id":4379,"date":"2025-06-30T15:25:04","date_gmt":"2025-06-30T12:25:04","guid":{"rendered":"https:\/\/droptimes.com.br\/site\/?p=4379"},"modified":"2025-06-30T15:25:29","modified_gmt":"2025-06-30T12:25:29","slug":"armin-van-buuren-se-reivindica-em-nono-album-de-estudio-breathe","status":"publish","type":"post","link":"https:\/\/droptimes.com.br\/site\/armin-van-buuren-se-reivindica-em-nono-album-de-estudio-breathe\/","title":{"rendered":"Armin van Buuren se reivindica em nono \u00e1lbum de est\u00fadio: \u201cBreathe\u201d"},"content":{"rendered":"\n<p><em>Impulsionado por uma mudan\u00e7a no estilo de vida, Armin lan\u00e7a seu \u00e1lbum mais ousado at\u00e9 o momento<\/em><\/p>\n\n\n\n<p>Inspire. Expire. Para o \u00edcone mundial&nbsp;<strong>Armin van Buuren<\/strong>, essas palavras marcam uma profunda jornada pessoal rumo ao equil\u00edbrio, \u00e0 clareza mental e \u00e0 autoaceita\u00e7\u00e3o. Nos \u00faltimos anos, o DJ e produtor holand\u00eas enfrentou desafios pessoais e profissionais que o for\u00e7aram a desacelerar e se realinhar com o que realmente importa. Essa jornada \u00e9 capturada na estrutura em duas partes de seu nono \u00e1lbum de est\u00fadio,&nbsp;<strong>\u201cBreathe\u201d<\/strong>: \u201cBreathe In\u201d, lan\u00e7ado h\u00e1 um ano, e \u201cBreathe Out\u201d, lan\u00e7ado agora. Juntos, eles formam um corpo de trabalho coeso que reflete a transforma\u00e7\u00e3o mental e f\u00edsica de Armin. Mais do que apenas um \u00e1lbum, \u201cBreathe\u201d \u00e9 uma hist\u00f3ria de crescimento, um retorno a si mesmo e um lembrete para fazer uma pausa, refletir e simplesmente respirar. Juntamente com esse renascimento criativo, a dedica\u00e7\u00e3o de Armin para melhorar sua sa\u00fade f\u00edsica o transformou por dentro e por fora.<\/p>\n\n\n\n<p><a href=\"https:\/\/avb.lnk.to\/BreatheAlbum\" rel=\"noreferrer noopener\" target=\"_blank\"><strong>Ou\u00e7a \u201cBreathe\u201d aqui<\/strong><\/a><\/p>\n\n\n\n<p><em>\u201cH\u00e1 cerca de cinco anos, cheguei a um ponto em que n\u00e3o estava realmente feliz, energizado ou presente\u201d<\/em>, diz Armin van Buuren.&nbsp;<em>&#8220;H\u00e1 anos eu estava funcionando no piloto autom\u00e1tico, sempre em busca da pr\u00f3xima coisa. Sentia que estava \u00e0 deriva e precisava acordar.&#8221;<\/em>&nbsp;Essa percep\u00e7\u00e3o deu in\u00edcio a uma transforma\u00e7\u00e3o que durou anos, baseada na introspec\u00e7\u00e3o e no bem-estar, para criar uma mente mais clara e se reconectar consigo mesmo e com a m\u00fasica.&nbsp;<em>&#8220;Levei um tempo para chegar onde estou hoje. N\u00e3o apenas musicalmente, mas em termos de equil\u00edbrio e clareza&#8221;<\/em>, explica Armin van Buuren.&nbsp;<em>&#8220;Tudo o que aprendi, cada passo, cada luta est\u00e1 nesse \u00e1lbum. &#8220;Breathe&#8217; representa um momento de c\u00edrculo completo. Sou eu em paz com quem eu sou, e espero que as pessoas possam ouvir essa liberdade e honestidade na m\u00fasica.&#8221;<\/em><\/p>\n\n\n\n<p>Essa transforma\u00e7\u00e3o pessoal est\u00e1 profundamente entrela\u00e7ada no DNA do \u00e1lbum.&nbsp;<em>\u201cNunca me senti t\u00e3o claro e concentrado no est\u00fadio\u201d<\/em>, compartilha Armin.&nbsp;<em>\u201cCuidar de mim mesmo, mental e fisicamente, me deu o espa\u00e7o para experimentar, colaborar sem press\u00e3o e realmente aproveitar o processo novamente.\u201d<\/em>&nbsp;Foi esse estado de esp\u00edrito renovado que permitiu que Armin produzisse seu trabalho mais extenso at\u00e9 hoje, alimentado pela sensa\u00e7\u00e3o de liberdade para ultrapassar limites e sair da sua zona de conforto.<\/p>\n\n\n\n<p>&#8220;Breathe\u201d apresenta 51 faixas not\u00e1veis que mostram Armin em sua forma mais livre e inspirada de criatividade. De hinos que agradam o p\u00fablico a colabora\u00e7\u00f5es que desafiam g\u00eaneros, incluindo os novos singles \u2018Let It Be For Love\u2019 (com JAI RYU) e \u2018Want Some More\u2019 (com Sam Harper), o \u00e1lbum inclui uma forma\u00e7\u00e3o repleta de estrelas com David Guetta, Bon Jovi, Moby, ALOK, Indira Paganotto, Pendulum &amp; Rob Swire, Oliver Heldens e muito mais. Cada colabora\u00e7\u00e3o reflete a mentalidade ousada de Armin e sua abertura para ultrapassar os limites do g\u00eanero. Tamb\u00e9m s\u00e3o apresentadas as favoritas de longa data do p\u00fablico, \u2018Dream A Little Dream\u2019 (com Sam Gray) e \u2018Gimme The Love\u2019 (com Seth Hills, feat. Alessia Labate).<\/p>\n\n\n\n<figure class=\"wp-block-image\"><img decoding=\"async\" src=\"https:\/\/lh7-rt.googleusercontent.com\/docsz\/AD_4nXflx7dIVTJuh83FYlYsWjq0OmeY2htwCMtG0ym3e4Sy0jU18yUaKyshqmw9mkl6kbNX2sTC48h0KFDmzfgFJBdw-fxJl1bdhbZauQUWKYYfX_UWtKE9j8h_JV3FDeg3qKuKHDSObg?key=nXbLjKGA2cBAukmG-v9TAg\" alt=\"\"\/><\/figure>\n\n\n\n<p>Essa sensa\u00e7\u00e3o de bem-estar se estende para al\u00e9m do est\u00fadio. O caminho de Armin para a clareza mental est\u00e1 intimamente ligado \u00e0 melhoria de sua sa\u00fade f\u00edsica: treinamento regular, alimenta\u00e7\u00e3o consciente e cuidados com o corpo tornaram-se pilares na constru\u00e7\u00e3o de uma vida mais fundamentada e satisfat\u00f3ria.&nbsp;<em>&#8220;Cuidar do meu corpo me ajudou a cuidar da minha mente. Isso me deu energia, foco e, o mais importante, o espa\u00e7o para estar mais presente na vida e na m\u00fasica&#8221;<\/em>, compartilha ele.&nbsp;<em>\u201cEstou mais em forma do que nunca, e isso me tornou mais produtivo, mais criativo e mais apaixonado pelo que fa\u00e7o e por quem sou\u201d<\/em>, compartilha Armin van Buuren. Como parte de sua jornada pessoal, Armin se prop\u00f4s ao desafio de fazer uma sess\u00e3o de fotos para a capa da&nbsp;<em>Men&#8217;s Health<\/em>. Uma maneira de superar seus limites e provar a si mesmo o quanto havia progredido. O que come\u00e7ou como uma meta particular se tornou algo que ele decidiu compartilhar publicamente, agora na capa da edi\u00e7\u00e3o de julho de 2025 da revista, simbolizando o profundo trabalho pessoal nos bastidores.<\/p>\n\n\n\n<p>Com a crescente conscientiza\u00e7\u00e3o sobre as press\u00f5es que os artistas enfrentam, a vis\u00e3o de Armin \u00e9 ajudar a mudar a cultura para uma maior abertura e apoio. Ele explica:&nbsp;<em>&#8220;Percebendo como isso pode acontecer facilmente, como pode afetar sua vida pessoal e sua carreira e como \u00e9 dif\u00edcil controlar, quero ajudar a normalizar as conversas sobre sa\u00fade mental, especialmente neste setor. \u00c9 algo com que tenho lutado h\u00e1 muito tempo e percebi que a vulnerabilidade pode ser uma verdadeira for\u00e7a.&#8221;<\/em>&nbsp;Com \u201cBreathe\u201d, Armin n\u00e3o apenas compartilha sua pr\u00f3pria jornada, mas espera inspirar outras pessoas a abra\u00e7ar a abertura e encontrar seu pr\u00f3prio caminho para a cura, a felicidade e a liberdade criativa.<\/p>\n\n\n\n<p>\u201c<a href=\"https:\/\/avb.lnk.to\/BreatheAlbum\">Breathe<\/a>\u201d j\u00e1 est\u00e1 dispon\u00edvel em todas as plataformas digitais via&nbsp;<strong>ONErpm<\/strong>.<\/p>\n\n\n\n<p><\/p>\n\n\n\n<p><\/p>\n","protected":false},"excerpt":{"rendered":"<p>Impulsionado por uma mudan\u00e7a no estilo de vida, Armin lan\u00e7a seu \u00e1lbum mais ousado at\u00e9 o momento Inspire. Expire. Para o \u00edcone mundial&nbsp;Armin van Buuren, essas palavras marcam uma profunda jornada pessoal rumo ao equil\u00edbrio, \u00e0 clareza mental e \u00e0 autoaceita\u00e7\u00e3o. Nos \u00faltimos anos, o DJ e produtor holand\u00eas enfrentou desafios pessoais e profissionais que [&hellip;]<\/p>\n","protected":false},"author":3,"featured_media":4380,"comment_status":"closed","ping_status":"closed","sticky":false,"template":"","format":"standard","meta":{"pagelayer_contact_templates":[],"_pagelayer_content":"","footnotes":""},"categories":[159,158,157],"tags":[197,627,174,170,626,168,169,279,167,163],"class_list":["post-4379","post","type-post","status-publish","format-standard","has-post-thumbnail","hentry","category-destaques","category-lancamentos","category-news","tag-armin-van-buuren","tag-breathe","tag-dj","tag-edm","tag-groove","tag-hard-techno","tag-house","tag-musica-eletronica-3","tag-techno","tag-tomorrowland"],"_links":{"self":[{"href":"https:\/\/droptimes.com.br\/site\/wp-json\/wp\/v2\/posts\/4379","targetHints":{"allow":["GET"]}}],"collection":[{"href":"https:\/\/droptimes.com.br\/site\/wp-json\/wp\/v2\/posts"}],"about":[{"href":"https:\/\/droptimes.com.br\/site\/wp-json\/wp\/v2\/types\/post"}],"author":[{"embeddable":true,"href":"https:\/\/droptimes.com.br\/site\/wp-json\/wp\/v2\/users\/3"}],"replies":[{"embeddable":true,"href":"https:\/\/droptimes.com.br\/site\/wp-json\/wp\/v2\/comments?post=4379"}],"version-history":[{"count":2,"href":"https:\/\/droptimes.com.br\/site\/wp-json\/wp\/v2\/posts\/4379\/revisions"}],"predecessor-version":[{"id":4382,"href":"https:\/\/droptimes.com.br\/site\/wp-json\/wp\/v2\/posts\/4379\/revisions\/4382"}],"wp:featuredmedia":[{"embeddable":true,"href":"https:\/\/droptimes.com.br\/site\/wp-json\/wp\/v2\/media\/4380"}],"wp:attachment":[{"href":"https:\/\/droptimes.com.br\/site\/wp-json\/wp\/v2\/media?parent=4379"}],"wp:term":[{"taxonomy":"category","embeddable":true,"href":"https:\/\/droptimes.com.br\/site\/wp-json\/wp\/v2\/categories?post=4379"},{"taxonomy":"post_tag","embeddable":true,"href":"https:\/\/droptimes.com.br\/site\/wp-json\/wp\/v2\/tags?post=4379"}],"curies":[{"name":"wp","href":"https:\/\/api.w.org\/{rel}","templated":true}]}}