{"id":4346,"date":"2025-06-25T19:46:21","date_gmt":"2025-06-25T16:46:21","guid":{"rendered":"https:\/\/droptimes.com.br\/site\/?p=4346"},"modified":"2025-06-25T19:46:22","modified_gmt":"2025-06-25T16:46:22","slug":"combinando-sofisticacao-e-potencia-de-pista-duo-alemao-adana-twins-retorna-ao-caos-em-julho","status":"publish","type":"post","link":"https:\/\/droptimes.com.br\/site\/combinando-sofisticacao-e-potencia-de-pista-duo-alemao-adana-twins-retorna-ao-caos-em-julho\/","title":{"rendered":"Combinando sofistica\u00e7\u00e3o e pot\u00eancia de pista, duo alem\u00e3o Adana Twins retorna ao CAOS em julho"},"content":{"rendered":"\n<p><em>Ingressos j\u00e1 dispon\u00edveis para a abertura em 11 de julho, que ter\u00e1 ainda DEPARTAMENTO, Eli Iwasa e Gabi Fischer no lineup<\/em><\/p>\n\n\n\n<p>No pr\u00f3ximo dia 11 de julho, o\u00a0<strong>CAOS\u00a0<\/strong>recebe uma das duplas mais queridas do p\u00fablico \u2014 e que mais deixou saudade desde sua \u00faltima passagem por aqui, em 2022:\u00a0<strong>Adana Twins<\/strong>.<\/p>\n\n\n\n<p>Com sua assinatura sonora que une house e techno com muito groove e emo\u00e7\u00e3o, o duo alem\u00e3o \u00e9 a grande atra\u00e7\u00e3o de uma noite que ainda conta com<strong>&nbsp;Eli Iwasa<\/strong>,&nbsp;<strong>DEPARTAMENTO&nbsp;<\/strong>e&nbsp;<strong>Gabi Fischer<\/strong>&nbsp;no lineup.<\/p>\n\n\n\n<p>A venda de ingressos j\u00e1 est\u00e1 dispon\u00edvel via&nbsp;<a href=\"https:\/\/embedstore.ingresse.com\/tickets\/ingresse.com\/event\/84061?redirect=true&amp;eventid=84061&amp;scsession=494608077514444045684404&amp;client=new-site&amp;event-name=caos-apresenta-adana-twins&amp;env=\" rel=\"noreferrer noopener\" target=\"_blank\">Ingresse<\/a>.<\/p>\n\n\n\n<p><strong>O fen\u00f4meno global Adana Twins<\/strong><\/p>\n\n\n\n<figure class=\"wp-block-image\"><img decoding=\"async\" src=\"https:\/\/lh7-rt.googleusercontent.com\/docsz\/AD_4nXci-UW4fO0N2_JUxGBOfFhlW3N-B-hBQFlMtuCjokcJDg-WP_Vf7kj_iC5rW7rjRVXS8BnbteDHAstM7VwnmrYXSckKr4uoqhsLzcufkyA0mGKu7YXUeZ1N9YFTYSKRsIThy9WTNQ?key=D-4pNEQPNlA0uWVJBebZdg\" alt=\"\"\/><\/figure>\n\n\n\n<p>Formado por&nbsp;<strong>Benjamin e Friso<\/strong>, o Adana Twins \u00e9 um dos grandes nomes do indie dance mundial. Atuando juntos desde 2006, os alem\u00e3es ganharam proje\u00e7\u00e3o global em 2012 e, desde ent\u00e3o, v\u00eam ampliando seus horizontes criativos com produ\u00e7\u00f5es que cruzam passado e futuro \u2014 sempre com uma pegada profunda, sombria e emocional.<\/p>\n\n\n\n<p>Com passagens por clubes e festivais lend\u00e1rios, como&nbsp;<strong>DC-10<\/strong>&nbsp;(Ibiza),&nbsp;<strong>fabric&nbsp;<\/strong>(Londres),&nbsp;<strong>Melt!<\/strong>&nbsp;<strong>Festival&nbsp;<\/strong>(Alemanha),&nbsp;<strong>The Block<\/strong>&nbsp;(Tel Aviv) e o brasileiro&nbsp;<strong>Warung<\/strong>, eles conquistaram n\u00e3o apenas o p\u00fablico, mas tamb\u00e9m lendas como&nbsp;<strong>Solomun<\/strong>,&nbsp;<strong>Tale Of Us<\/strong>&nbsp;e&nbsp;<strong>Pete Tong<\/strong>, que frequentemente tocam seus lan\u00e7amentos.<\/p>\n\n\n\n<p>Seja comandando maratonas de pista, como os long sets que os consagraram, ou com apari\u00e7\u00f5es ic\u00f4nicas como a live para o&nbsp;<strong>Cercle&nbsp;<\/strong>no&nbsp;<strong>Palais Longchamp<\/strong>, em Marselha (mais de um milh\u00e3o de views), o duo imprime personalidade por onde passa.<\/p>\n\n\n\n<p>Al\u00e9m das turn\u00eas, o Adana Twins tamb\u00e9m criou seu pr\u00f3prio selo,&nbsp;<strong>TAU<\/strong>, que se tornou plataforma de lan\u00e7amentos ousados e visualmente marcantes \u2014 unindo arte, design e m\u00fasica com nomes como&nbsp;<strong>Innellea<\/strong>,&nbsp;<strong>Echonomist<\/strong>,&nbsp;<strong>Daniel Bortz<\/strong>&nbsp;e muitos outros.<\/p>\n\n\n\n<p>No Brasil, o duo tem uma rela\u00e7\u00e3o especial com o grupo CAOS, tendo se apresentado em todos os seus clubes \u2014 Club 88, Gate 22, CAOS \u2014 al\u00e9m de marcar presen\u00e7a em uma edi\u00e7\u00e3o hist\u00f3rica do Warung Tour em Campinas.<\/p>\n\n\n\n<p>Nos \u00faltimos anos, destacaram-se com os remixes para&nbsp;<strong>R\u00dcF\u00dcS DU SOL<\/strong>&nbsp;e&nbsp;<strong>Josh Wink<\/strong>, e com lan\u00e7amentos aclamados em selos como&nbsp;<strong>Watergate<\/strong>,&nbsp;<strong>Diynamic<\/strong>,&nbsp;<strong>Kompakt<\/strong>,&nbsp;<strong>Afterlife&nbsp;<\/strong>e&nbsp;<strong>Cocoon<\/strong>. Um repert\u00f3rio que combina sofistica\u00e7\u00e3o e pot\u00eancia de pista \u2014 e que promete incendiar o CAOS.<\/p>\n\n\n\n<p><strong>Eli Iwasa: anfitri\u00e3 e \u00edcone nacional<\/strong><\/p>\n\n\n\n<figure class=\"wp-block-image\"><img decoding=\"async\" src=\"https:\/\/lh7-rt.googleusercontent.com\/docsz\/AD_4nXftbW8ZWu6xMIJFnGWIUzRDl943X6D3oye-8d0M8l-jp1yo26LG3wbLngJBm9et8P-TPiE6F2BZ4kR5HEBw6IwtCfOQLof9L2-uQnqnB_q5zgety0ynEllYLk1BTtvnBApb-BXZfQ?key=D-4pNEQPNlA0uWVJBebZdg\" alt=\"\"\/><figcaption class=\"wp-element-caption\">Foto: Moa Almeida<\/figcaption><\/figure>\n\n\n\n<p>Refer\u00eancia absoluta no cen\u00e1rio eletr\u00f4nico brasileiro,&nbsp;<strong>Eli Iwasa<\/strong>&nbsp;volta \u00e0 cabine do clube que ajudou a fundar carregando na bagagem passagens recentes por H\u00ef Ibiza, Time Warp NY, Brunch Electronik, Garbicz Festival, Lollapalooza Brasil, Rock in Rio, Tomorrowland Brasil e muito mais.&nbsp;<\/p>\n\n\n\n<p>Com mais de duas d\u00e9cadas de trajet\u00f3ria, a DJ e empreendedora \u00e9 presen\u00e7a constante nos maiores festivais do Brasil e do mundo, al\u00e9m de figurar entre as artistas mais influentes do pa\u00eds \u2014 dentro e fora das pistas.<\/p>\n\n\n\n<p><strong>DEPARTAMENTO: a est\u00e9tica do esot\u00e9rico sonoro<\/strong><\/p>\n\n\n\n<figure class=\"wp-block-image\"><img decoding=\"async\" src=\"https:\/\/lh7-rt.googleusercontent.com\/docsz\/AD_4nXfa1bEfWF_7rcEJv02rkHOBEcFdX2odiVOWukx0NeUui9luGMU6NXOcBdV8W2f0TAbL0FIVmH129szxgzAZc0JpN5KeEWDql9JPD4qcvssHrgTOZw8Q_80czqUdrpUxLXjXnLbvIQ?key=D-4pNEQPNlA0uWVJBebZdg\" alt=\"\"\/><\/figure>\n\n\n\n<p>Com uma linguagem que mistura indie dance, est\u00e9tica anos 80 e arte urbana em azul e branco, o coletivo&nbsp;<strong>DEPARTAMENTO&nbsp;<\/strong>chega ao CAOS com seu som magn\u00e9tico e provocativo.&nbsp;<\/p>\n\n\n\n<p>Apoiado por nomes como&nbsp;<strong>R\u00dcF\u00dcS DU SOL<\/strong>,&nbsp;<strong>Solomun<\/strong>,&nbsp;<strong>Diplo&nbsp;<\/strong>e&nbsp;<strong>Vintage Culture<\/strong>, o projeto j\u00e1 assinou remixes para gigantes como&nbsp;<strong>Ti\u00ebsto&nbsp;<\/strong>e&nbsp;<strong>Tears for Fears<\/strong>, e segue em ascens\u00e3o como uma das vozes mais inventivas da cena eletr\u00f4nica luso-brasileira.<\/p>\n\n\n\n<p><strong>Gabi Fischer: for\u00e7a criativa em movimento<\/strong><\/p>\n\n\n\n<figure class=\"wp-block-image\"><img decoding=\"async\" src=\"https:\/\/lh7-rt.googleusercontent.com\/docsz\/AD_4nXefMh7mb-V4Ai1u8f6GsfzVTweRG9C4upN8_O85rah-01UGxWL1RYIDzWvgcw_pQCLUbiOIR9yLxf9-_W-FyhT85qT6reU2dmHfRIswA84A6fP0XbLDgSZISVmFg7YitFgVmdrkjQ?key=D-4pNEQPNlA0uWVJBebZdg\" alt=\"\"\/><\/figure>\n\n\n\n<p>Com forma\u00e7\u00e3o internacional no instituto Catalyst, em Berlim, e uma identidade sonora que atravessa diferentes estilos, Gabi vem se consolidando como um dos nomes mais promissores da cena underground paulistana. DJ, produtora musical e sound designer, ela costura refer\u00eancias que v\u00e3o do house ao trance, passando por balearic, breakbeat, electro e techno \u2014 criando sets din\u00e2micos e carregados de textura.<\/p>\n\n\n\n<p>J\u00e1 passou por pistas e labels como Jerome, D-Edge e Goma Room, al\u00e9m de assinar lan\u00e7amentos por selos como Subliminar, Jardineira Records, Loop Soup Records, theBasementDiscos e Bliss Records. Em 2024, tornou-se residente da Subliminar, festa e selo que acolhe e amplifica sua est\u00e9tica \u00fanica.<\/p>\n\n\n\n<p><strong>Servi\u00e7o<\/strong><\/p>\n\n\n\n<p><strong><em>CAOS apresenta ADANA TWINS<\/em><\/strong><\/p>\n\n\n\n<p><strong>Local<\/strong>: CAOS &#8211;&nbsp;<a href=\"https:\/\/maps.google.com\/?q=Rua+Luiz+Ot%C3%A1vio,+2995,+Campinas,+SP&amp;entry=gmail&amp;source=g\" rel=\"noreferrer noopener\" target=\"_blank\">Rua Luiz Ot\u00e1vio, 2995, Parque Taquaral, Campinas, SP<\/a><\/p>\n\n\n\n<p><strong>Data<\/strong>: 11\/07 (sexta-feira)<\/p>\n\n\n\n<p><strong>Hor\u00e1rio<\/strong>: A partir das 22h<\/p>\n\n\n\n<p><strong>Atra\u00e7\u00f5es<\/strong>: Adana Twins, DEPARTAMENTO, Eli Iwasa e Gabi Fischer<\/p>\n\n\n\n<p><strong>Ingressos<\/strong>: A partir de R$ 50,00 (+ taxas) via&nbsp;<a href=\"https:\/\/embedstore.ingresse.com\/tickets\/ingresse.com\/event\/84061?redirect=true&amp;eventid=84061&amp;scsession=494608077514444045684404&amp;client=new-site&amp;event-name=caos-apresenta-adana-twins&amp;env=\" rel=\"noreferrer noopener\" target=\"_blank\">Ingresse<\/a><\/p>\n\n\n\n<p><strong>Sobre o CAOS<\/strong><\/p>\n\n\n\n<p>Criado por um grupo j\u00e1 conhecido por tratar seu trabalho e seu p\u00fablico como uma fam\u00edlia, o CAOS brilhantemente revitalizou um galp\u00e3o industrial na maior cidade do interior do Estado de S\u00e3o Paulo e o transformou em um ref\u00fagio da house, do techno e de grooves urbanos.<\/p>\n\n\n\n<p>Em mais de quatro anos de exist\u00eancia, apresentou noites memor\u00e1veis com artistas da linha de frente do cen\u00e1rio nacional e internacional, como&nbsp;Pabllo Vittar, Linn da Quebrada, Urias,&nbsp;Emicida, Gabriel O Pensador, Laurent Garnier, Carl Craig, Nina Kraviz, Marcel Dettmann, ANNA, Marco Carola, Recondite e Ellen Allien.<\/p>\n\n\n\n<p>Com o objetivo inicial de trazer os artistas que n\u00e3o cabem no premiado Club 88 \u2014 conhecido empreendimento premiado dos mesmos s\u00f3cios, no Jockey Club da cidade \u2014, o CAOS se tornou um grande propagador da boa m\u00fasica eletr\u00f4nica atrav\u00e9s do trabalho de 90 funcion\u00e1rios, entre t\u00e9cnicos, seguran\u00e7as, bartenders e outros profissionais, para assegurar a divers\u00e3o de um p\u00fablico de cerca de 1.100 pessoas em cada abertura.<\/p>\n","protected":false},"excerpt":{"rendered":"<p>Ingressos j\u00e1 dispon\u00edveis para a abertura em 11 de julho, que ter\u00e1 ainda DEPARTAMENTO, Eli Iwasa e Gabi Fischer no lineup No pr\u00f3ximo dia 11 de julho, o\u00a0CAOS\u00a0recebe uma das duplas mais queridas do p\u00fablico \u2014 e que mais deixou saudade desde sua \u00faltima passagem por aqui, em 2022:\u00a0Adana Twins. Com sua assinatura sonora que [&hellip;]<\/p>\n","protected":false},"author":3,"featured_media":4347,"comment_status":"closed","ping_status":"closed","sticky":false,"template":"","format":"standard","meta":{"pagelayer_contact_templates":[],"_pagelayer_content":"","footnotes":""},"categories":[159,20,157],"tags":[590,171,285,480,174,170,591,168,169,279,431],"class_list":["post-4346","post","type-post","status-publish","format-standard","has-post-thumbnail","hentry","category-destaques","category-lifestyle","category-news","tag-adana-twins","tag-afro-house","tag-campinas","tag-caos","tag-dj","tag-edm","tag-eli-iwasa","tag-hard-techno","tag-house","tag-musica-eletronica-3","tag-sao-paulo"],"_links":{"self":[{"href":"https:\/\/droptimes.com.br\/site\/wp-json\/wp\/v2\/posts\/4346","targetHints":{"allow":["GET"]}}],"collection":[{"href":"https:\/\/droptimes.com.br\/site\/wp-json\/wp\/v2\/posts"}],"about":[{"href":"https:\/\/droptimes.com.br\/site\/wp-json\/wp\/v2\/types\/post"}],"author":[{"embeddable":true,"href":"https:\/\/droptimes.com.br\/site\/wp-json\/wp\/v2\/users\/3"}],"replies":[{"embeddable":true,"href":"https:\/\/droptimes.com.br\/site\/wp-json\/wp\/v2\/comments?post=4346"}],"version-history":[{"count":1,"href":"https:\/\/droptimes.com.br\/site\/wp-json\/wp\/v2\/posts\/4346\/revisions"}],"predecessor-version":[{"id":4348,"href":"https:\/\/droptimes.com.br\/site\/wp-json\/wp\/v2\/posts\/4346\/revisions\/4348"}],"wp:featuredmedia":[{"embeddable":true,"href":"https:\/\/droptimes.com.br\/site\/wp-json\/wp\/v2\/media\/4347"}],"wp:attachment":[{"href":"https:\/\/droptimes.com.br\/site\/wp-json\/wp\/v2\/media?parent=4346"}],"wp:term":[{"taxonomy":"category","embeddable":true,"href":"https:\/\/droptimes.com.br\/site\/wp-json\/wp\/v2\/categories?post=4346"},{"taxonomy":"post_tag","embeddable":true,"href":"https:\/\/droptimes.com.br\/site\/wp-json\/wp\/v2\/tags?post=4346"}],"curies":[{"name":"wp","href":"https:\/\/api.w.org\/{rel}","templated":true}]}}