{"id":4262,"date":"2025-06-23T19:41:48","date_gmt":"2025-06-23T16:41:48","guid":{"rendered":"https:\/\/droptimes.com.br\/site\/?p=4262"},"modified":"2025-06-23T19:42:17","modified_gmt":"2025-06-23T16:42:17","slug":"mallorca-live-festival-consolida-sua-posicao-como-o-principal-evento-nas-ilhas-baleares-com-mais-de-80-artistas-de-4-continentes-e-eventos-paralelos-de-sucesso","status":"publish","type":"post","link":"https:\/\/droptimes.com.br\/site\/mallorca-live-festival-consolida-sua-posicao-como-o-principal-evento-nas-ilhas-baleares-com-mais-de-80-artistas-de-4-continentes-e-eventos-paralelos-de-sucesso\/","title":{"rendered":"Mallorca Live Festival consolida sua posi\u00e7\u00e3o como o principal evento nas Ilhas Baleares com mais de 80 artistas de 4 continentes e eventos paralelos de sucesso"},"content":{"rendered":"\n<p>A edi\u00e7\u00e3o hist\u00f3rica do Mallorca Live Festival combinou ra\u00edzes locais com talento global, tornando-se a celebra\u00e7\u00e3o musical mais internacional das Ilhas Baleares.<\/p>\n\n\n\n<p>O evento reafirma sua posi\u00e7\u00e3o como uma iniciativa estrat\u00e9gica com grande impacto econ\u00f4mico na ilha, investindo <strong>\u20ac3,5 milh\u00f5es em fornecedores locais<\/strong>, com um or\u00e7amento total de <strong>\u20ac7 milh\u00f5es<\/strong>, e gerando um impacto econ\u00f4mico direto estimado em <strong>\u20ac14 milh\u00f5es<\/strong>.<\/p>\n\n\n\n<h3 class=\"wp-block-heading\">Destaques<\/h3>\n\n\n\n<ul class=\"wp-block-list\">\n<li>O palco <strong>La Plaza by Camper<\/strong> atraiu milhares de pessoas durante os tr\u00eas dias com grandes nomes da m\u00fasica eletr\u00f4nica como <strong>Nicola Cruz, Chlo\u00e9 Caillet, TSHA e Carlita<\/strong>.<\/li>\n\n\n\n<li>Pelo terceiro ano consecutivo, o festival se destacou pela sua <strong>organiza\u00e7\u00e3o e compromisso com a sustentabilidade<\/strong>, recebendo novamente o <strong>Pr\u00eamio Nacional de Contribui\u00e7\u00e3o \u00e0 Sustentabilidade<\/strong>.<\/li>\n\n\n\n<li>A estreia do palco <strong>Mallorca &#8211; Govern de les Illes Balears<\/strong>, desenhado por <strong>Pablo Erroz<\/strong>, seguiu princ\u00edpios de circularidade: sua lona ser\u00e1 reciclada e transformada em ecobags.<\/li>\n<\/ul>\n\n\n\n<figure class=\"wp-block-image size-large\"><img fetchpriority=\"high\" decoding=\"async\" width=\"1024\" height=\"683\" src=\"https:\/\/droptimes.com.br\/site\/wp-content\/uploads\/2025\/06\/25MLF_NicolaCruz_AndresIglesias_0003-1024x683.jpg\" alt=\"\" class=\"wp-image-4264\" srcset=\"https:\/\/droptimes.com.br\/site\/wp-content\/uploads\/2025\/06\/25MLF_NicolaCruz_AndresIglesias_0003-1024x683.jpg 1024w, https:\/\/droptimes.com.br\/site\/wp-content\/uploads\/2025\/06\/25MLF_NicolaCruz_AndresIglesias_0003-300x200.jpg 300w, https:\/\/droptimes.com.br\/site\/wp-content\/uploads\/2025\/06\/25MLF_NicolaCruz_AndresIglesias_0003-768x512.jpg 768w, https:\/\/droptimes.com.br\/site\/wp-content\/uploads\/2025\/06\/25MLF_NicolaCruz_AndresIglesias_0003.jpg 1280w\" sizes=\"(max-width: 1024px) 100vw, 1024px\" \/><\/figure>\n\n\n\n<h3 class=\"wp-block-heading\">Participa\u00e7\u00e3o Local e Expans\u00e3o Cultural<\/h3>\n\n\n\n<ul class=\"wp-block-list\">\n<li>Quase <strong>30 artistas locais<\/strong> participaram da 8\u00aa edi\u00e7\u00e3o.<\/li>\n\n\n\n<li>O festival se expandiu para duas semanas com o programa <strong>OFF Mallorca Live<\/strong>, oferecendo <strong>seis eventos<\/strong> em locais ic\u00f4nicos e inusitados da ilha.<\/li>\n<\/ul>\n\n\n\n<figure class=\"wp-block-gallery has-nested-images columns-default is-cropped wp-block-gallery-1 is-layout-flex wp-block-gallery-is-layout-flex\">\n<figure class=\"wp-block-image size-large\"><img decoding=\"async\" width=\"683\" height=\"1024\" data-id=\"4265\" src=\"https:\/\/droptimes.com.br\/site\/wp-content\/uploads\/2025\/06\/25MLF_NataliaLacunza_AndresIglesias_0004-683x1024.jpg\" alt=\"\" class=\"wp-image-4265\" srcset=\"https:\/\/droptimes.com.br\/site\/wp-content\/uploads\/2025\/06\/25MLF_NataliaLacunza_AndresIglesias_0004-683x1024.jpg 683w, https:\/\/droptimes.com.br\/site\/wp-content\/uploads\/2025\/06\/25MLF_NataliaLacunza_AndresIglesias_0004-200x300.jpg 200w, https:\/\/droptimes.com.br\/site\/wp-content\/uploads\/2025\/06\/25MLF_NataliaLacunza_AndresIglesias_0004-768x1151.jpg 768w, https:\/\/droptimes.com.br\/site\/wp-content\/uploads\/2025\/06\/25MLF_NataliaLacunza_AndresIglesias_0004.jpg 854w\" sizes=\"(max-width: 683px) 100vw, 683px\" \/><\/figure>\n\n\n\n<figure class=\"wp-block-image size-large\"><img decoding=\"async\" width=\"683\" height=\"1024\" data-id=\"4267\" src=\"https:\/\/droptimes.com.br\/site\/wp-content\/uploads\/2025\/06\/2025MLF_Tsha_Selectormarx_T5A5716-1-683x1024.jpg\" alt=\"\" class=\"wp-image-4267\" srcset=\"https:\/\/droptimes.com.br\/site\/wp-content\/uploads\/2025\/06\/2025MLF_Tsha_Selectormarx_T5A5716-1-683x1024.jpg 683w, https:\/\/droptimes.com.br\/site\/wp-content\/uploads\/2025\/06\/2025MLF_Tsha_Selectormarx_T5A5716-1-200x300.jpg 200w, https:\/\/droptimes.com.br\/site\/wp-content\/uploads\/2025\/06\/2025MLF_Tsha_Selectormarx_T5A5716-1-768x1151.jpg 768w, https:\/\/droptimes.com.br\/site\/wp-content\/uploads\/2025\/06\/2025MLF_Tsha_Selectormarx_T5A5716-1-1025x1536.jpg 1025w, https:\/\/droptimes.com.br\/site\/wp-content\/uploads\/2025\/06\/2025MLF_Tsha_Selectormarx_T5A5716-1-1366x2048.jpg 1366w, https:\/\/droptimes.com.br\/site\/wp-content\/uploads\/2025\/06\/2025MLF_Tsha_Selectormarx_T5A5716-1-scaled.jpg 1708w\" sizes=\"(max-width: 683px) 100vw, 683px\" \/><\/figure>\n<\/figure>\n\n\n\n<h3 class=\"wp-block-heading\">Reembolsos de pulseiras cashless<\/h3>\n\n\n\n<p>De <strong>18 de junho at\u00e9 15 de julho \u00e0s 23h59<\/strong>, o p\u00fablico pode solicitar o reembolso do saldo restante nas pulseiras cashless atrav\u00e9s do site <a>mallorcalivefestival.com\/cashless<\/a> ou pelo aplicativo oficial.<\/p>\n\n\n\n<h3 class=\"wp-block-heading\">Participa\u00e7\u00e3o e Artistas<\/h3>\n\n\n\n<p>Mais de <strong>60.000 pessoas<\/strong> participaram da edi\u00e7\u00e3o realizada em <strong>12, 13 e 14 de junho<\/strong> no <strong>Mallorca Live Venue, em Calvi\u00e0<\/strong>.<br>O festival contou com <strong>mais de 80 artistas locais, nacionais e internacionais de 4 continentes<\/strong>.<\/p>\n\n\n\n<p>Alguns dos grandes nomes inclu\u00edram:<br><strong>Massive Attack, Iggy Pop, Nathy Peluso, Suede, Mercury Rev, Bad Gyal, Rigoberta Bandini, Sidonie, Dorian, Ant\u00f2nia Font, Maika Makovski<\/strong>, al\u00e9m de talentos emergentes como as bandas londrinas <strong>C Turtle e Fez<\/strong>.<\/p>\n\n\n\n<h3 class=\"wp-block-heading\">Impacto Econ\u00f4mico e Equipe<\/h3>\n\n\n\n<p>O impacto econ\u00f4mico estimado da edi\u00e7\u00e3o foi de <strong>\u20ac14 milh\u00f5es<\/strong>, envolvendo uma equipe de <strong>mais de 2.100 trabalhadores<\/strong>.<\/p>\n\n\n\n<p>O p\u00fablico foi composto por:<\/p>\n\n\n\n<ul class=\"wp-block-list\">\n<li><strong>68% locais<\/strong><\/li>\n\n\n\n<li><strong>20% do restante da Espanha<\/strong><\/li>\n\n\n\n<li><strong>12% visitantes internacionais<\/strong><\/li>\n<\/ul>\n\n\n\n<figure class=\"wp-block-image size-large\"><img loading=\"lazy\" decoding=\"async\" width=\"1024\" height=\"683\" src=\"https:\/\/droptimes.com.br\/site\/wp-content\/uploads\/2025\/06\/2025MLF_Carlita_Selectormarx_T5A8814-1024x683.jpg\" alt=\"\" class=\"wp-image-4273\" srcset=\"https:\/\/droptimes.com.br\/site\/wp-content\/uploads\/2025\/06\/2025MLF_Carlita_Selectormarx_T5A8814-1024x683.jpg 1024w, https:\/\/droptimes.com.br\/site\/wp-content\/uploads\/2025\/06\/2025MLF_Carlita_Selectormarx_T5A8814-300x200.jpg 300w, https:\/\/droptimes.com.br\/site\/wp-content\/uploads\/2025\/06\/2025MLF_Carlita_Selectormarx_T5A8814-768x512.jpg 768w, https:\/\/droptimes.com.br\/site\/wp-content\/uploads\/2025\/06\/2025MLF_Carlita_Selectormarx_T5A8814.jpg 1280w\" sizes=\"(max-width: 1024px) 100vw, 1024px\" \/><\/figure>\n\n\n\n<h3 class=\"wp-block-heading\">\u00c1reas VIP e Premium<\/h3>\n\n\n\n<p>O festival contou com \u00e1reas VIP e Premium, que receberam personalidades dos cen\u00e1rios social, pol\u00edtico e cultural das Baleares.<br>A \u00e1rea Premium ofereceu uma experi\u00eancia musical diferenciada com gastronomia assinada pela chef <strong>Maca de Castro<\/strong> e seu restaurante <strong>Andana<\/strong>, em parceria com o <strong>Grupo Portixol<\/strong>.<\/p>\n\n\n\n<p>No primeiro dia, foi apresentado o <strong>MACABITE<\/strong>, uma tapa gourmet feita com p\u00e3o coca crocante, couve refogada, especiarias mallorquinas e toque de cerveja <strong>Estrella Damm<\/strong>, celebrando os sabores locais.<\/p>\n\n\n\n<h3 class=\"wp-block-heading\">Acessibilidade e Mobilidade<\/h3>\n\n\n\n<ul class=\"wp-block-list\">\n<li>Servi\u00e7o de \u00f4nibus transportou <strong>quase 20.000 pessoas<\/strong> de Palma e outras cidades.<\/li>\n\n\n\n<li>Pontos de retirada de pulseiras facilitaram o acesso em locais como Palma, Inca, Manacor, Alcudia e Santa Margalida.<\/li>\n<\/ul>\n\n\n\n<p>Para minimizar os impactos em Calvi\u00e0:<\/p>\n\n\n\n<ul class=\"wp-block-list\">\n<li>O hor\u00e1rio de encerramento foi <strong>antecipado em 2 horas (quinta e sexta)<\/strong> e <strong>90 minutos (s\u00e1bado)<\/strong>.<\/li>\n\n\n\n<li>Agradecimento especial \u00e0 <strong>Pol\u00edcia Local de Calvi\u00e0<\/strong> e \u00e0 <strong>Guarda Civil<\/strong> pelo controle de tr\u00e1fego nas \u00e1reas de Magaluf e Palmanova.<\/li>\n<\/ul>\n\n\n\n<figure class=\"wp-block-gallery has-nested-images columns-default is-cropped wp-block-gallery-2 is-layout-flex wp-block-gallery-is-layout-flex\">\n<figure class=\"wp-block-image size-large\"><img loading=\"lazy\" decoding=\"async\" width=\"683\" height=\"1024\" data-id=\"4269\" src=\"https:\/\/droptimes.com.br\/site\/wp-content\/uploads\/2025\/06\/25MLF_AndresIglesias_Ambiente_00009-683x1024.jpg\" alt=\"\" class=\"wp-image-4269\" srcset=\"https:\/\/droptimes.com.br\/site\/wp-content\/uploads\/2025\/06\/25MLF_AndresIglesias_Ambiente_00009-683x1024.jpg 683w, https:\/\/droptimes.com.br\/site\/wp-content\/uploads\/2025\/06\/25MLF_AndresIglesias_Ambiente_00009-200x300.jpg 200w, https:\/\/droptimes.com.br\/site\/wp-content\/uploads\/2025\/06\/25MLF_AndresIglesias_Ambiente_00009-768x1151.jpg 768w, https:\/\/droptimes.com.br\/site\/wp-content\/uploads\/2025\/06\/25MLF_AndresIglesias_Ambiente_00009-1025x1536.jpg 1025w, https:\/\/droptimes.com.br\/site\/wp-content\/uploads\/2025\/06\/25MLF_AndresIglesias_Ambiente_00009-1366x2048.jpg 1366w, https:\/\/droptimes.com.br\/site\/wp-content\/uploads\/2025\/06\/25MLF_AndresIglesias_Ambiente_00009-scaled.jpg 1708w\" sizes=\"(max-width: 683px) 100vw, 683px\" \/><\/figure>\n\n\n\n<figure class=\"wp-block-image size-large\"><img loading=\"lazy\" decoding=\"async\" width=\"683\" height=\"1024\" data-id=\"4270\" src=\"https:\/\/droptimes.com.br\/site\/wp-content\/uploads\/2025\/06\/25MLF_AndresIglesias_Ambiente_00006-1-683x1024.jpg\" alt=\"\" class=\"wp-image-4270\" srcset=\"https:\/\/droptimes.com.br\/site\/wp-content\/uploads\/2025\/06\/25MLF_AndresIglesias_Ambiente_00006-1-683x1024.jpg 683w, https:\/\/droptimes.com.br\/site\/wp-content\/uploads\/2025\/06\/25MLF_AndresIglesias_Ambiente_00006-1-200x300.jpg 200w, https:\/\/droptimes.com.br\/site\/wp-content\/uploads\/2025\/06\/25MLF_AndresIglesias_Ambiente_00006-1-768x1151.jpg 768w, https:\/\/droptimes.com.br\/site\/wp-content\/uploads\/2025\/06\/25MLF_AndresIglesias_Ambiente_00006-1-1025x1536.jpg 1025w, https:\/\/droptimes.com.br\/site\/wp-content\/uploads\/2025\/06\/25MLF_AndresIglesias_Ambiente_00006-1-1366x2048.jpg 1366w, https:\/\/droptimes.com.br\/site\/wp-content\/uploads\/2025\/06\/25MLF_AndresIglesias_Ambiente_00006-1-scaled.jpg 1708w\" sizes=\"(max-width: 683px) 100vw, 683px\" \/><\/figure>\n<\/figure>\n\n\n\n<h3 class=\"wp-block-heading\">Arte e M\u00fasica no Palco Govern de les Illes Balears<\/h3>\n\n\n\n<p>O novo palco, inaugurado por <strong>\u00c1lvaro Mart\u00ednez, Jaume Bauz\u00e1 e Pablo Erroz<\/strong>, homenageia a cultura e a est\u00e9tica de ver\u00e3o mallorquina, com uma lona sustent\u00e1vel que ser\u00e1 convertida em ecobags.<br>Visitantes podiam participar de um sorteio para ganhar uma das <strong>100 ecobags exclusivas<\/strong>.<\/p>\n\n\n\n<h3 class=\"wp-block-heading\">La Plaza Stage by Camper: o cora\u00e7\u00e3o da m\u00fasica eletr\u00f4nica<\/h3>\n\n\n\n<p>Palco dedicado \u00e0 m\u00fasica eletr\u00f4nica com apresenta\u00e7\u00f5es de destaque como:<\/p>\n\n\n\n<ul class=\"wp-block-list\">\n<li><strong>Nicola Cruz<\/strong><\/li>\n\n\n\n<li><strong>Chlo\u00e9 Caillet<\/strong><\/li>\n\n\n\n<li><strong>Carlita<\/strong><\/li>\n\n\n\n<li><strong>Desiree<\/strong><\/li>\n\n\n\n<li><strong>Kilimanjaro<\/strong><\/li>\n<\/ul>\n\n\n\n<p>Este conceito continuar\u00e1 no ver\u00e3o com dois eventos ao p\u00f4r do sol:<\/p>\n\n\n\n<ul class=\"wp-block-list\">\n<li><strong>Monolink<\/strong> em <strong>27 de julho<\/strong><\/li>\n\n\n\n<li><strong>Bedouin<\/strong> em <strong>24 de agosto<\/strong><\/li>\n<\/ul>\n\n\n\n<h3 class=\"wp-block-heading\">OFF Mallorca Live: Atividades paralelas<\/h3>\n\n\n\n<p>Expans\u00e3o do festival com eventos por toda a ilha, incluindo:<\/p>\n\n\n\n<ul class=\"wp-block-list\">\n<li>Sess\u00f5es ac\u00fasticas de <strong>Maika Makovski<\/strong> no Hotel Zo\u00ebtry Mallorca<\/li>\n\n\n\n<li>Apresenta\u00e7\u00f5es de <strong>Dorian<\/strong> e <strong>Ni\u00f1os Raros<\/strong> no Es Baluard Museu<\/li>\n\n\n\n<li>Festa no <strong>Castell de Bellver<\/strong> com <strong>Sidonie e Go Cactus<\/strong><\/li>\n\n\n\n<li>Encerramento com festa no <strong>Balneario Illetas<\/strong>, com <strong>Pablo Fierro, Arkadyan, Paco Colomb\u00e0s e Fabian Roelandt<\/strong><\/li>\n<\/ul>\n\n\n\n<figure class=\"wp-block-image size-large\"><img loading=\"lazy\" decoding=\"async\" width=\"1024\" height=\"683\" src=\"https:\/\/droptimes.com.br\/site\/wp-content\/uploads\/2025\/06\/MLF25_25_06_13_XaviTorrent_4345-1024x683.jpg\" alt=\"\" class=\"wp-image-4272\" srcset=\"https:\/\/droptimes.com.br\/site\/wp-content\/uploads\/2025\/06\/MLF25_25_06_13_XaviTorrent_4345-1024x683.jpg 1024w, https:\/\/droptimes.com.br\/site\/wp-content\/uploads\/2025\/06\/MLF25_25_06_13_XaviTorrent_4345-300x200.jpg 300w, https:\/\/droptimes.com.br\/site\/wp-content\/uploads\/2025\/06\/MLF25_25_06_13_XaviTorrent_4345-768x512.jpg 768w, https:\/\/droptimes.com.br\/site\/wp-content\/uploads\/2025\/06\/MLF25_25_06_13_XaviTorrent_4345-1536x1024.jpg 1536w, https:\/\/droptimes.com.br\/site\/wp-content\/uploads\/2025\/06\/MLF25_25_06_13_XaviTorrent_4345-2048x1366.jpg 2048w\" sizes=\"(max-width: 1024px) 100vw, 1024px\" \/><\/figure>\n\n\n\n<h3 class=\"wp-block-heading\">R\u00e1dio e TV: Cobertura e apoio \u00e0 cena local<\/h3>\n\n\n\n<ul class=\"wp-block-list\">\n<li><strong>Radio 3 (Espanha)<\/strong> transmitiu ao vivo shows como <strong>Suede, Ralphie Choo e Alcal\u00e1 Norte<\/strong>.<\/li>\n\n\n\n<li><strong>Palco Radio 3<\/strong> destacou talentos como <strong>Barry B, Aziya, The Family Men, Anadie<\/strong> (vencedor por voto popular).<\/li>\n\n\n\n<li><strong>IB3<\/strong>, a TV p\u00fablica das Baleares, teve palco pr\u00f3prio e exibir\u00e1 programa\u00e7\u00e3o especial com artistas locais.<\/li>\n<\/ul>\n\n\n\n<h3 class=\"wp-block-heading\">Mercado Happening! \u2013 Design e gastronomia<\/h3>\n\n\n\n<p>Espa\u00e7o de descanso com op\u00e7\u00f5es gastron\u00f4micas e produtos artesanais:<\/p>\n\n\n\n<ul class=\"wp-block-list\">\n<li>Participa\u00e7\u00f5es de marcas como <strong>Bears Bracelets, Sari Mallorca, La Payesa, Olistik<\/strong><\/li>\n\n\n\n<li>Alimenta\u00e7\u00e3o com op\u00e7\u00f5es vegetarianas, veganas, sem gl\u00faten e sem lactose<\/li>\n\n\n\n<li>Food trucks como <strong>Beewi Hot Dogs, Wok on Fire, Malcriades<\/strong><\/li>\n\n\n\n<li>Produtos locais como <strong>Can Company<\/strong> (carnes) e <strong>Double Take<\/strong> (hamb\u00fargueres com coca de patata)<\/li>\n<\/ul>\n\n\n\n<figure class=\"wp-block-image size-large\"><img loading=\"lazy\" decoding=\"async\" width=\"1024\" height=\"683\" src=\"https:\/\/droptimes.com.br\/site\/wp-content\/uploads\/2025\/06\/MLF25_25_06_12_TomasMoya_0848-1024x683.jpg\" alt=\"\" class=\"wp-image-4271\" srcset=\"https:\/\/droptimes.com.br\/site\/wp-content\/uploads\/2025\/06\/MLF25_25_06_12_TomasMoya_0848-1024x683.jpg 1024w, https:\/\/droptimes.com.br\/site\/wp-content\/uploads\/2025\/06\/MLF25_25_06_12_TomasMoya_0848-300x200.jpg 300w, https:\/\/droptimes.com.br\/site\/wp-content\/uploads\/2025\/06\/MLF25_25_06_12_TomasMoya_0848-768x512.jpg 768w, https:\/\/droptimes.com.br\/site\/wp-content\/uploads\/2025\/06\/MLF25_25_06_12_TomasMoya_0848-1536x1024.jpg 1536w, https:\/\/droptimes.com.br\/site\/wp-content\/uploads\/2025\/06\/MLF25_25_06_12_TomasMoya_0848-2048x1365.jpg 2048w\" sizes=\"(max-width: 1024px) 100vw, 1024px\" \/><figcaption class=\"wp-element-caption\">\u00a9 Tom\u00e0s Moy\u00e0 \/ Photographer\nwww.tomasmoyaphoto.com<\/figcaption><\/figure>\n\n\n\n<h3 class=\"wp-block-heading\">Patrocinadores 2025<\/h3>\n\n\n\n<p>Patroc\u00ednios e apoios institucionais:<\/p>\n\n\n\n<ul class=\"wp-block-list\">\n<li><strong>Estrella Damm<\/strong> (patrocinador principal)<\/li>\n\n\n\n<li><strong>Caixabank, Air Europa, Trasmed, Logitravel, Grupo Hyatt, Coca-Cola, Camper, RCD Mallorca<\/strong>, entre outros.<\/li>\n\n\n\n<li>Apoio institucional do <strong>Governo das Ilhas Baleares, Consell de Mallorca e Prefeitura de Calvi\u00e0<\/strong>.<\/li>\n<\/ul>\n","protected":false},"excerpt":{"rendered":"<p>A edi\u00e7\u00e3o hist\u00f3rica do Mallorca Live Festival combinou ra\u00edzes locais com talento global, tornando-se a celebra\u00e7\u00e3o musical mais internacional das Ilhas Baleares. O evento reafirma sua posi\u00e7\u00e3o como uma iniciativa estrat\u00e9gica com grande impacto econ\u00f4mico na ilha, investindo \u20ac3,5 milh\u00f5es em fornecedores locais, com um or\u00e7amento total de \u20ac7 milh\u00f5es, e gerando um impacto econ\u00f4mico [&hellip;]<\/p>\n","protected":false},"author":3,"featured_media":4263,"comment_status":"closed","ping_status":"closed","sticky":false,"template":"","format":"standard","meta":{"pagelayer_contact_templates":[],"_pagelayer_content":"","footnotes":""},"categories":[159,20,157],"tags":[171,174,170,168,169,563,279,167],"class_list":["post-4262","post","type-post","status-publish","format-standard","has-post-thumbnail","hentry","category-destaques","category-lifestyle","category-news","tag-afro-house","tag-dj","tag-edm","tag-hard-techno","tag-house","tag-mallorca-live-fest","tag-musica-eletronica-3","tag-techno"],"_links":{"self":[{"href":"https:\/\/droptimes.com.br\/site\/wp-json\/wp\/v2\/posts\/4262","targetHints":{"allow":["GET"]}}],"collection":[{"href":"https:\/\/droptimes.com.br\/site\/wp-json\/wp\/v2\/posts"}],"about":[{"href":"https:\/\/droptimes.com.br\/site\/wp-json\/wp\/v2\/types\/post"}],"author":[{"embeddable":true,"href":"https:\/\/droptimes.com.br\/site\/wp-json\/wp\/v2\/users\/3"}],"replies":[{"embeddable":true,"href":"https:\/\/droptimes.com.br\/site\/wp-json\/wp\/v2\/comments?post=4262"}],"version-history":[{"count":2,"href":"https:\/\/droptimes.com.br\/site\/wp-json\/wp\/v2\/posts\/4262\/revisions"}],"predecessor-version":[{"id":4275,"href":"https:\/\/droptimes.com.br\/site\/wp-json\/wp\/v2\/posts\/4262\/revisions\/4275"}],"wp:featuredmedia":[{"embeddable":true,"href":"https:\/\/droptimes.com.br\/site\/wp-json\/wp\/v2\/media\/4263"}],"wp:attachment":[{"href":"https:\/\/droptimes.com.br\/site\/wp-json\/wp\/v2\/media?parent=4262"}],"wp:term":[{"taxonomy":"category","embeddable":true,"href":"https:\/\/droptimes.com.br\/site\/wp-json\/wp\/v2\/categories?post=4262"},{"taxonomy":"post_tag","embeddable":true,"href":"https:\/\/droptimes.com.br\/site\/wp-json\/wp\/v2\/tags?post=4262"}],"curies":[{"name":"wp","href":"https:\/\/api.w.org\/{rel}","templated":true}]}}