{"id":4235,"date":"2025-06-17T23:34:54","date_gmt":"2025-06-17T20:34:54","guid":{"rendered":"https:\/\/droptimes.com.br\/site\/?p=4235"},"modified":"2025-06-17T23:34:55","modified_gmt":"2025-06-17T20:34:55","slug":"nicolas-jaar-retorna-ao-brasil-para-show-exclusivo-em-curitiba","status":"publish","type":"post","link":"https:\/\/droptimes.com.br\/site\/nicolas-jaar-retorna-ao-brasil-para-show-exclusivo-em-curitiba\/","title":{"rendered":"Nicolas Jaar retorna ao Brasil para show exclusivo em Curitiba"},"content":{"rendered":"\n<p><em>Capital paranaense recebe uma das experi\u00eancias sonoras mais imersivas da m\u00fasica eletr\u00f4nica atual, com estreia solo do artista chileno-americano no pa\u00eds<\/em><\/p>\n\n\n\n<p>Um dos nomes mais influentes da m\u00fasica eletr\u00f4nica mundial, Nicolas Jaar desembarca em Curitiba no dia 1\u00ba de agosto para um espet\u00e1culo in\u00e9dito na \u00d3pera de Arame. A performance integra sua turn\u00ea latino-americana e marca a estreia solo do artista na capital paranaense, com produ\u00e7\u00e3o do selo paulistano Gop Tun e das produtoras Planeta Brasil Entretenimento e Goat Entertainment \u2014 nomes que v\u00eam protagonizando movimentos relevantes da cena alternativa e eletr\u00f4nica no Brasil. <\/p>\n\n\n\n<p><a href=\"https:\/\/www.ingresse.com\/goptun-nicolasjaar-curitiba\/\">Ingressos Aqui.<\/a><\/p>\n\n\n\n<p>Com uma est\u00e9tica sonora que desconstr\u00f3i padr\u00f5es e desafia fronteiras de g\u00eanero, Jaar consolidou-se como um dos nomes mais respeitados da m\u00fasica experimental internacional. Suas composi\u00e7\u00f5es combinam techno minimalista, ambient, jazz, sons org\u00e2nicos e sil\u00eancios cuidadosamente arquitetados, resultando em uma sonoridade densa, imprevis\u00edvel e emocionalmente envolvente. N\u00e3o por acaso, suas apresenta\u00e7\u00f5es ao vivo s\u00e3o reconhecidas pelo car\u00e1ter quase lit\u00fargico \u2014 experi\u00eancias que ultrapassam o entretenimento e tocam o campo da arte sensorial.<\/p>\n\n\n\n<p>Al\u00e9m da carreira solo, Nicolas Jaar vem explorando outras linguagens art\u00edsticas ao longo dos anos: comp\u00f4s trilhas para cinema e dan\u00e7a contempor\u00e2nea, foi tema de instala\u00e7\u00f5es audiovisuais e assinou obras sonoras para espa\u00e7os como a Bienal de Veneza. Seu duo Darkside, formado ao lado do multi-instrumentista Dave Harrington, conquistou proje\u00e7\u00e3o internacional ao combinar improvisa\u00e7\u00e3o instrumental com texturas eletr\u00f4nicas densas e atmosferas cinematogr\u00e1ficas.<\/p>\n\n\n\n<p>Nascido em Nova York e criado entre os Estados Unidos e o Chile, Jaar transita com fluidez entre universos \u2014 latino, europeu e norte-americano \u2014 carregando em sua m\u00fasica tra\u00e7os de m\u00faltiplas heran\u00e7as culturais e intelectuais. Suas obras j\u00e1 foram lan\u00e7adas por selos como Other People, Clown &amp; Sunset e DFA Records, e reverberam tanto em clubes alternativos quanto em museus, festivais de arte e editoriais de prest\u00edgio internacional. Com sonoridade sofisticada, discurso art\u00edstico pulsante e uma obra que desafia classifica\u00e7\u00f5es, Nicolas Jaar chega a Curitiba para um encontro raro entre arquitetura, arte e m\u00fasica \u2014 uma noite para o corpo e para a escuta, em um dos palcos mais simb\u00f3licos do pa\u00eds.<\/p>\n\n\n\n<p><strong>E MUITO MAIS!<\/strong><\/p>\n\n\n\n<p>Al\u00e9m do show in\u00e9dito de Nicolas Jaar, o evento contar\u00e1 com apresenta\u00e7\u00f5es de Cauna e Ela Minus, nomes que t\u00eam despontado na cena eletr\u00f4nica mundial. Com sets que explora uma narrativa musical repleta de contrastes, Cauana \u00e9 uma artista que desafia o \u00f3bvio, traduzindo uma&nbsp;sensibilidade \u00fanica em sets que conduzem o ouvinte a experi\u00eancias profundas e instigantes. J\u00e1&nbsp;Ela Minus \u00e9 uma multi-instrumentista colombiana, conhecida por sua abordagem pr\u00e1tica e baseada em hardware na cria\u00e7\u00e3o musical. Recusando o uso de laptops em seu processo, ela produz m\u00fasicas detalhadas e intuitivas, combinando m\u00e1quinas anal\u00f3gicas com a pr\u00f3pria voz.<\/p>\n\n\n\n<figure class=\"wp-block-image size-large\"><img fetchpriority=\"high\" decoding=\"async\" width=\"1024\" height=\"577\" src=\"https:\/\/droptimes.com.br\/site\/wp-content\/uploads\/2025\/06\/Cauana-1024x577.png\" alt=\"\" class=\"wp-image-4237\" srcset=\"https:\/\/droptimes.com.br\/site\/wp-content\/uploads\/2025\/06\/Cauana-1024x577.png 1024w, https:\/\/droptimes.com.br\/site\/wp-content\/uploads\/2025\/06\/Cauana-300x169.png 300w, https:\/\/droptimes.com.br\/site\/wp-content\/uploads\/2025\/06\/Cauana-768x433.png 768w, https:\/\/droptimes.com.br\/site\/wp-content\/uploads\/2025\/06\/Cauana.png 1222w\" sizes=\"(max-width: 1024px) 100vw, 1024px\" \/><\/figure>\n\n\n\n<p>O show de Nicolas Jaar em Curitiba acontece no dia 01 de agosto, a partir das 19h, na \u00d3pera de Arame. Os ingressos est\u00e3o dispon\u00edveis via plataforma Ingresse:\u00a0<a href=\"https:\/\/www.ingresse.com\/goptun-nicolasjaar-curitiba\/\" target=\"_blank\" rel=\"noreferrer noopener\">https:\/\/www.ingresse.com\/goptun-nicolasjaar-curitiba\/<\/a>.<\/p>\n\n\n\n<p>Para mais informa\u00e7\u00f5es, acesse o perfil das produtoras no Instagram: @planetabrasilentretenimento, @goptun e @goat_entertainment_.<\/p>\n","protected":false},"excerpt":{"rendered":"<p>Capital paranaense recebe uma das experi\u00eancias sonoras mais imersivas da m\u00fasica eletr\u00f4nica atual, com estreia solo do artista chileno-americano no pa\u00eds Um dos nomes mais influentes da m\u00fasica eletr\u00f4nica mundial, Nicolas Jaar desembarca em Curitiba no dia 1\u00ba de agosto para um espet\u00e1culo in\u00e9dito na \u00d3pera de Arame. A performance integra sua turn\u00ea latino-americana e [&hellip;]<\/p>\n","protected":false},"author":3,"featured_media":4236,"comment_status":"closed","ping_status":"closed","sticky":false,"template":"","format":"standard","meta":{"pagelayer_contact_templates":[],"_pagelayer_content":"","footnotes":""},"categories":[159,20,157],"tags":[171,561,559,174,170,168,169,279,558,560,167],"class_list":["post-4235","post","type-post","status-publish","format-standard","has-post-thumbnail","hentry","category-destaques","category-lifestyle","category-news","tag-afro-house","tag-cauana","tag-curitiba","tag-dj","tag-edm","tag-hard-techno","tag-house","tag-musica-eletronica-3","tag-nicolas-jaar","tag-opera-de-arame","tag-techno"],"_links":{"self":[{"href":"https:\/\/droptimes.com.br\/site\/wp-json\/wp\/v2\/posts\/4235","targetHints":{"allow":["GET"]}}],"collection":[{"href":"https:\/\/droptimes.com.br\/site\/wp-json\/wp\/v2\/posts"}],"about":[{"href":"https:\/\/droptimes.com.br\/site\/wp-json\/wp\/v2\/types\/post"}],"author":[{"embeddable":true,"href":"https:\/\/droptimes.com.br\/site\/wp-json\/wp\/v2\/users\/3"}],"replies":[{"embeddable":true,"href":"https:\/\/droptimes.com.br\/site\/wp-json\/wp\/v2\/comments?post=4235"}],"version-history":[{"count":1,"href":"https:\/\/droptimes.com.br\/site\/wp-json\/wp\/v2\/posts\/4235\/revisions"}],"predecessor-version":[{"id":4238,"href":"https:\/\/droptimes.com.br\/site\/wp-json\/wp\/v2\/posts\/4235\/revisions\/4238"}],"wp:featuredmedia":[{"embeddable":true,"href":"https:\/\/droptimes.com.br\/site\/wp-json\/wp\/v2\/media\/4236"}],"wp:attachment":[{"href":"https:\/\/droptimes.com.br\/site\/wp-json\/wp\/v2\/media?parent=4235"}],"wp:term":[{"taxonomy":"category","embeddable":true,"href":"https:\/\/droptimes.com.br\/site\/wp-json\/wp\/v2\/categories?post=4235"},{"taxonomy":"post_tag","embeddable":true,"href":"https:\/\/droptimes.com.br\/site\/wp-json\/wp\/v2\/tags?post=4235"}],"curies":[{"name":"wp","href":"https:\/\/api.w.org\/{rel}","templated":true}]}}