{"id":4156,"date":"2025-06-16T20:48:47","date_gmt":"2025-06-16T17:48:47","guid":{"rendered":"https:\/\/droptimes.com.br\/site\/?p=4156"},"modified":"2025-06-16T20:48:48","modified_gmt":"2025-06-16T17:48:48","slug":"core-records-lanca-o-ep-core-va-rasa","status":"publish","type":"post","link":"https:\/\/droptimes.com.br\/site\/core-records-lanca-o-ep-core-va-rasa\/","title":{"rendered":"CORE Records lan\u00e7a o EP \u2018CORE VA: RASA\u2019"},"content":{"rendered":"\n<p>EP curado com 5 faixas in\u00e9ditas de artistas inovadores ao redor do mundo, incluindo Amirali, Adrian Roman, Madben, Magdalena e Upercent<\/p>\n\n\n\n<p>A CORE Records tem o prazer de apresentar o \u2018CORE VA: RASA\u2019: um EP com 5 faixas cuidadosamente selecionadas, tecendo uma rica tape\u00e7aria de g\u00eaneros que v\u00e3o do indie e mel\u00f3dico ao progressive, house e techno \u2013 todos enraizados no DNA inconfund\u00edvel da CORE. Esta nova compila\u00e7\u00e3o captura pura emo\u00e7\u00e3o, destilada por artistas inovadores de diferentes partes do mundo, incluindo Amirali, Adrian Roman, Madben, Magdalena e Upercent. O t\u00edtulo \u2018RASA\u2019, que significa \u201cess\u00eancia\u201d em s\u00e2nscrito, reflete o car\u00e1ter atemporal e essencial da colet\u00e2nea. Cada faixa oferece uma jornada sonora entre o calor anal\u00f3gico e a precis\u00e3o digital, ressoando com o universo musical da CORE.<\/p>\n\n\n\n<p>O \u2018CORE VA: RASA\u2019 j\u00e1 est\u00e1 dispon\u00edvel em <a href=\"https:\/\/prezlymail.com\/c\/cd297093-284a-4427-9a3f-c6c4fd89eca7\/0bb59f47\/https%3A%2F%2Fcorerecs.lnk.to%2FRASA\">todas as plataformas digitais<\/a>.<\/p>\n\n\n\n<hr class=\"wp-block-separator has-alpha-channel-opacity\"\/>\n\n\n\n<p><strong>EP \u2018CORE VA: RASA\u2019<\/strong><\/p>\n\n\n\n<ul class=\"wp-block-list\">\n<li>Upercent \u2013 <em>Light Years<\/em><\/li>\n\n\n\n<li>Adrian Roman \u2013 <em>Rabbia<\/em><\/li>\n\n\n\n<li>Magdalena \u2013 <em>Nothing To Lose<\/em><\/li>\n\n\n\n<li>Amirali \u2013 <em>Polaris<\/em><\/li>\n\n\n\n<li>Madben \u2013 <em>Dat Groovy Chord<\/em><\/li>\n<\/ul>\n\n\n\n<hr class=\"wp-block-separator has-alpha-channel-opacity\"\/>\n\n\n<div class=\"wp-block-image\">\n<figure class=\"aligncenter size-large\"><img fetchpriority=\"high\" decoding=\"async\" width=\"691\" height=\"1024\" src=\"https:\/\/droptimes.com.br\/site\/wp-content\/uploads\/2025\/06\/image-90-691x1024.png\" alt=\"\" class=\"wp-image-4165\" srcset=\"https:\/\/droptimes.com.br\/site\/wp-content\/uploads\/2025\/06\/image-90-691x1024.png 691w, https:\/\/droptimes.com.br\/site\/wp-content\/uploads\/2025\/06\/image-90-203x300.png 203w, https:\/\/droptimes.com.br\/site\/wp-content\/uploads\/2025\/06\/image-90-768x1138.png 768w, https:\/\/droptimes.com.br\/site\/wp-content\/uploads\/2025\/06\/image-90.png 810w\" sizes=\"(max-width: 691px) 100vw, 691px\" \/><\/figure>\n<\/div>\n\n\n<p><strong>Upercent \u2013 Light Years<\/strong><br>Upercent \u00e9 um artista n\u00e3o convencional de Val\u00eancia, cuja sonoridade \u00e9 t\u00e3o emotiva quanto visceral. Com base em samples org\u00e2nicos, calor anal\u00f3gico e estruturas inventivas, sua m\u00fasica canaliza a liberdade do jazz e a criatividade ilimitada da experimenta\u00e7\u00e3o eletr\u00f4nica. Seu estilo \u00fanico j\u00e1 o levou a lan\u00e7ar em selos como Kompakt, Innervisions, Cult Order, Diynamic e Crosstown Rebels. J\u00e1 se apresentou em mais de 20 pa\u00edses, incluindo cidades como Berlim, Ibiza, Londres, Amsterd\u00e3, Istambul e Nova York. Sempre em evolu\u00e7\u00e3o e inquieto criativamente, Upercent trilha seu pr\u00f3prio caminho.<\/p>\n\n\n\n<p><strong>Upercent:<\/strong> \u201cQuando come\u00e7o uma faixa, sempre me pergunto: \u00e9 para o corpo ou para a mente? <em>Light Years<\/em> nasceu da segunda op\u00e7\u00e3o. \u00c9 uma faixa para se perder dentro dela. A maior parte da atmosfera veio de um Juno-60. Sempre amei como os equipamentos anal\u00f3gicos carregam alma em suas imperfei\u00e7\u00f5es. N\u00e3o \u00e9 algo polido \u2013 e \u00e9 exatamente isso que me emociona. Como diz a letra: \u2018Minha cabe\u00e7a est\u00e1 no c\u00e9u, n\u00e3o vai descer hoje \u00e0 noite\u2019. Essa frase capturou exatamente como me senti quando a faixa ganhou vida.\u201d<\/p>\n\n\n\n<hr class=\"wp-block-separator has-alpha-channel-opacity\"\/>\n\n\n<div class=\"wp-block-image\">\n<figure class=\"aligncenter size-large\"><img decoding=\"async\" width=\"683\" height=\"1024\" src=\"https:\/\/droptimes.com.br\/site\/wp-content\/uploads\/2025\/06\/image-92-683x1024.png\" alt=\"\" class=\"wp-image-4167\" srcset=\"https:\/\/droptimes.com.br\/site\/wp-content\/uploads\/2025\/06\/image-92-683x1024.png 683w, https:\/\/droptimes.com.br\/site\/wp-content\/uploads\/2025\/06\/image-92-200x300.png 200w, https:\/\/droptimes.com.br\/site\/wp-content\/uploads\/2025\/06\/image-92-768x1152.png 768w, https:\/\/droptimes.com.br\/site\/wp-content\/uploads\/2025\/06\/image-92.png 800w\" sizes=\"(max-width: 683px) 100vw, 683px\" \/><\/figure>\n<\/div>\n\n\n<p><strong>Adrian Roman \u2013 Rabbia<\/strong><br>Adrian Roman \u00e9 um artista que cria conceitos musicais do zero para expressar seus sentimentos e estilo. Sua sonoridade pessoal \u00e9 marcada por eleg\u00e2ncia, simplicidade e est\u00e9tica, caracter\u00edsticas que o destacam na nova gera\u00e7\u00e3o do house vanguardista. Al\u00e9m de seu trabalho em est\u00fadio, j\u00e1 se apresentou em grandes cidades do mundo, com sets marcados por percuss\u00f5es envolventes e varia\u00e7\u00f5es incisivas. Compartilhou decks com artistas como Aera, Nandu, Santiago Garcia e Marino Canal, e estreou em cidades como Dubai, Copenhague e Marselha.<\/p>\n\n\n\n<p><strong>Adrian Roman:<\/strong> \u201c<em>Rabbia<\/em> \u00e9 uma arma secreta que me acompanhou em v\u00e1rios sets. Significa muito para mim e, j\u00e1 no nome, representa o lado raivoso, sujo, agressivo, mas ainda assim elegante do meu estilo de produ\u00e7\u00e3o. Quando a CORE me procurou para lan\u00e7ar essa faixa, soube que era o lugar e o momento certos.\u201d<\/p>\n\n\n\n<hr class=\"wp-block-separator has-alpha-channel-opacity\"\/>\n\n\n\n<figure class=\"wp-block-image size-large\"><img decoding=\"async\" width=\"1024\" height=\"683\" src=\"https:\/\/droptimes.com.br\/site\/wp-content\/uploads\/2025\/06\/image-86-1024x683.png\" alt=\"\" class=\"wp-image-4161\" srcset=\"https:\/\/droptimes.com.br\/site\/wp-content\/uploads\/2025\/06\/image-86-1024x683.png 1024w, https:\/\/droptimes.com.br\/site\/wp-content\/uploads\/2025\/06\/image-86-300x200.png 300w, https:\/\/droptimes.com.br\/site\/wp-content\/uploads\/2025\/06\/image-86-768x512.png 768w, https:\/\/droptimes.com.br\/site\/wp-content\/uploads\/2025\/06\/image-86.png 1200w\" sizes=\"(max-width: 1024px) 100vw, 1024px\" \/><\/figure>\n\n\n\n<p><strong>Magdalena \u2013 Nothing To Lose<\/strong><br>Magdalena \u00e9 uma artista influente de Hamburgo, conhecida por seu som profundo e emotivo, que transita entre o Indie Dance e o Melodic Techno. Suas produ\u00e7\u00f5es, marcadas por grava\u00e7\u00f5es de campo sutis, j\u00e1 foram lan\u00e7adas por selos renomados como Anjunadeep, Renaissance, Diynamic, Bedrock, entre outros. J\u00e1 tocou em festivais e clubes ic\u00f4nicos como Tomorrowland, Ultra, Boiler Room, Cercle e Amnesia Ibiza. Fundadora da s\u00e9rie de eventos <em>SHADOWS<\/em> em Ibiza, Magdalena continua a moldar a cena eletr\u00f4nica com autenticidade e sensibilidade.<\/p>\n\n\n\n<p><strong>Magdalena:<\/strong> \u201c<em>Nothing To Lose<\/em> nasceu num momento de calma emocional, ap\u00f3s um per\u00edodo da minha vida em que tudo estava desmoronando. N\u00e3o foi escrita no meio do caos, mas na serenidade que veio depois \u2013 aquela que n\u00e3o se encontra, mas se cultiva. A atmosfera da faixa foi constru\u00edda com batidas minimalistas e camadas de sintetizadores Serum. O drop \u00e9 discreto, mas impactante, abrindo espa\u00e7o para o cl\u00edmax emocional do break. A faixa representa um ponto de virada. Depois de perder tudo, comecei a buscar seguran\u00e7a e paz. Foi nesse momento que comecei a me sentir completa de novo \u2013 e essa m\u00fasica captura exatamente esse sentimento.\u201d<\/p>\n\n\n\n<hr class=\"wp-block-separator has-alpha-channel-opacity\"\/>\n\n\n\n<figure class=\"wp-block-image size-large\"><img loading=\"lazy\" decoding=\"async\" width=\"1024\" height=\"683\" src=\"https:\/\/droptimes.com.br\/site\/wp-content\/uploads\/2025\/06\/image-88-1024x683.png\" alt=\"\" class=\"wp-image-4163\" srcset=\"https:\/\/droptimes.com.br\/site\/wp-content\/uploads\/2025\/06\/image-88-1024x683.png 1024w, https:\/\/droptimes.com.br\/site\/wp-content\/uploads\/2025\/06\/image-88-300x200.png 300w, https:\/\/droptimes.com.br\/site\/wp-content\/uploads\/2025\/06\/image-88-768x512.png 768w, https:\/\/droptimes.com.br\/site\/wp-content\/uploads\/2025\/06\/image-88.png 1200w\" sizes=\"(max-width: 1024px) 100vw, 1024px\" \/><\/figure>\n\n\n\n<p><strong>Amirali \u2013 Polaris<\/strong><br>Amirali \u00e9 um artista reconhecido por sua sonoridade rica e texturizada, com uma abordagem que desafia g\u00eaneros. Pianista cl\u00e1ssico e arquiteto por forma\u00e7\u00e3o, funde musicalidade profunda com inova\u00e7\u00e3o criativa. Seu \u00e1lbum de estreia <em>In Time<\/em> e o sucesso <em>My Way<\/em> o colocaram no centro das aten\u00e7\u00f5es, com elogios da Resident Advisor, BBC Radio e NPR. J\u00e1 se apresentou em locais como Berghain e a \u00d3pera de Viena. Fundador do selo e projeto visual <em>Dark Matters<\/em>, Amirali lan\u00e7ou quatro novos EPs em 2024, incluindo trabalhos pela Diynamic de Solomun e pela CORE Records.<\/p>\n\n\n\n<p><strong>Amirali:<\/strong> \u201c<em>Polaris<\/em> nasceu em um daqueles raros momentos instintivos, quando a ideia flui de forma t\u00e3o natural que voc\u00ea se sente apenas um passageiro. Eu tinha acabado de comprar um novo equipamento e estava em um estado de mente explorat\u00f3rio. A base da faixa surgiu em uma \u00fanica sess\u00e3o. Claro que finaliz\u00e1-la levou muito mais tempo, mas aquela primeira centelha veio f\u00e1cil. Quando terminei, tinha algo inesperado e ao mesmo tempo fiel ao meu som. <em>Polaris<\/em>, para mim, representa dire\u00e7\u00e3o \u2013 algo constante em meio ao caos. Surgiu em um momento em que eu queria me reconectar com o prop\u00f3sito de fazer m\u00fasica. Assim como a estrela que lhe d\u00e1 nome, virou uma \u00e2ncora, um momento de clareza em meio ao ru\u00eddo.\u201d<\/p>\n\n\n\n<hr class=\"wp-block-separator has-alpha-channel-opacity\"\/>\n\n\n\n<figure class=\"wp-block-image size-large\"><img loading=\"lazy\" decoding=\"async\" width=\"1024\" height=\"683\" src=\"https:\/\/droptimes.com.br\/site\/wp-content\/uploads\/2025\/06\/image-89-1024x683.png\" alt=\"\" class=\"wp-image-4164\" srcset=\"https:\/\/droptimes.com.br\/site\/wp-content\/uploads\/2025\/06\/image-89-1024x683.png 1024w, https:\/\/droptimes.com.br\/site\/wp-content\/uploads\/2025\/06\/image-89-300x200.png 300w, https:\/\/droptimes.com.br\/site\/wp-content\/uploads\/2025\/06\/image-89-768x512.png 768w, https:\/\/droptimes.com.br\/site\/wp-content\/uploads\/2025\/06\/image-89.png 1200w\" sizes=\"(max-width: 1024px) 100vw, 1024px\" \/><\/figure>\n\n\n\n<p><strong>Madben \u2013 Dat Groovy Chord<\/strong><br>Nascido no norte da Fran\u00e7a, Madben cresceu imerso na cena techno desde os anos 90, frequentando clubes e festas em armaz\u00e9ns abandonados na B\u00e9lgica. Hoje baseado em Lille, organiza eventos e produz m\u00fasica com uma pegada que mistura techno cl\u00e1ssico com uma energia renovada.<\/p>\n\n\n\n<p><strong>Madben:<\/strong> \u201cCriei essa faixa no meu est\u00fadio durante um dia ensolarado, poucos dias ap\u00f3s a virada do ano. Estava inspirado por uma energia positiva, groove e uma vibe nost\u00e1lgica. <em>Dat Groovy Chord<\/em> \u00e9 uma homenagem a todos aqueles cl\u00e1ssicos do techno e house que arrancam sorrisos quando tocam na pista. \u00c9 sobre comunh\u00e3o, celebra\u00e7\u00e3o e viver um grande momento juntos na dan\u00e7a.\u201d<\/p>\n\n\n\n<hr class=\"wp-block-separator has-alpha-channel-opacity\"\/>\n\n\n\n<p><strong>Sobre a CORE Records<\/strong><br>A CORE Records \u00e9 um selo boutique e divis\u00e3o musical dedicada dentro do universo Tomorrowland, fundada em maio de 2023. Est\u00e1 profundamente conectada ao DNA musical do CORE Festival em Bruxelas e ao ic\u00f4nico palco CORE do Tomorrowland. Em parceria com a Virgin Music\/Universal Music Group, a CORE Records cruza g\u00eaneros, culturas e fronteiras, lan\u00e7ando sons inovadores e promovendo talentos emergentes. Vision\u00e1ria, criativa e com uma abordagem al\u00e9m dos g\u00eaneros tradicionais, a gravadora apoia artistas em suas produ\u00e7\u00f5es e lan\u00e7amentos, com o objetivo de apresentar ao mundo projetos musicais aut\u00eanticos, ousados e emocionantes.<\/p>\n\n\n\n<p><strong>Links:<\/strong><br><a>core.recs.lnk.to\/corerecs<\/a><br><a class=\"\" href=\"https:\/\/www.instagram.com\/core.recs\/\">Instagram<\/a><br><a class=\"\" href=\"https:\/\/www.tiktok.com\/@core.recs\">TikTok<\/a><br><a class=\"\" href=\"https:\/\/www.facebook.com\/core.recs\">Facebook<\/a><br><a class=\"\" href=\"https:\/\/twitter.com\/core_recs\">Twitter<\/a><br><a class=\"\" href=\"https:\/\/corerecords.bandcamp.com\">Bandcamp<\/a><\/p>\n","protected":false},"excerpt":{"rendered":"<p>EP curado com 5 faixas in\u00e9ditas de artistas inovadores ao redor do mundo, incluindo Amirali, Adrian Roman, Madben, Magdalena e Upercent A CORE Records tem o prazer de apresentar o \u2018CORE VA: RASA\u2019: um EP com 5 faixas cuidadosamente selecionadas, tecendo uma rica tape\u00e7aria de g\u00eaneros que v\u00e3o do indie e mel\u00f3dico ao progressive, house [&hellip;]<\/p>\n","protected":false},"author":3,"featured_media":4157,"comment_status":"closed","ping_status":"closed","sticky":false,"template":"","format":"standard","meta":{"pagelayer_contact_templates":[],"_pagelayer_content":"","footnotes":""},"categories":[159,158,157],"tags":[542,171,540,537,174,170,168,169,541,543,279,539,167,544],"class_list":["post-4156","post","type-post","status-publish","format-standard","has-post-thumbnail","hentry","category-destaques","category-lancamentos","category-news","tag-adrian-roman","tag-afro-house","tag-amirali","tag-core-records","tag-dj","tag-edm","tag-hard-techno","tag-house","tag-madben","tag-magdalena","tag-musica-eletronica-3","tag-rasa","tag-techno","tag-upercent"],"_links":{"self":[{"href":"https:\/\/droptimes.com.br\/site\/wp-json\/wp\/v2\/posts\/4156","targetHints":{"allow":["GET"]}}],"collection":[{"href":"https:\/\/droptimes.com.br\/site\/wp-json\/wp\/v2\/posts"}],"about":[{"href":"https:\/\/droptimes.com.br\/site\/wp-json\/wp\/v2\/types\/post"}],"author":[{"embeddable":true,"href":"https:\/\/droptimes.com.br\/site\/wp-json\/wp\/v2\/users\/3"}],"replies":[{"embeddable":true,"href":"https:\/\/droptimes.com.br\/site\/wp-json\/wp\/v2\/comments?post=4156"}],"version-history":[{"count":1,"href":"https:\/\/droptimes.com.br\/site\/wp-json\/wp\/v2\/posts\/4156\/revisions"}],"predecessor-version":[{"id":4168,"href":"https:\/\/droptimes.com.br\/site\/wp-json\/wp\/v2\/posts\/4156\/revisions\/4168"}],"wp:featuredmedia":[{"embeddable":true,"href":"https:\/\/droptimes.com.br\/site\/wp-json\/wp\/v2\/media\/4157"}],"wp:attachment":[{"href":"https:\/\/droptimes.com.br\/site\/wp-json\/wp\/v2\/media?parent=4156"}],"wp:term":[{"taxonomy":"category","embeddable":true,"href":"https:\/\/droptimes.com.br\/site\/wp-json\/wp\/v2\/categories?post=4156"},{"taxonomy":"post_tag","embeddable":true,"href":"https:\/\/droptimes.com.br\/site\/wp-json\/wp\/v2\/tags?post=4156"}],"curies":[{"name":"wp","href":"https:\/\/api.w.org\/{rel}","templated":true}]}}