{"id":4129,"date":"2025-06-16T20:21:45","date_gmt":"2025-06-16T17:21:45","guid":{"rendered":"https:\/\/droptimes.com.br\/site\/?p=4129"},"modified":"2025-06-16T20:21:46","modified_gmt":"2025-06-16T17:21:46","slug":"mary-mesk-embarca-para-espanha-como-parte-do-line-up-do-zamna-barcelona","status":"publish","type":"post","link":"https:\/\/droptimes.com.br\/site\/mary-mesk-embarca-para-espanha-como-parte-do-line-up-do-zamna-barcelona\/","title":{"rendered":"Mary Mesk embarca para Espanha como parte do line-up do Zamna Barcelona"},"content":{"rendered":"\n<p><em>\u00a0DJ e produtora brasileira se apresenta no dia 15 de junho<\/em><\/p>\n\n\n\n<p>Com uma rela\u00e7\u00e3o cada vez mais s\u00f3lida com a<em>&nbsp;label<\/em>&nbsp;internacional Zamna,&nbsp;<strong>Mary Mesk&nbsp;<\/strong>se apresenta neste domingo, 15 de junho, em Barcelona. Ao lado de artistas como Gordo, Andrea Oliva, Mahmut Oram, Korolova, Shimza, Arodes e mais, a brasileira toca no Castell de Ben Viure em estreia no&nbsp;<strong>Zamna Barcelona<\/strong>.<\/p>\n\n\n\n<p>\u201c\u00c9 sempre uma satisfa\u00e7\u00e3o me apresentar em qualquer edi\u00e7\u00e3o do Zamna. Enxergo essa label como uma fam\u00edlia, na verdade. Tenho uma \u00f3tima rela\u00e7\u00e3o com os organizadores e com o p\u00fablico. \u00c9 um espa\u00e7o no qual me sinto \u00e0 vontade no palco. E me dedico muito para entregar uma apresenta\u00e7\u00e3o primorosa\u201d, declara a DJ e produtora.<\/p>\n\n\n\n<p>Mary Mesk se apresentou pela primeira vez no Zamna na edi\u00e7\u00e3o brasileira realizada no Laroc Club em novembro de 2024. Logo depois, em janeiro de 2025, a artista foi um dos nomes do line-up do Zamna Tulum, cidade do M\u00e9xico onde a pr\u00f3pria marca nasceu. Ainda este ano, em abril, ela tocou mais uma vez no Zamna Brasil.<\/p>\n\n\n\n<p>Ela completa: \u201cTive a oportunidade de tocar nas edi\u00e7\u00f5es brasileiras e no Zamna Tulum, a cidade onde a label nasceu, cresceu e se desenvolveu. Isso foi um marco na minha carreira. E sinto que agora em Barcelona tamb\u00e9m vou ter a possibilidade de fazer outra apresenta\u00e7\u00e3o para ficar na mem\u00f3ria\u201d.<\/p>\n\n\n\n<p><a href=\"https:\/\/gmail.us22.list-manage.com\/track\/click?u=7a86e638012668149025d8237&amp;id=71a37c9335&amp;e=ec09cd488c\" target=\"_blank\" rel=\"noreferrer noopener\">Acompanhe Mary Mesk neste link<\/a><\/p>\n\n\n\n<p><strong>Informa\u00e7\u00f5es para imprensa<\/strong><\/p>\n\n\n\n<p><strong>Das Musik<\/strong> @dasmusikbr<\/p>\n\n\n\n<p>Vit\u00f3ria Martins Zane<\/p>\n\n\n\n<p><a href=\"mailto:vitoria@dasmusikbr.com\" target=\"_blank\" rel=\"noreferrer noopener\">vitoria@dasmusikbr.com<\/a> | (11) 97525-0994<\/p>\n\n\n\n<p>Ana Luiza Van Hoorn<\/p>\n\n\n\n<p><a href=\"mailto:analuiza@dasmusikbr.com\" target=\"_blank\" rel=\"noreferrer noopener\">analuiza@dasmusikbr.com<\/a> | (11) 98448-4605<\/p>\n","protected":false},"excerpt":{"rendered":"<p>\u00a0DJ e produtora brasileira se apresenta no dia 15 de junho Com uma rela\u00e7\u00e3o cada vez mais s\u00f3lida com a&nbsp;label&nbsp;internacional Zamna,&nbsp;Mary Mesk&nbsp;se apresenta neste domingo, 15 de junho, em Barcelona. Ao lado de artistas como Gordo, Andrea Oliva, Mahmut Oram, Korolova, Shimza, Arodes e mais, a brasileira toca no Castell de Ben Viure em estreia [&hellip;]<\/p>\n","protected":false},"author":3,"featured_media":4130,"comment_status":"closed","ping_status":"closed","sticky":false,"template":"","format":"standard","meta":{"pagelayer_contact_templates":[],"_pagelayer_content":"","footnotes":""},"categories":[20,157,160],"tags":[501,174,170,168,169,279,500],"class_list":["post-4129","post","type-post","status-publish","format-standard","has-post-thumbnail","hentry","category-lifestyle","category-news","category-noticias-populares","tag-barcelona","tag-dj","tag-edm","tag-hard-techno","tag-house","tag-musica-eletronica-3","tag-zamna"],"_links":{"self":[{"href":"https:\/\/droptimes.com.br\/site\/wp-json\/wp\/v2\/posts\/4129","targetHints":{"allow":["GET"]}}],"collection":[{"href":"https:\/\/droptimes.com.br\/site\/wp-json\/wp\/v2\/posts"}],"about":[{"href":"https:\/\/droptimes.com.br\/site\/wp-json\/wp\/v2\/types\/post"}],"author":[{"embeddable":true,"href":"https:\/\/droptimes.com.br\/site\/wp-json\/wp\/v2\/users\/3"}],"replies":[{"embeddable":true,"href":"https:\/\/droptimes.com.br\/site\/wp-json\/wp\/v2\/comments?post=4129"}],"version-history":[{"count":1,"href":"https:\/\/droptimes.com.br\/site\/wp-json\/wp\/v2\/posts\/4129\/revisions"}],"predecessor-version":[{"id":4131,"href":"https:\/\/droptimes.com.br\/site\/wp-json\/wp\/v2\/posts\/4129\/revisions\/4131"}],"wp:featuredmedia":[{"embeddable":true,"href":"https:\/\/droptimes.com.br\/site\/wp-json\/wp\/v2\/media\/4130"}],"wp:attachment":[{"href":"https:\/\/droptimes.com.br\/site\/wp-json\/wp\/v2\/media?parent=4129"}],"wp:term":[{"taxonomy":"category","embeddable":true,"href":"https:\/\/droptimes.com.br\/site\/wp-json\/wp\/v2\/categories?post=4129"},{"taxonomy":"post_tag","embeddable":true,"href":"https:\/\/droptimes.com.br\/site\/wp-json\/wp\/v2\/tags?post=4129"}],"curies":[{"name":"wp","href":"https:\/\/api.w.org\/{rel}","templated":true}]}}