{"id":4098,"date":"2025-06-12T14:46:00","date_gmt":"2025-06-12T11:46:00","guid":{"rendered":"https:\/\/droptimes.com.br\/site\/?p=4098"},"modified":"2025-06-12T14:46:01","modified_gmt":"2025-06-12T11:46:01","slug":"ruback-apresenta-errorr-em-belo-ehorizonte-com-adam-sellouk-departamento-victor-alc-e-pacs","status":"publish","type":"post","link":"https:\/\/droptimes.com.br\/site\/ruback-apresenta-errorr-em-belo-ehorizonte-com-adam-sellouk-departamento-victor-alc-e-pacs\/","title":{"rendered":"RUBACK apresenta ERRORR em Belo eHorizonte com Adam Sellouk, Departamento, Victor Alc e Pacs"},"content":{"rendered":"\n<p><em>Festa autoral de RUBACK acontece no dia 18 de junho e leva techno mel\u00f3dico \u00e0 capital mineira, numa realiza\u00e7\u00e3o da VSLT Produ\u00e7\u00f5es<\/em><\/p>\n\n\n\n<p>Na v\u00e9spera do feriado de Corpus Christi, Belo Horizonte ser\u00e1 palco da primeira edi\u00e7\u00e3o da&nbsp;<strong>ERRORR&nbsp;<\/strong>em solo mineiro. Com um line-up de peso e uma proposta ousada, a festa criada pelos irm\u00e3os&nbsp;<strong>Marcos e Lucas&nbsp;<\/strong>chega \u00e0 cidade no dia&nbsp;<strong>18 de junho&nbsp;<\/strong>para desafiar o convencional e convidar o p\u00fablico a uma imers\u00e3o total sem celulares, sem distra\u00e7\u00f5es, apenas m\u00fasica, arte e presen\u00e7a.<\/p>\n\n\n\n<p>A dupla RUBACK deu in\u00edcio ao projeto em 2023, explorando novas possibilidades dentro das sonoridades mais envolventes e mel\u00f3dicas do Techno, e a resposta do p\u00fablico foi muito positiva &#8211; n\u00e3o \u00e0 toa, a festa autoral j\u00e1 soma muitas edi\u00e7\u00f5es no Brasil, outras tantas ao redor do mundo, al\u00e9m de lan\u00e7amentos importantes que d\u00e3o cada vez mais reconhecimento ao movimento proposto pela ERROR.<\/p>\n\n\n\n<p>No line-up, um time de talentos assume os&nbsp;<em>decks&nbsp;<\/em>para conduzir a jornada sonora: o israelense&nbsp;<strong>Adam Sellouk<\/strong>, revela\u00e7\u00e3o global com lan\u00e7amentos pela Afterlife e passagens por Hi Ibiza, Tomorrowland e Brooklyn Mirage; o coletivo&nbsp;<strong>DEPARTAMENTO<\/strong>, que mescla&nbsp;<em>indie&nbsp;<\/em>dance e est\u00e9tica oitentista com uma pegada provocativa; o baiano&nbsp;<strong>Victor Alc<\/strong>, trazendo as ra\u00edzes afro e org\u00e2nicas de Salvador; e&nbsp;<strong>PACS<\/strong>, pianista e A&amp;R da&nbsp;<em>label<\/em>, com&nbsp;<em>sets&nbsp;<\/em>emocionantes e energia de pista; al\u00e9m do anfitri\u00e3o&nbsp;<strong>RUBACK<\/strong>. Para fechar, um B2B surpresa (sem spoilers).<\/p>\n\n\n<div class=\"wp-block-image\">\n<figure class=\"aligncenter size-full\"><img fetchpriority=\"high\" decoding=\"async\" width=\"560\" height=\"700\" src=\"https:\/\/droptimes.com.br\/site\/wp-content\/uploads\/2025\/06\/image-42.png\" alt=\"\" class=\"wp-image-4100\" srcset=\"https:\/\/droptimes.com.br\/site\/wp-content\/uploads\/2025\/06\/image-42.png 560w, https:\/\/droptimes.com.br\/site\/wp-content\/uploads\/2025\/06\/image-42-240x300.png 240w\" sizes=\"(max-width: 560px) 100vw, 560px\" \/><\/figure>\n<\/div>\n\n\n<p>Com a \u201cNo Phone Policy\u201d em BH, pr\u00e1tica comum nos grandes&nbsp;<em>clubs&nbsp;<\/em>europeus, onde os celulares recebem um adesivo na entrada, a ERROR incentiva o p\u00fablico a viver cada momento intensamente. Os registros ficam por conta da produ\u00e7\u00e3o, que depois disponibiliza v\u00eddeos profissionais para quem quiser reviver ou compartilhar a noite. Esta \u00e9 uma pr\u00e1tica existente para que o p\u00fablico esteja presente e aproveite o verdadeiro ponto de uma festa, a m\u00fasica!<\/p>\n\n\n\n<p>Principal&nbsp;<em>label&nbsp;<\/em>de&nbsp;<em>Techno&nbsp;<\/em>Mel\u00f3dico da Am\u00e9rica do Sul, a ERRORR aterrissa no&nbsp;<strong>Shopping do Avi\u00e3o<\/strong>, em&nbsp;<strong>Contagem<\/strong>, com uma proposta que j\u00e1 conquistou S\u00e3o Paulo, Rio, Cambori\u00fa (Greenvalley) e at\u00e9 Londres: uma experi\u00eancia audiovisual imersiva, com est\u00e9tica futurista e um conceito que mistura m\u00fasica eletr\u00f4nica, moda e arte.<\/p>\n\n\n\n<p>Produzido pela empresa mineira&nbsp;<strong>VSLT Produ\u00e7\u00f5es<\/strong>, o evento \u00e9 um manifesto est\u00e9tico e sensorial que convida o p\u00fablico a explorar o desconhecido, se desconectar do mundo externo e mergulhar de corpo inteiro na experi\u00eancia ERRORR.<\/p>\n\n\n\n<p><strong>Servi\u00e7o<\/strong><\/p>\n\n\n\n<p><strong>ERRORR | Belo Horizonte<\/strong><\/p>\n\n\n\n<p><strong>Data:&nbsp;<\/strong>18 de junho de 2025 (quarta-feira)<\/p>\n\n\n\n<p><strong>Hor\u00e1rio:&nbsp;<\/strong>a partir das 21h<\/p>\n\n\n\n<p><strong>Local:&nbsp;<\/strong>Shopping do Avi\u00e3o (Av. Babita Camargos, 1.295 &#8211; Cidade Industrial, Contagem &#8211; MG, 32210-180)<\/p>\n\n\n\n<p><strong>Atra\u00e7\u00f5es:&nbsp;<\/strong>Adam Sellouk, DEPARTAMENTO, Victor Alc, PACS e RUBACK<\/p>\n\n\n\n<p><strong>Ingressos:&nbsp;<\/strong>sujeito a disponibilidade de lote via Baladapp [<a href=\"https:\/\/gmail.us22.list-manage.com\/track\/click?u=7a86e638012668149025d8237&amp;id=5526c1b072&amp;e=ec09cd488c\" target=\"_blank\" rel=\"noreferrer noopener\">https:\/\/baladapp.com.br\/pt-BR\/eventos\/errorr-belo-horizonte\/6565<\/a>], nos setores pista e camarote, na modalidade meia-solid\u00e1ria (mediante doa\u00e7\u00e3o de 1kg de alimento n\u00e3o perec\u00edvel).<\/p>\n\n\n\n<p><strong>Classifica\u00e7\u00e3o:&nbsp;<\/strong>18 anos<\/p>\n\n\n\n<p><strong>Informa\u00e7\u00f5es para imprensa<\/strong><\/p>\n\n\n\n<p><strong>Das Musik<\/strong> @dasmusikbr<\/p>\n\n\n\n<p>Vit\u00f3ria Martins Zane<\/p>\n\n\n\n<p><a href=\"mailto:vitoria@dasmusikbr.com\" target=\"_blank\" rel=\"noreferrer noopener\">vitoria@dasmusikbr.com<\/a> | (11) 97525-0994<\/p>\n\n\n\n<p>Ana Luiza Van Hoorn<\/p>\n\n\n\n<p><a href=\"mailto:analuiza@dasmusikbr.com\" target=\"_blank\" rel=\"noreferrer noopener\">analuiza@dasmusikbr.com<\/a> | (11) 96576-9320<\/p>\n","protected":false},"excerpt":{"rendered":"<p>Festa autoral de RUBACK acontece no dia 18 de junho e leva techno mel\u00f3dico \u00e0 capital mineira, numa realiza\u00e7\u00e3o da VSLT Produ\u00e7\u00f5es Na v\u00e9spera do feriado de Corpus Christi, Belo Horizonte ser\u00e1 palco da primeira edi\u00e7\u00e3o da&nbsp;ERRORR&nbsp;em solo mineiro. Com um line-up de peso e uma proposta ousada, a festa criada pelos irm\u00e3os&nbsp;Marcos e Lucas&nbsp;chega [&hellip;]<\/p>\n","protected":false},"author":3,"featured_media":4099,"comment_status":"closed","ping_status":"closed","sticky":false,"template":"","format":"standard","meta":{"pagelayer_contact_templates":[],"_pagelayer_content":"","footnotes":""},"categories":[20,157],"tags":[484,318,483,485,174,170,482,168,169,279,487,167,486],"class_list":["post-4098","post","type-post","status-publish","format-standard","has-post-thumbnail","hentry","category-lifestyle","category-news","tag-adam-sellouk","tag-belo-horizonte","tag-bh","tag-departamento","tag-dj","tag-edm","tag-errorr","tag-hard-techno","tag-house","tag-musica-eletronica-3","tag-pacs","tag-techno","tag-victor-alc"],"_links":{"self":[{"href":"https:\/\/droptimes.com.br\/site\/wp-json\/wp\/v2\/posts\/4098","targetHints":{"allow":["GET"]}}],"collection":[{"href":"https:\/\/droptimes.com.br\/site\/wp-json\/wp\/v2\/posts"}],"about":[{"href":"https:\/\/droptimes.com.br\/site\/wp-json\/wp\/v2\/types\/post"}],"author":[{"embeddable":true,"href":"https:\/\/droptimes.com.br\/site\/wp-json\/wp\/v2\/users\/3"}],"replies":[{"embeddable":true,"href":"https:\/\/droptimes.com.br\/site\/wp-json\/wp\/v2\/comments?post=4098"}],"version-history":[{"count":1,"href":"https:\/\/droptimes.com.br\/site\/wp-json\/wp\/v2\/posts\/4098\/revisions"}],"predecessor-version":[{"id":4101,"href":"https:\/\/droptimes.com.br\/site\/wp-json\/wp\/v2\/posts\/4098\/revisions\/4101"}],"wp:featuredmedia":[{"embeddable":true,"href":"https:\/\/droptimes.com.br\/site\/wp-json\/wp\/v2\/media\/4099"}],"wp:attachment":[{"href":"https:\/\/droptimes.com.br\/site\/wp-json\/wp\/v2\/media?parent=4098"}],"wp:term":[{"taxonomy":"category","embeddable":true,"href":"https:\/\/droptimes.com.br\/site\/wp-json\/wp\/v2\/categories?post=4098"},{"taxonomy":"post_tag","embeddable":true,"href":"https:\/\/droptimes.com.br\/site\/wp-json\/wp\/v2\/tags?post=4098"}],"curies":[{"name":"wp","href":"https:\/\/api.w.org\/{rel}","templated":true}]}}