{"id":4071,"date":"2025-06-10T22:56:43","date_gmt":"2025-06-10T19:56:43","guid":{"rendered":"https:\/\/droptimes.com.br\/site\/?p=4071"},"modified":"2025-06-10T22:56:43","modified_gmt":"2025-06-10T19:56:43","slug":"amnesia-revela-sua-programacao-de-verao-2025-um-convite-a-danca-e-o-antidoto-a-mercantilizacao-de-ibiza","status":"publish","type":"post","link":"https:\/\/droptimes.com.br\/site\/amnesia-revela-sua-programacao-de-verao-2025-um-convite-a-danca-e-o-antidoto-a-mercantilizacao-de-ibiza\/","title":{"rendered":"Amnesia revela sua programa\u00e7\u00e3o de ver\u00e3o 2025: um convite \u00e0 dan\u00e7a \u2013 e o ant\u00eddoto \u00e0 mercantiliza\u00e7\u00e3o de Ibiza"},"content":{"rendered":"\n<p>Em uma temporada que pode ser a mais transformadora da hist\u00f3ria da Ilha Branca, o lend\u00e1rio superclub apresenta seu calend\u00e1rio completo para 2025 \u2013 um sinal claro de onde sua pol\u00edtica musical est\u00e1 agora posicionada.<\/p>\n\n\n\n<p>Com novas resid\u00eancias e um novo sistema de som imersivo, a Amnesia aposta no que realmente importa: <strong>m\u00fasica e atmosfera em primeiro lugar<\/strong>. Este ver\u00e3o n\u00e3o \u00e9 sobre espet\u00e1culos. \u00c9 um retorno ao sentimento.<\/p>\n\n\n\n<p>O verdadeiro alicerce da vida noturna em Ibiza ainda \u00e9 a <strong>pista de dan\u00e7a<\/strong> \u2013 n\u00e3o os outdoors, os n\u00fameros de seguidores ou a cultura VIP. Os clubes s\u00e3o lugares de fuga, de imers\u00e3o sonora, de conex\u00e3o por meio de momentos compartilhados. E a Amnesia continua sendo um espa\u00e7o para quem n\u00e3o chega para ser visto, mas para <strong>desaparecer na m\u00fasica<\/strong>.<\/p>\n\n\n\n<p>Essa \u00e9 a mensagem por tr\u00e1s da programa\u00e7\u00e3o deste ano, que une <strong>novas resid\u00eancias de destaque<\/strong> e <strong>grandes marcas globais<\/strong>. Ben Hemsley, KETTAMA e o selo <em>Eastenderz<\/em> de East End Dubs se juntam a gigantes como Resistance, Boiler Room e Do Not Sleep \u2013 um line-up com subst\u00e2ncia, sem depender de escala ou ostenta\u00e7\u00e3o.<\/p>\n\n\n\n<p>Enquanto outras partes da ilha caminham para o previs\u00edvel e o espetacular, a Amnesia mant\u00e9m-se fiel \u00e0 sua ess\u00eancia: uma alternativa crua, voltada aos clubbers que valorizam curadoria em vez de conveni\u00eancia, e noites que ainda s\u00e3o movidas por instinto. No centro de tudo, continuam os princ\u00edpios que moldaram a Amnesia por quase 50 anos: <strong>m\u00fasica, liberdade e mem\u00f3rias duradouras<\/strong>.<\/p>\n\n\n\n<figure class=\"wp-block-gallery has-nested-images columns-default is-cropped wp-block-gallery-1 is-layout-flex wp-block-gallery-is-layout-flex\">\n<figure class=\"wp-block-image size-large\"><img fetchpriority=\"high\" decoding=\"async\" width=\"683\" height=\"1024\" data-id=\"4074\" src=\"https:\/\/droptimes.com.br\/site\/wp-content\/uploads\/2025\/06\/PHRANK-2025-05-11-12052-1-683x1024.jpg\" alt=\"\" class=\"wp-image-4074\" srcset=\"https:\/\/droptimes.com.br\/site\/wp-content\/uploads\/2025\/06\/PHRANK-2025-05-11-12052-1-683x1024.jpg 683w, https:\/\/droptimes.com.br\/site\/wp-content\/uploads\/2025\/06\/PHRANK-2025-05-11-12052-1-200x300.jpg 200w, https:\/\/droptimes.com.br\/site\/wp-content\/uploads\/2025\/06\/PHRANK-2025-05-11-12052-1-768x1152.jpg 768w, https:\/\/droptimes.com.br\/site\/wp-content\/uploads\/2025\/06\/PHRANK-2025-05-11-12052-1-1024x1536.jpg 1024w, https:\/\/droptimes.com.br\/site\/wp-content\/uploads\/2025\/06\/PHRANK-2025-05-11-12052-1-scaled.jpg 1707w\" sizes=\"(max-width: 683px) 100vw, 683px\" \/><\/figure>\n\n\n\n<figure class=\"wp-block-image size-large\"><img decoding=\"async\" data-id=\"4075\" src=\"https:\/\/droptimes.com.br\/site\/wp-content\/uploads\/2025\/06\/David-Montes-Amnesia-Opening-2025.jpg.jpg\" alt=\"\" class=\"wp-image-4075\"\/><\/figure>\n<\/figure>\n\n\n\n<h3 class=\"wp-block-heading\"><strong>Destaques da programa\u00e7\u00e3o 2025:<\/strong><\/h3>\n\n\n\n<ul class=\"wp-block-list\">\n<li><strong>Segundas-feiras:<\/strong> <em>Amnesia Presents<\/em> renasce com <strong>Ben Hemsley<\/strong> e <strong>KETTAMA<\/strong>, recebendo convidados como <strong>Interplanetary Criminal<\/strong> e <strong>Dennis Sulta<\/strong> no ic\u00f4nico terra\u00e7o.<\/li>\n\n\n\n<li><strong>Ter\u00e7as-feiras:<\/strong> <strong>East End Dubs<\/strong> traz o selo <em>Eastenderz<\/em> pela primeira vez \u00e0 Amnesia, com uma noite dedicada ao house grooveado que j\u00e1 conquistou uma legi\u00e3o de f\u00e3s por toda a Europa.<\/li>\n\n\n\n<li><strong>Quartas-feiras:<\/strong> Ap\u00f3s cinco anos, a <strong>Resistance<\/strong> retorna com for\u00e7a total. <strong>Artbat<\/strong> e <strong>Adam Beyer<\/strong> lideram como residentes, com sets B2B exclusivos e convidados como <strong>Richie Hawtin<\/strong>, <strong>ANNA<\/strong>, <strong>Maceo Plex<\/strong> e <strong>Hardwell<\/strong> (em sua \u00fanica apresenta\u00e7\u00e3o em Ibiza em 2025).<\/li>\n\n\n\n<li><strong>Quintas-feiras:<\/strong> <strong>Boiler Room<\/strong> estreia sua <strong>primeira resid\u00eancia em Ibiza<\/strong>, ap\u00f3s o evento hist\u00f3rico com Charli XCX em 2024. A curadoria traz nomes como <strong>The Streets<\/strong>, <strong>Bicep<\/strong>, <strong>Chase &amp; Status<\/strong>, <strong>Sammy Virji<\/strong>, <strong>Flowdan<\/strong>, <strong>Joy Orbison<\/strong> e muito mais.<\/li>\n\n\n\n<li><strong>Sextas-feiras:<\/strong> Os irm\u00e3os <strong>Mathame<\/strong> retornam com <strong>NEO<\/strong>, uma resid\u00eancia de techno mel\u00f3dico e cinematogr\u00e1fico com quatro eventos exclusivos \u2013 para quem busca uma experi\u00eancia imersiva e visual na pista.<\/li>\n\n\n\n<li><strong>S\u00e1bados:<\/strong> A energia vibrante da <strong>Bresh<\/strong>, festa argentina conhecida por sua mistura de reggaeton, ritmos latinos e produ\u00e7\u00e3o colorida, assume os s\u00e1bados. Uma alternativa aut\u00eantica para quem quer ir al\u00e9m do 4\/4.<\/li>\n\n\n\n<li><strong>Domingos:<\/strong> A tradicional <strong>Pyramid<\/strong>, sess\u00e3o underground da casa, fecha a semana com house, minimal e techno. Confirmados: <strong>Amelie Lens<\/strong>, <strong>DJ Tennis<\/strong>, <strong>Nina Kraviz<\/strong>, <strong>Ricardo Villalobos<\/strong> e <strong>Vintage Culture<\/strong> \u2013 DJs que movimentam a pista sem precisar de holofotes.<\/li>\n<\/ul>\n\n\n\n<p>Al\u00e9m das resid\u00eancias semanais, o ver\u00e3o contar\u00e1 com <strong>eventos especiais e takeovers<\/strong> que mostram o alcance musical da Amnesia:<\/p>\n\n\n\n<ul class=\"wp-block-list\">\n<li><strong>BBC Radio 1 Dance X<\/strong> est\u00e1 de volta<\/li>\n\n\n\n<li><strong>Mixmag Ibiza Sessions<\/strong> com <strong>Boys Noize<\/strong>, <strong>Angerfist<\/strong> e <strong>Fish56Octagon<\/strong><\/li>\n\n\n\n<li><strong>Homobloc<\/strong> com <strong>Sugababes<\/strong> e <strong>Horse Meat Disco<\/strong><\/li>\n\n\n\n<li><strong>Teletech<\/strong> com <strong>Patrick Mason<\/strong><\/li>\n\n\n\n<li><strong>Fatima Hajji Invites<\/strong><\/li>\n\n\n\n<li>O aguardado retorno da <strong>Godskitchen<\/strong> com <strong>Paul Van Dyk<\/strong>, <strong>Eddie Halliwell<\/strong> e pioneiros do trance em setembro<\/li>\n<\/ul>\n\n\n\n<p>E claro, a <strong>cl\u00e1ssica festa de encerramento<\/strong> de dois dias, marcada para os dias <strong>10 e 11 de outubro<\/strong>, encerrando a temporada com chave de ouro. A equipe ainda promete mais <strong>surpresas e festas exclusivas<\/strong> a serem anunciadas ao longo do ver\u00e3o.<\/p>\n\n\n\n<hr class=\"wp-block-separator has-alpha-channel-opacity\"\/>\n\n\n\n<h3 class=\"wp-block-heading\"><strong>Amnesia 2025: Um chamado \u00e0 ess\u00eancia do clubbing<\/strong><\/h3>\n\n\n\n<p>Num momento em que Ibiza dita o ritmo da cultura global da m\u00fasica eletr\u00f4nica, a Amnesia assume essa responsabilidade com seriedade. Em 2025, a curadoria \u00e9 precisa, sem distra\u00e7\u00f5es, destacando a nova gera\u00e7\u00e3o de talentos enquanto celebra os sons que moldaram a alma da ilha.<\/p>\n\n\n\n<p><strong>Ingressos j\u00e1 dispon\u00edveis:<\/strong><br> <a class=\"\" href=\"https:\/\/www.amnesia.es\/en\/amnesia-residencies-2025\">https:\/\/www.amnesia.es\/en\/amnesia-residencies-2025<\/a><\/p>\n\n\n\n<p><\/p>\n","protected":false},"excerpt":{"rendered":"<p>Em uma temporada que pode ser a mais transformadora da hist\u00f3ria da Ilha Branca, o lend\u00e1rio superclub apresenta seu calend\u00e1rio completo para 2025 \u2013 um sinal claro de onde sua pol\u00edtica musical est\u00e1 agora posicionada. Com novas resid\u00eancias e um novo sistema de som imersivo, a Amnesia aposta no que realmente importa: m\u00fasica e atmosfera [&hellip;]<\/p>\n","protected":false},"author":3,"featured_media":4072,"comment_status":"closed","ping_status":"closed","sticky":false,"template":"","format":"standard","meta":{"pagelayer_contact_templates":[],"_pagelayer_content":"","footnotes":""},"categories":[20,157],"tags":[171,468,470,174,170,168,169,178,279,167,469],"class_list":["post-4071","post","type-post","status-publish","format-standard","has-post-thumbnail","hentry","category-lifestyle","category-news","tag-afro-house","tag-amnesia","tag-club","tag-dj","tag-edm","tag-hard-techno","tag-house","tag-ibiza","tag-musica-eletronica-3","tag-techno","tag-verao-2025"],"_links":{"self":[{"href":"https:\/\/droptimes.com.br\/site\/wp-json\/wp\/v2\/posts\/4071","targetHints":{"allow":["GET"]}}],"collection":[{"href":"https:\/\/droptimes.com.br\/site\/wp-json\/wp\/v2\/posts"}],"about":[{"href":"https:\/\/droptimes.com.br\/site\/wp-json\/wp\/v2\/types\/post"}],"author":[{"embeddable":true,"href":"https:\/\/droptimes.com.br\/site\/wp-json\/wp\/v2\/users\/3"}],"replies":[{"embeddable":true,"href":"https:\/\/droptimes.com.br\/site\/wp-json\/wp\/v2\/comments?post=4071"}],"version-history":[{"count":1,"href":"https:\/\/droptimes.com.br\/site\/wp-json\/wp\/v2\/posts\/4071\/revisions"}],"predecessor-version":[{"id":4078,"href":"https:\/\/droptimes.com.br\/site\/wp-json\/wp\/v2\/posts\/4071\/revisions\/4078"}],"wp:featuredmedia":[{"embeddable":true,"href":"https:\/\/droptimes.com.br\/site\/wp-json\/wp\/v2\/media\/4072"}],"wp:attachment":[{"href":"https:\/\/droptimes.com.br\/site\/wp-json\/wp\/v2\/media?parent=4071"}],"wp:term":[{"taxonomy":"category","embeddable":true,"href":"https:\/\/droptimes.com.br\/site\/wp-json\/wp\/v2\/categories?post=4071"},{"taxonomy":"post_tag","embeddable":true,"href":"https:\/\/droptimes.com.br\/site\/wp-json\/wp\/v2\/tags?post=4071"}],"curies":[{"name":"wp","href":"https:\/\/api.w.org\/{rel}","templated":true}]}}