{"id":4056,"date":"2025-06-10T16:05:10","date_gmt":"2025-06-10T13:05:10","guid":{"rendered":"https:\/\/droptimes.com.br\/site\/?p=4056"},"modified":"2025-06-10T16:05:10","modified_gmt":"2025-06-10T13:05:10","slug":"ha-3-anos-no-mercado-festa-eden-ganha-mais-uma-edicao-no-privilege-juiz-de-fora","status":"publish","type":"post","link":"https:\/\/droptimes.com.br\/site\/ha-3-anos-no-mercado-festa-eden-ganha-mais-uma-edicao-no-privilege-juiz-de-fora\/","title":{"rendered":"H\u00e1 3 anos no mercado, festa \u00c9DEN ganha mais uma edi\u00e7\u00e3o no Privil\u00e8ge Juiz de Fora"},"content":{"rendered":"\n<p><em>No dia 28 de junho, a partir das 16h, o Privil\u00e8ge Juiz de Fora se transforma em um portal sensorial repleto de m\u00fasica eletr\u00f4nica, performances, experi\u00eancias m\u00edsticas e um line up de tirar o f\u00f4lego<\/em><\/p>\n\n\n\n<p>Os port\u00f5es do&nbsp;<strong>\u00c9DEN<\/strong>&nbsp;se abrem para mais uma viagem sensorial como nenhuma outra no&nbsp;<a href=\"https:\/\/gmail.us22.list-manage.com\/track\/click?u=7a86e638012668149025d8237&amp;id=7ac4131803&amp;e=ec09cd488c\" target=\"_blank\" rel=\"noreferrer noopener\"><strong>Privil\u00e8ge Juiz de Fora<\/strong><\/a>. No dia&nbsp;<strong>28 de junho<\/strong>, a festa come\u00e7a ainda de dia, e isso n\u00e3o \u00e9 por acaso. A luz m\u00e1gica do fim de tarde, o cen\u00e1rio cuidadosamente pensado, os detalhes que ganham vida \u00e0 luz do sol\u2026 Tudo isso foi feito para ser vivido desde o in\u00edcio.&nbsp;<\/p>\n\n\n\n<p>O&nbsp;<strong>\u00c9DEN<\/strong>&nbsp;n\u00e3o \u00e9 apenas uma festa. \u00c9 um portal. Uma fenda entre mundos que come\u00e7a em um jardim encantado e vai se transformando num universo vibrante, l\u00fadico e repleto de surpresas. Onde a m\u00fasica eletr\u00f4nica \u00e9 o fio condutor, mas o que acontece em volta dela \u00e9 pura alquimia: performances, leituras de tarot e muito mais.<\/p>\n\n\n\n<p>Num line-up que n\u00e3o brinca em servi\u00e7o, a edi\u00e7\u00e3o de 2025 contar\u00e1 com&nbsp;<strong>Viot<\/strong>&nbsp;como headliner, um artista que vem ganhando as pistas do mundo com seu estilo \u00fanico como aposta para comandar a noite. Junto com ele, Unfazed um dos maiores nomes do afro-house nacional, al\u00e9m de&nbsp;<strong>Tato<\/strong>. Juntos, os artistas completam um trio poderoso, cada um trazendo sua assinatura e uma sele\u00e7\u00e3o sonora para garantir uma verdadeira jornada atrav\u00e9s da m\u00fasica.&nbsp;<strong>Watzgood<\/strong>,&nbsp;<strong>Offbeat<\/strong>,&nbsp;<strong>Hyke<\/strong>&nbsp;e&nbsp;<strong>Kureb<\/strong>&nbsp;completam essa noite m\u00e1gica.<\/p>\n\n\n\n<figure class=\"wp-block-gallery has-nested-images columns-default is-cropped wp-block-gallery-1 is-layout-flex wp-block-gallery-is-layout-flex\">\n<figure class=\"wp-block-image size-large\"><img fetchpriority=\"high\" decoding=\"async\" width=\"819\" height=\"1024\" data-id=\"4058\" src=\"https:\/\/droptimes.com.br\/site\/wp-content\/uploads\/2025\/06\/SnapInsta.to_494559423_18271499875280792_3949285872325540519_n-819x1024.jpg\" alt=\"\" class=\"wp-image-4058\" srcset=\"https:\/\/droptimes.com.br\/site\/wp-content\/uploads\/2025\/06\/SnapInsta.to_494559423_18271499875280792_3949285872325540519_n-819x1024.jpg 819w, https:\/\/droptimes.com.br\/site\/wp-content\/uploads\/2025\/06\/SnapInsta.to_494559423_18271499875280792_3949285872325540519_n-240x300.jpg 240w, https:\/\/droptimes.com.br\/site\/wp-content\/uploads\/2025\/06\/SnapInsta.to_494559423_18271499875280792_3949285872325540519_n-768x960.jpg 768w, https:\/\/droptimes.com.br\/site\/wp-content\/uploads\/2025\/06\/SnapInsta.to_494559423_18271499875280792_3949285872325540519_n.jpg 1080w\" sizes=\"(max-width: 819px) 100vw, 819px\" \/><\/figure>\n\n\n\n<figure class=\"wp-block-image size-large\"><img decoding=\"async\" width=\"819\" height=\"1024\" data-id=\"4059\" src=\"https:\/\/droptimes.com.br\/site\/wp-content\/uploads\/2025\/06\/SnapInsta.to_494523391_18271499914280792_6516101299944832155_n-819x1024.jpg\" alt=\"\" class=\"wp-image-4059\" srcset=\"https:\/\/droptimes.com.br\/site\/wp-content\/uploads\/2025\/06\/SnapInsta.to_494523391_18271499914280792_6516101299944832155_n-819x1024.jpg 819w, https:\/\/droptimes.com.br\/site\/wp-content\/uploads\/2025\/06\/SnapInsta.to_494523391_18271499914280792_6516101299944832155_n-240x300.jpg 240w, https:\/\/droptimes.com.br\/site\/wp-content\/uploads\/2025\/06\/SnapInsta.to_494523391_18271499914280792_6516101299944832155_n-768x960.jpg 768w, https:\/\/droptimes.com.br\/site\/wp-content\/uploads\/2025\/06\/SnapInsta.to_494523391_18271499914280792_6516101299944832155_n.jpg 1080w\" sizes=\"(max-width: 819px) 100vw, 819px\" \/><\/figure>\n<\/figure>\n\n\n\n<p>Desde 2023, a label vem encantando p\u00fablicos diversos com sua proposta ousada de ser mais que uma festa, ser uma experi\u00eancia, um lugar de descoberta, de sensa\u00e7\u00f5es, de liberdade. Um convite para abrir a mente, soltar o corpo e se deixar levar por tudo aquilo que ainda n\u00e3o foi vivido. E tudo isso acontecer\u00e1 em um dos clubs mais importantes da cena brasileira: o&nbsp;<a href=\"https:\/\/gmail.us22.list-manage.com\/track\/click?u=7a86e638012668149025d8237&amp;id=fa7a09cf92&amp;e=ec09cd488c\" target=\"_blank\" rel=\"noreferrer noopener\"><strong>Privil\u00e8ge Juiz de Fora<\/strong><\/a>&nbsp;j\u00e1 tem mais de 20 anos de casa e se encontra em meio a natureza, refor\u00e7ando ainda mais o tema do evento.<\/p>\n\n\n\n<p>E para melhorar ainda mais a noite, a partir das 22h no segundo piso do local a&nbsp;<strong>Festa Popcorn<\/strong>&nbsp;far\u00e1 sua estreia. Com o intuito de trazer o Pop e Eletropop para mais perto \u00e9 a pe\u00e7a chave que vai complementar o evento.<\/p>\n\n\n\n<p><strong>Acompanhe o Privil\u00e8ge Juiz de Fora:\u00a0<\/strong><a href=\"https:\/\/gmail.us22.list-manage.com\/track\/click?u=7a86e638012668149025d8237&amp;id=134eb5d475&amp;e=ec09cd488c\" target=\"_blank\" rel=\"noreferrer noopener\">Instagram<\/a><\/p>\n\n\n\n<p><strong>Servi\u00e7o:<\/strong><\/p>\n\n\n\n<p><strong>Privil\u00e8ge Juiz de Fora<\/strong><\/p>\n\n\n\n<p><strong>Datas:&nbsp;<\/strong>28 de junho de 2025&nbsp;<\/p>\n\n\n\n<p><strong>Hor\u00e1rios:&nbsp;<\/strong>a partir das 16h<\/p>\n\n\n\n<p><strong>Local:&nbsp;<\/strong>Privil\u00e8ge Juiz de Fora &#8211; Estr. Eng. Gentil Forn, 1000 &#8211; S\u00e3o Pedro, Juiz de Fora &#8211; MG, 36036-220<\/p>\n\n\n\n<p><strong>Line-up:&nbsp;<\/strong>Viot, Unfazed, Watzgood, Tato, Hyke e Kureb<\/p>\n\n\n\n<p><strong>Ingressos:&nbsp;<\/strong>sujeito a disponibilidade de lote via<\/p>\n\n\n\n<p><strong>Informa\u00e7\u00f5es para imprensa<\/strong><\/p>\n\n\n\n<p><strong>Das Musik<\/strong> | @dasmusikbr<\/p>\n\n\n\n<p>Vit\u00f3ria Martins Zane<\/p>\n\n\n\n<p><a href=\"mailto:vitoria@dasmusikbr.com\" target=\"_blank\" rel=\"noreferrer noopener\">vitoria@dasmusikbr.com<\/a>  | (11) 97525-0994<\/p>\n\n\n\n<p>Ana Luiza Van Hoorn<\/p>\n\n\n\n<p><a href=\"mailto:analuiza@dasmusikbr.com\" target=\"_blank\" rel=\"noreferrer noopener\">analuiza@dasmusikbr.com<\/a>  | (11) 96576-9320<\/p>\n","protected":false},"excerpt":{"rendered":"<p>No dia 28 de junho, a partir das 16h, o Privil\u00e8ge Juiz de Fora se transforma em um portal sensorial repleto de m\u00fasica eletr\u00f4nica, performances, experi\u00eancias m\u00edsticas e um line up de tirar o f\u00f4lego Os port\u00f5es do&nbsp;\u00c9DEN&nbsp;se abrem para mais uma viagem sensorial como nenhuma outra no&nbsp;Privil\u00e8ge Juiz de Fora. No dia&nbsp;28 de junho, [&hellip;]<\/p>\n","protected":false},"author":3,"featured_media":4057,"comment_status":"closed","ping_status":"closed","sticky":false,"template":"","format":"standard","meta":{"pagelayer_contact_templates":[],"_pagelayer_content":"","footnotes":""},"categories":[20,157],"tags":[171,174,460,170,168,169,462,279,461,167],"class_list":["post-4056","post","type-post","status-publish","format-standard","has-post-thumbnail","hentry","category-lifestyle","category-news","tag-afro-house","tag-dj","tag-eden","tag-edm","tag-hard-techno","tag-house","tag-juiz-de-fora","tag-musica-eletronica-3","tag-privilege","tag-techno"],"_links":{"self":[{"href":"https:\/\/droptimes.com.br\/site\/wp-json\/wp\/v2\/posts\/4056","targetHints":{"allow":["GET"]}}],"collection":[{"href":"https:\/\/droptimes.com.br\/site\/wp-json\/wp\/v2\/posts"}],"about":[{"href":"https:\/\/droptimes.com.br\/site\/wp-json\/wp\/v2\/types\/post"}],"author":[{"embeddable":true,"href":"https:\/\/droptimes.com.br\/site\/wp-json\/wp\/v2\/users\/3"}],"replies":[{"embeddable":true,"href":"https:\/\/droptimes.com.br\/site\/wp-json\/wp\/v2\/comments?post=4056"}],"version-history":[{"count":1,"href":"https:\/\/droptimes.com.br\/site\/wp-json\/wp\/v2\/posts\/4056\/revisions"}],"predecessor-version":[{"id":4060,"href":"https:\/\/droptimes.com.br\/site\/wp-json\/wp\/v2\/posts\/4056\/revisions\/4060"}],"wp:featuredmedia":[{"embeddable":true,"href":"https:\/\/droptimes.com.br\/site\/wp-json\/wp\/v2\/media\/4057"}],"wp:attachment":[{"href":"https:\/\/droptimes.com.br\/site\/wp-json\/wp\/v2\/media?parent=4056"}],"wp:term":[{"taxonomy":"category","embeddable":true,"href":"https:\/\/droptimes.com.br\/site\/wp-json\/wp\/v2\/categories?post=4056"},{"taxonomy":"post_tag","embeddable":true,"href":"https:\/\/droptimes.com.br\/site\/wp-json\/wp\/v2\/tags?post=4056"}],"curies":[{"name":"wp","href":"https:\/\/api.w.org\/{rel}","templated":true}]}}